{"id":128348,"date":"2025-05-05T11:49:06","date_gmt":"2025-05-05T09:49:06","guid":{"rendered":"https:\/\/www.wcloc.com\/?p=128348"},"modified":"2025-05-05T11:58:12","modified_gmt":"2025-05-05T09:58:12","slug":"nima-rent-wordt-wc-loc","status":"publish","type":"post","link":"https:\/\/www.wcloc.com\/nl-be\/nima-rent-wordt-wc-loc","title":{"rendered":"Mobiele werfsanitair in Belgi\u00eb: Nima Rent wordt WC Loc"},"content":{"rendered":"<p>Sinds 5 mei 2025 maakt de activiteit voor de <strong>verhuur van mobiele werfsanitair<\/strong> van Nima Rent, gevestigd in Ieper, officieel deel uit van <strong>WC Loc<\/strong>. Deze strategische overname stelt WC Loc in staat zijn aanwezigheid in Vlaanderen te versterken en zijn diensten uit te breiden naar het volledige Belgische grondgebied.<\/p>\n<h3>Nima Rent: een erkende lokale speler<\/h3>\n<p>Al jaren is Nima Rent een betrouwbare partner in de regio Ieper, met oplossingen voor <strong>mobiele sanitaire voorzieningen op werven in Belgi\u00eb<\/strong>. Door hun inzet voor servicekwaliteit en klanttevredenheid is Nima Rent uitgegroeid tot een gewaardeerde speler binnen de bouwsector.<\/p>\n<p><img decoding=\"async\" class=\"aligncenter wp-image-128323 size-full\" src=\"https:\/\/www.wcloc.com\/wp-content\/uploads\/2025\/04\/Photo-Nima-X-WC-Loc-Herve\u0301-1.jpg\" alt=\"\" width=\"6000\" height=\"4000\" srcset=\"https:\/\/www.wcloc.com\/wp-content\/uploads\/2025\/04\/Photo-Nima-X-WC-Loc-Herve\u0301-1.jpg 6000w, https:\/\/www.wcloc.com\/wp-content\/uploads\/2025\/04\/Photo-Nima-X-WC-Loc-Herve\u0301-1-300x200.jpg 300w, https:\/\/www.wcloc.com\/wp-content\/uploads\/2025\/04\/Photo-Nima-X-WC-Loc-Herve\u0301-1-1024x683.jpg 1024w, https:\/\/www.wcloc.com\/wp-content\/uploads\/2025\/04\/Photo-Nima-X-WC-Loc-Herve\u0301-1-768x512.jpg 768w, https:\/\/www.wcloc.com\/wp-content\/uploads\/2025\/04\/Photo-Nima-X-WC-Loc-Herve\u0301-1-1536x1024.jpg 1536w, https:\/\/www.wcloc.com\/wp-content\/uploads\/2025\/04\/Photo-Nima-X-WC-Loc-Herve\u0301-1-2048x1365.jpg 2048w\" sizes=\"(max-width: 6000px) 100vw, 6000px\" \/><\/p>\n<h6 class=\"p1\"><em><b>Van links naar rechts: Nicolas Six (verantwoordelijke Nima Rent), Herv\u00e9 Montagne (voorzitter van ENYGEA) en Marc Six (verantwoordelijke en oprichter van Nima Rent).<\/b><\/em><\/h6>\n<h3 data-pm-slice=\"1 1 []\">Een vlotte overgang voor de klanten<\/h3>\n<p>Voor de klanten van Nima Rent verandert er weinig. De bestaande diensten blijven behouden, met dezelfde aandacht voor kwaliteit en reactiviteit. Het enige verschil is dat de <strong>facturen voortaan worden opgemaakt door WC Loc<\/strong>. De huidige installaties blijven ter plaatse, en de vertrouwde contactpersonen blijven bereikbaar.<\/p>\n<h3>WC Loc: nationale expertise en innovatieve oplossingen<\/h3>\n<p><strong>WC Loc is gespecialiseerd in de verhuur van mobiele sanitaire voorzieningen<\/strong> voor werven, evenementen, openbare diensten en noodsituaties, actief in Belgi\u00eb en Luxemburg. Als onderdeel van de internationale groep Enygea beschikt WC Loc over uitgebreide expertise en een breder dienstenaanbod, waaronder autonome toiletcabines, mobiele douches, droogtoiletten, luxemodules en meer.<\/p>\n<h3>\u00c9\u00e9n gezamenlijke ambitie: mobiele hygi\u00ebne voor iedereen<\/h3>\n<p>Deze samenwerking tussen Nima Rent en WC Loc komt voort uit een gemeenschappelijke ambitie: <strong>mobiele hygi\u00ebne toegankelijk maken in heel Belgi\u00eb<\/strong>. Door hun knowhow en middelen te bundelen, willen beide bedrijven duurzame, innovatieve en klantgerichte sanitaire oplossingen aanbieden.<\/p>\n<p>Wilt u meer weten over onze diensten of een offerte aanvragen voor <strong>mobiele werfsanitair in Vlaanderen of elders in Belgi\u00eb<\/strong>? <a href=\"https:\/\/www.wcloc.com\/nl-be\/neem-contact-op\" target=\"_blank\" rel=\"noopener\">Neem contact op<\/a> of <a href=\"https:\/\/www.wcloc.com\/nl-be\/c\/bouwplaatsen\" target=\"_blank\" rel=\"noopener\">ontdek onze werfsanitair door hier te klikken.<\/a><\/p>\n","protected":false},"excerpt":{"rendered":"Sinds 5 mei 2025 maakt de activiteit voor de verhuur van mobiele werfsanitair van Nima Rent, gevestigd in Ieper, officieel deel uit van WC Loc. Deze strategische overname stelt WC Loc in staat zijn aanwezigheid in Vlaanderen te versterken en zijn diensten uit te breiden naar het volledige Belgische grondgebied. Nima Rent: een erkende lokale [&hellip;]","protected":false},"author":64,"featured_media":128029,"comment_status":"closed","ping_status":"closed","sticky":false,"template":"","format":"standard","meta":{"_acf_changed":false,"footnotes":""},"categories":[741],"tags":[],"class_list":["post-128348","post","type-post","status-publish","format-standard","has-post-thumbnail","hentry","category-bedrijfsleven-nl-be"],"acf":[],"yoast_head":"<!-- This site is optimized with the Yoast SEO plugin v27.5 - https:\/\/yoast.com\/product\/yoast-seo-wordpress\/ -->\n<title>Mobiele werfsanitair in Belgi\u00eb: Nima Rent wordt WC Loc - WC Loc<\/title>\n<meta name=\"robots\" content=\"index, follow, max-snippet:-1, max-image-preview:large, max-video-preview:-1\" \/>\n<link rel=\"canonical\" href=\"https:\/\/www.wcloc.com\/nl-be\/nima-rent-wordt-wc-loc\" \/>\n<meta property=\"og:locale\" content=\"nl_BE\" \/>\n<meta property=\"og:type\" content=\"article\" \/>\n<meta property=\"og:title\" content=\"Mobiele werfsanitair in Belgi\u00eb: Nima Rent wordt WC Loc - WC Loc\" \/>\n<meta property=\"og:description\" content=\"Sinds 5 mei 2025 maakt de activiteit voor de verhuur van mobiele werfsanitair van Nima Rent, gevestigd in Ieper, officieel deel uit van WC Loc. Deze strategische overname stelt WC Loc in staat zijn aanwezigheid in Vlaanderen te versterken en zijn diensten uit te breiden naar het volledige Belgische grondgebied. Nima Rent: een erkende lokale [&hellip;]\" \/>\n<meta property=\"og:url\" content=\"https:\/\/www.wcloc.com\/nl-be\/nima-rent-wordt-wc-loc\" \/>\n<meta property=\"og:site_name\" content=\"WC Loc\" \/>\n<meta property=\"article:published_time\" content=\"2025-05-05T09:49:06+00:00\" \/>\n<meta property=\"article:modified_time\" content=\"2025-05-05T09:58:12+00:00\" \/>\n<meta property=\"og:image\" content=\"https:\/\/www.wcloc.com\/wp-content\/uploads\/2025\/04\/Nima-rejoint-WC-Loc.png\" \/>\n\t<meta property=\"og:image:width\" content=\"539\" \/>\n\t<meta property=\"og:image:height\" content=\"495\" \/>\n\t<meta property=\"og:image:type\" content=\"image\/png\" \/>\n<meta name=\"author\" content=\"Celia Rasschaert\" \/>\n<meta name=\"twitter:card\" content=\"summary_large_image\" \/>\n<meta name=\"twitter:label1\" content=\"Geschreven door\" \/>\n\t<meta name=\"twitter:data1\" content=\"Celia Rasschaert\" \/>\n\t<meta name=\"twitter:label2\" content=\"Geschatte leestijd\" \/>\n\t<meta name=\"twitter:data2\" content=\"2 minuten\" \/>\n<script type=\"application\/ld+json\" class=\"yoast-schema-graph\">{\"@context\":\"https:\\\/\\\/schema.org\",\"@graph\":[{\"@type\":\"NewsArticle\",\"@id\":\"https:\\\/\\\/www.wcloc.com\\\/nl-be\\\/nima-rent-wordt-wc-loc#article\",\"isPartOf\":{\"@id\":\"https:\\\/\\\/www.wcloc.com\\\/nl-be\\\/nima-rent-wordt-wc-loc\"},\"author\":{\"name\":\"Celia Rasschaert\",\"@id\":\"https:\\\/\\\/www.wcloc.com\\\/nl-be#\\\/schema\\\/person\\\/03525e2177a7514ff08e9c5f369f5778\"},\"headline\":\"Mobiele werfsanitair in Belgi\u00eb: Nima Rent wordt WC Loc\",\"datePublished\":\"2025-05-05T09:49:06+00:00\",\"dateModified\":\"2025-05-05T09:58:12+00:00\",\"mainEntityOfPage\":{\"@id\":\"https:\\\/\\\/www.wcloc.com\\\/nl-be\\\/nima-rent-wordt-wc-loc\"},\"wordCount\":312,\"publisher\":{\"@id\":\"https:\\\/\\\/www.wcloc.com\\\/nl-be#organization\"},\"image\":{\"@id\":\"https:\\\/\\\/www.wcloc.com\\\/nl-be\\\/nima-rent-wordt-wc-loc#primaryimage\"},\"thumbnailUrl\":\"https:\\\/\\\/www.wcloc.com\\\/wp-content\\\/uploads\\\/2025\\\/04\\\/Nima-rejoint-WC-Loc.png\",\"articleSection\":[\"Bedrijfsleven\"],\"inLanguage\":\"nl-BE\"},{\"@type\":\"WebPage\",\"@id\":\"https:\\\/\\\/www.wcloc.com\\\/nl-be\\\/nima-rent-wordt-wc-loc\",\"url\":\"https:\\\/\\\/www.wcloc.com\\\/nl-be\\\/nima-rent-wordt-wc-loc\",\"name\":\"Mobiele werfsanitair in Belgi\u00eb: Nima Rent wordt WC Loc - WC Loc\",\"isPartOf\":{\"@id\":\"https:\\\/\\\/www.wcloc.com\\\/nl-be#website\"},\"primaryImageOfPage\":{\"@id\":\"https:\\\/\\\/www.wcloc.com\\\/nl-be\\\/nima-rent-wordt-wc-loc#primaryimage\"},\"image\":{\"@id\":\"https:\\\/\\\/www.wcloc.com\\\/nl-be\\\/nima-rent-wordt-wc-loc#primaryimage\"},\"thumbnailUrl\":\"https:\\\/\\\/www.wcloc.com\\\/wp-content\\\/uploads\\\/2025\\\/04\\\/Nima-rejoint-WC-Loc.png\",\"datePublished\":\"2025-05-05T09:49:06+00:00\",\"dateModified\":\"2025-05-05T09:58:12+00:00\",\"breadcrumb\":{\"@id\":\"https:\\\/\\\/www.wcloc.com\\\/nl-be\\\/nima-rent-wordt-wc-loc#breadcrumb\"},\"inLanguage\":\"nl-BE\",\"potentialAction\":[{\"@type\":\"ReadAction\",\"target\":[\"https:\\\/\\\/www.wcloc.com\\\/nl-be\\\/nima-rent-wordt-wc-loc\"]}]},{\"@type\":\"ImageObject\",\"inLanguage\":\"nl-BE\",\"@id\":\"https:\\\/\\\/www.wcloc.com\\\/nl-be\\\/nima-rent-wordt-wc-loc#primaryimage\",\"url\":\"https:\\\/\\\/www.wcloc.com\\\/wp-content\\\/uploads\\\/2025\\\/04\\\/Nima-rejoint-WC-Loc.png\",\"contentUrl\":\"https:\\\/\\\/www.wcloc.com\\\/wp-content\\\/uploads\\\/2025\\\/04\\\/Nima-rejoint-WC-Loc.png\",\"width\":539,\"height\":495},{\"@type\":\"BreadcrumbList\",\"@id\":\"https:\\\/\\\/www.wcloc.com\\\/nl-be\\\/nima-rent-wordt-wc-loc#breadcrumb\",\"itemListElement\":[{\"@type\":\"ListItem\",\"position\":1,\"name\":\"Bedrijfsleven\",\"item\":\"https:\\\/\\\/www.wcloc.com\\\/nl-be\\\/category\\\/bedrijfsleven-nl-be\"},{\"@type\":\"ListItem\",\"position\":2,\"name\":\"Mobiele werfsanitair in Belgi\u00eb: Nima Rent wordt WC Loc\"}]},{\"@type\":\"WebSite\",\"@id\":\"https:\\\/\\\/www.wcloc.com\\\/nl-be#website\",\"url\":\"https:\\\/\\\/www.wcloc.com\\\/nl-be\",\"name\":\"WC Loc\",\"description\":\"Un site utilisant Les sites de platform.enygea.fr\",\"publisher\":{\"@id\":\"https:\\\/\\\/www.wcloc.com\\\/nl-be#organization\"},\"potentialAction\":[{\"@type\":\"SearchAction\",\"target\":{\"@type\":\"EntryPoint\",\"urlTemplate\":\"https:\\\/\\\/www.wcloc.com\\\/nl-be?s={search_term_string}\"},\"query-input\":{\"@type\":\"PropertyValueSpecification\",\"valueRequired\":true,\"valueName\":\"search_term_string\"}}],\"inLanguage\":\"nl-BE\"},{\"@type\":\"Organization\",\"@id\":\"https:\\\/\\\/www.wcloc.com\\\/nl-be#organization\",\"name\":\"WC Loc\",\"url\":\"https:\\\/\\\/www.wcloc.com\\\/nl-be\",\"logo\":{\"@type\":\"ImageObject\",\"inLanguage\":\"nl-BE\",\"@id\":\"https:\\\/\\\/www.wcloc.com\\\/nl-be#\\\/schema\\\/logo\\\/image\\\/\",\"url\":\"https:\\\/\\\/www.wcloc.com\\\/wp-content\\\/uploads\\\/2023\\\/04\\\/logo.png\",\"contentUrl\":\"https:\\\/\\\/www.wcloc.com\\\/wp-content\\\/uploads\\\/2023\\\/04\\\/logo.png\",\"width\":291,\"height\":71,\"caption\":\"WC Loc\"},\"image\":{\"@id\":\"https:\\\/\\\/www.wcloc.com\\\/nl-be#\\\/schema\\\/logo\\\/image\\\/\"}},{\"@type\":\"Person\",\"@id\":\"https:\\\/\\\/www.wcloc.com\\\/nl-be#\\\/schema\\\/person\\\/03525e2177a7514ff08e9c5f369f5778\",\"name\":\"Celia Rasschaert\",\"image\":{\"@type\":\"ImageObject\",\"inLanguage\":\"nl-BE\",\"@id\":\"https:\\\/\\\/secure.gravatar.com\\\/avatar\\\/66a7c58b98a435520478715eedaf9a44741b3c81fe2d6e82941cf70dad467e80?s=96&d=mm&r=g\",\"url\":\"https:\\\/\\\/secure.gravatar.com\\\/avatar\\\/66a7c58b98a435520478715eedaf9a44741b3c81fe2d6e82941cf70dad467e80?s=96&d=mm&r=g\",\"contentUrl\":\"https:\\\/\\\/secure.gravatar.com\\\/avatar\\\/66a7c58b98a435520478715eedaf9a44741b3c81fe2d6e82941cf70dad467e80?s=96&d=mm&r=g\",\"caption\":\"Celia Rasschaert\"}}]}<\/script>\n<!-- \/ Yoast SEO plugin. -->","yoast_head_json":{"title":"Mobiele werfsanitair in Belgi\u00eb: Nima Rent wordt WC Loc - WC Loc","robots":{"index":"index","follow":"follow","max-snippet":"max-snippet:-1","max-image-preview":"max-image-preview:large","max-video-preview":"max-video-preview:-1"},"canonical":"https:\/\/www.wcloc.com\/nl-be\/nima-rent-wordt-wc-loc","og_locale":"nl_BE","og_type":"article","og_title":"Mobiele werfsanitair in Belgi\u00eb: Nima Rent wordt WC Loc - WC Loc","og_description":"Sinds 5 mei 2025 maakt de activiteit voor de verhuur van mobiele werfsanitair van Nima Rent, gevestigd in Ieper, officieel deel uit van WC Loc. Deze strategische overname stelt WC Loc in staat zijn aanwezigheid in Vlaanderen te versterken en zijn diensten uit te breiden naar het volledige Belgische grondgebied. Nima Rent: een erkende lokale [&hellip;]","og_url":"https:\/\/www.wcloc.com\/nl-be\/nima-rent-wordt-wc-loc","og_site_name":"WC Loc","article_published_time":"2025-05-05T09:49:06+00:00","article_modified_time":"2025-05-05T09:58:12+00:00","og_image":[{"width":539,"height":495,"url":"https:\/\/www.wcloc.com\/wp-content\/uploads\/2025\/04\/Nima-rejoint-WC-Loc.png","type":"image\/png"}],"author":"Celia Rasschaert","twitter_card":"summary_large_image","twitter_misc":{"Geschreven door":"Celia Rasschaert","Geschatte leestijd":"2 minuten"},"schema":{"@context":"https:\/\/schema.org","@graph":[{"@type":"NewsArticle","@id":"https:\/\/www.wcloc.com\/nl-be\/nima-rent-wordt-wc-loc#article","isPartOf":{"@id":"https:\/\/www.wcloc.com\/nl-be\/nima-rent-wordt-wc-loc"},"author":{"name":"Celia Rasschaert","@id":"https:\/\/www.wcloc.com\/nl-be#\/schema\/person\/03525e2177a7514ff08e9c5f369f5778"},"headline":"Mobiele werfsanitair in Belgi\u00eb: Nima Rent wordt WC Loc","datePublished":"2025-05-05T09:49:06+00:00","dateModified":"2025-05-05T09:58:12+00:00","mainEntityOfPage":{"@id":"https:\/\/www.wcloc.com\/nl-be\/nima-rent-wordt-wc-loc"},"wordCount":312,"publisher":{"@id":"https:\/\/www.wcloc.com\/nl-be#organization"},"image":{"@id":"https:\/\/www.wcloc.com\/nl-be\/nima-rent-wordt-wc-loc#primaryimage"},"thumbnailUrl":"https:\/\/www.wcloc.com\/wp-content\/uploads\/2025\/04\/Nima-rejoint-WC-Loc.png","articleSection":["Bedrijfsleven"],"inLanguage":"nl-BE"},{"@type":"WebPage","@id":"https:\/\/www.wcloc.com\/nl-be\/nima-rent-wordt-wc-loc","url":"https:\/\/www.wcloc.com\/nl-be\/nima-rent-wordt-wc-loc","name":"Mobiele werfsanitair in Belgi\u00eb: Nima Rent wordt WC Loc - WC Loc","isPartOf":{"@id":"https:\/\/www.wcloc.com\/nl-be#website"},"primaryImageOfPage":{"@id":"https:\/\/www.wcloc.com\/nl-be\/nima-rent-wordt-wc-loc#primaryimage"},"image":{"@id":"https:\/\/www.wcloc.com\/nl-be\/nima-rent-wordt-wc-loc#primaryimage"},"thumbnailUrl":"https:\/\/www.wcloc.com\/wp-content\/uploads\/2025\/04\/Nima-rejoint-WC-Loc.png","datePublished":"2025-05-05T09:49:06+00:00","dateModified":"2025-05-05T09:58:12+00:00","breadcrumb":{"@id":"https:\/\/www.wcloc.com\/nl-be\/nima-rent-wordt-wc-loc#breadcrumb"},"inLanguage":"nl-BE","potentialAction":[{"@type":"ReadAction","target":["https:\/\/www.wcloc.com\/nl-be\/nima-rent-wordt-wc-loc"]}]},{"@type":"ImageObject","inLanguage":"nl-BE","@id":"https:\/\/www.wcloc.com\/nl-be\/nima-rent-wordt-wc-loc#primaryimage","url":"https:\/\/www.wcloc.com\/wp-content\/uploads\/2025\/04\/Nima-rejoint-WC-Loc.png","contentUrl":"https:\/\/www.wcloc.com\/wp-content\/uploads\/2025\/04\/Nima-rejoint-WC-Loc.png","width":539,"height":495},{"@type":"BreadcrumbList","@id":"https:\/\/www.wcloc.com\/nl-be\/nima-rent-wordt-wc-loc#breadcrumb","itemListElement":[{"@type":"ListItem","position":1,"name":"Bedrijfsleven","item":"https:\/\/www.wcloc.com\/nl-be\/category\/bedrijfsleven-nl-be"},{"@type":"ListItem","position":2,"name":"Mobiele werfsanitair in Belgi\u00eb: Nima Rent wordt WC Loc"}]},{"@type":"WebSite","@id":"https:\/\/www.wcloc.com\/nl-be#website","url":"https:\/\/www.wcloc.com\/nl-be","name":"WC Loc","description":"Un site utilisant Les sites de platform.enygea.fr","publisher":{"@id":"https:\/\/www.wcloc.com\/nl-be#organization"},"potentialAction":[{"@type":"SearchAction","target":{"@type":"EntryPoint","urlTemplate":"https:\/\/www.wcloc.com\/nl-be?s={search_term_string}"},"query-input":{"@type":"PropertyValueSpecification","valueRequired":true,"valueName":"search_term_string"}}],"inLanguage":"nl-BE"},{"@type":"Organization","@id":"https:\/\/www.wcloc.com\/nl-be#organization","name":"WC Loc","url":"https:\/\/www.wcloc.com\/nl-be","logo":{"@type":"ImageObject","inLanguage":"nl-BE","@id":"https:\/\/www.wcloc.com\/nl-be#\/schema\/logo\/image\/","url":"https:\/\/www.wcloc.com\/wp-content\/uploads\/2023\/04\/logo.png","contentUrl":"https:\/\/www.wcloc.com\/wp-content\/uploads\/2023\/04\/logo.png","width":291,"height":71,"caption":"WC Loc"},"image":{"@id":"https:\/\/www.wcloc.com\/nl-be#\/schema\/logo\/image\/"}},{"@type":"Person","@id":"https:\/\/www.wcloc.com\/nl-be#\/schema\/person\/03525e2177a7514ff08e9c5f369f5778","name":"Celia Rasschaert","image":{"@type":"ImageObject","inLanguage":"nl-BE","@id":"https:\/\/secure.gravatar.com\/avatar\/66a7c58b98a435520478715eedaf9a44741b3c81fe2d6e82941cf70dad467e80?s=96&d=mm&r=g","url":"https:\/\/secure.gravatar.com\/avatar\/66a7c58b98a435520478715eedaf9a44741b3c81fe2d6e82941cf70dad467e80?s=96&d=mm&r=g","contentUrl":"https:\/\/secure.gravatar.com\/avatar\/66a7c58b98a435520478715eedaf9a44741b3c81fe2d6e82941cf70dad467e80?s=96&d=mm&r=g","caption":"Celia Rasschaert"}}]}},"_links":{"self":[{"href":"https:\/\/www.wcloc.com\/nl-be\/wp-json\/wp\/v2\/posts\/128348","targetHints":{"allow":["GET"]}}],"collection":[{"href":"https:\/\/www.wcloc.com\/nl-be\/wp-json\/wp\/v2\/posts"}],"about":[{"href":"https:\/\/www.wcloc.com\/nl-be\/wp-json\/wp\/v2\/types\/post"}],"author":[{"embeddable":true,"href":"https:\/\/www.wcloc.com\/nl-be\/wp-json\/wp\/v2\/users\/64"}],"replies":[{"embeddable":true,"href":"https:\/\/www.wcloc.com\/nl-be\/wp-json\/wp\/v2\/comments?post=128348"}],"version-history":[{"count":3,"href":"https:\/\/www.wcloc.com\/nl-be\/wp-json\/wp\/v2\/posts\/128348\/revisions"}],"predecessor-version":[{"id":128354,"href":"https:\/\/www.wcloc.com\/nl-be\/wp-json\/wp\/v2\/posts\/128348\/revisions\/128354"}],"wp:featuredmedia":[{"embeddable":true,"href":"https:\/\/www.wcloc.com\/nl-be\/wp-json\/wp\/v2\/media\/128029"}],"wp:attachment":[{"href":"https:\/\/www.wcloc.com\/nl-be\/wp-json\/wp\/v2\/media?parent=128348"}],"wp:term":[{"taxonomy":"category","embeddable":true,"href":"https:\/\/www.wcloc.com\/nl-be\/wp-json\/wp\/v2\/categories?post=128348"},{"taxonomy":"post_tag","embeddable":true,"href":"https:\/\/www.wcloc.com\/nl-be\/wp-json\/wp\/v2\/tags?post=128348"}],"curies":[{"name":"wp","href":"https:\/\/api.w.org\/{rel}","templated":true}]}}