{"id":74699,"date":"2019-07-02T15:35:10","date_gmt":"2019-07-02T13:35:10","guid":{"rendered":"https:\/\/www.wcloc.com\/interview-faustine-schoutteten-responsable-environnement"},"modified":"2024-11-25T16:52:52","modified_gmt":"2024-11-25T15:52:52","slug":"itw-de-faustine","status":"publish","type":"post","link":"https:\/\/www.wcloc.com\/it\/itw-de-faustine","title":{"rendered":"Intervista Faustine SCHOUTTETEN Responsabile ambientale"},"content":{"rendered":"<p><em><strong>Ciao Faustine, raccontaci qualcosa del tuo background?<br \/>\n<\/strong><\/em>Ciao, ho 28 anni quindi un corso abbastanza breve \ud83d\ude09 Ho studiato giurisprudenza e scienze politiche a Lille. Mi interessava giurisprudenza ma non volevo superare gli esami di avvocato. Ho scoperto il diritto urbanistico durante i miei stage in uno studio notarile e, fortemente interessata all&#8217;ambiente, ho conseguito un master in urbanistica con specializzazione in sviluppo sostenibile. Sono stata consulente HSE in V\u00e9olia prima di arrivare in Enygea.<\/p>\n<p><em><strong>Precisamente, come sei arrivato a Enygea?<br \/>\n<\/strong><\/em>Ho incontrato Herv\u00e9 Montagne nell&#8217;aprile 2016 perch\u00e9 voleva sapere come incorporare i servizi igienici a secco.<br \/>\nA seguito di questo incontro, ha detto che forse c&#8217;era una posizione da creare per l&#8217;implementazione di questo nuovo prodotto, ma soprattutto per la gestione dei rifiuti e la formalizzazione di accordi con leimpianti di depurazione, un grande tema per WC Loc.<br \/>\nCos\u00ec ho iniziato con un Contratto a Tempo Determinato che \u00e8 proseguito su un Contratto a Tempo Indeterminato, con l&#8217;obiettivo di ottenre le certificazioni ISO 9001 e ISO 14001.<\/p>\n<p><em><strong>Non \u00e8 comune che una PMI abbia una posizione dedicata all&#8217;ambiente?<br \/>\n<\/strong><\/em>Herv\u00e9 Montagne \u00e8 stato davvero un pioniere in materia. Il trattamento dei rifiuti \u00e8 un tema importante per WC Loc, sia per gli aspetti ambientali che economici: solo per la nostra agenzia Ile de France, questo trattamento costa 90.000 \u20ac all&#8217;anno!<br \/>\nGestiamo una grande quantit\u00e0 di rifiuti, poich\u00e9 svuotiamo i bagni una volta alla settimana in tutti i nostri siti e abbiamo la volont\u00e0 di fare le cose bene anche se costa.<br \/>\nI clienti ci hanno spinto anche nel campo dell&#8217;ambiente con il mercato delle toilette a secco.<\/p>\n<p>Eppure quando la gente parla del suo lavoro, continua a parlare di bagni chimici.<br \/>\nAll&#8217;epoca si parlava di wc chimici perch\u00e9 nel concentrato sanitario si usava la glutaraldeide al posto dell&#8217;attuale prodotto blu e quest&#8217;ultimo era chimico&#8230; Ma \u00e8 scomparso pi\u00f9 di 10 anni fa!<br \/>\nLo standard NFEN16194 ci impone di avere un concentrato sanitario attivo per almeno 7 giorni: questo prodotto deve mantenere un colore blu costante (\u00e8 una colorazione naturale) e neutralizzare gli odori durante questo periodo. \u00c8 composto da alcool sintetico, blu di metilene e un profumo sintetico, che \u00e8 biodegradabile. La sua ecotossicit\u00e0 \u00e8 del tutto trascurabile.<br \/>\nAncora di pi\u00f9 quando \u00e8 diluito: per una toilette da lavoro in una settimana, ne usiamo una dose diluita in 19 litri d&#8217;acqua.<br \/>\nAllo stesso modo, i nostri servizi igienici utilizzano solo 19 litri di acqua per 500 scarichi, rispetto ai 9 litri per scarico di un individuo. Quindi non c&#8217;\u00e8 niente di chimico nei nostri bagni!<\/p>\n<p><em><strong>Come siete stati accolti dai vari dipartimenti e agenzie?<\/strong><\/em><br \/>\nAll&#8217;inizio, l&#8217;ambiente non era una priorit\u00e0, poich\u00e9 i team erano impegnati con le emergenze operative.<br \/>\nMa la sfida della certificazione e i risparmi ottenuti ottimizzando il trattamento dei rifiuti mi hanno rapidamente dato legittimit\u00e0. I nostri team sono molto attenti ai loro clienti: i nostri rappresentanti di vendita erano in prima linea quando \u00e8 emersa la domanda di soluzioni per il lavaggio a secco.<br \/>\nAdesso i rapporti sono molto buoni, i direttori delle filiali mi chiamano per consigli, ho un ruolo di supporto molto importante.<br \/>\nLa consapevolezza ambientale \u00e8 ormai ben radicata in tutta l&#8217;azienda.<\/p>\n<p><em><strong>Quali sono i tuoi piani per portare il processo ancora oltre? Qual \u00e8 il prossimo passo di Enygea?<\/strong><\/em><br \/>\nIl prossimo grande passo sar\u00e0 passare dal trattamento dei rifiuti al ciclo di recupero. Ma per il momento c&#8217;\u00e8 un blocco culturale sulla questione: abbiamo lanciato il recupero dello sterco di vacca, ma gli escrementi umani sono ancora un tab\u00f9!<br \/>\nL&#8217;urina \u00e8 un ottimo fertilizzante che sostituisce i fertilizzanti chimici. Il SIAP (Syndicat Interd\u00e9partemental pour l&#8217;assainissement de l&#8217;agglom\u00e9ration parisienne) sta preparando una tesi sull&#8217;argomento, ma non siamo ancora nella fase di autorizzazione legale.<br \/>\nTuttavia, lo anticipiamo. Il recupero di ci\u00f2 che per noi \u00e8 rifiuto dovrebbe arrivare presto, per questo abbiamo lavorato a un modulo per separare urina e feci. In ogni caso, non appena avremo il via libera, ci lanceremo!<\/p>\n<p>Vogliamo anche essere pi\u00f9 indipendenti nel trattamento dei rifiuti: creeremo una nostra stazione di compostaggio per i rifiuti delle toilette a secco nel centro di Verberie, nella regione dell&#8217;Oise.<\/p>\n<p>Allo stesso tempo, stiamo testando anche un prodotto blu ecosostenibile: il blu classico \u00e8 gi\u00e0 ecosostenibile, ma vogliamo andare oltre. Ovviamente il costo sar\u00e0 pi\u00f9 alto, ma se l&#8217;attuale test di 4 agenzie sar\u00e0 conclusivo, normalizzeremo l&#8217;uso di questo prodotto.<\/p>\n<p>Dobbiamo inoltre mantenere la nostra certificazione 14001 e incorporare il nostro intero ecosistema: subappaltatori, fornitori e altre societ\u00e0 del gruppo Enygea.<\/p>\n<p>Abbiamo anche un approccio globale alla RSI. In primo luogo, prendendoci cura del benessere dei nostri dipendenti: ad esempio, i nostri servizi di supporto si sono appena trasferiti in una sede HQE a Englos.<br \/>\nMa anche in modo pi\u00f9 globale lavorando per la salute nel mondo: siamo membri del Global Compact da marzo 2018, un&#8217;iniziativa delle Nazioni Unite lanciata nel 2000 per incoraggiare le aziende di tutto il mondo ad adottare un atteggiamento socialmente responsabile. Integrare e promuovere vari principi relativi ai diritti umani, alle norme internazionali del lavoro, all&#8217;ambiente e alla lotta alla corruzione.<\/p>\n","protected":false},"excerpt":{"rendered":"Ciao Faustine, raccontaci qualcosa del tuo background? Ciao, ho 28 anni quindi un corso abbastanza breve \ud83d\ude09 Ho studiato giurisprudenza e scienze politiche a Lille. Mi interessava giurisprudenza ma non volevo superare gli esami di avvocato. Ho scoperto il diritto urbanistico durante i miei stage in uno studio notarile e, fortemente interessata all&#8217;ambiente, ho conseguito [&hellip;]","protected":false},"author":1,"featured_media":118886,"comment_status":"closed","ping_status":"closed","sticky":false,"template":"","format":"standard","meta":{"_acf_changed":false,"footnotes":""},"categories":[537],"tags":[],"class_list":["post-74699","post","type-post","status-publish","format-standard","has-post-thumbnail","hentry","category-sostenibilita"],"acf":[],"yoast_head":"<!-- This site is optimized with the Yoast SEO plugin v27.5 - https:\/\/yoast.com\/product\/yoast-seo-wordpress\/ -->\n<title>Intervista al Responsabile ambientale- WC Loc<\/title>\n<meta name=\"description\" content=\"Leggi l&#039;intervista a Faustine SCHOUTTENTEN, Environment Manager di WC Loc che ci racconta il suo lavoro e il suo ruolo all&#039;interno del Gruppo.\" \/>\n<meta name=\"robots\" content=\"index, follow, max-snippet:-1, max-image-preview:large, max-video-preview:-1\" \/>\n<link rel=\"canonical\" href=\"https:\/\/www.wcloc.com\/it\/itw-de-faustine\" \/>\n<meta property=\"og:locale\" content=\"it_IT\" \/>\n<meta property=\"og:type\" content=\"article\" \/>\n<meta property=\"og:title\" content=\"Intervista al Responsabile ambientale- WC Loc\" \/>\n<meta property=\"og:description\" content=\"Leggi l&#039;intervista a Faustine SCHOUTTENTEN, Environment Manager di WC Loc che ci racconta il suo lavoro e il suo ruolo all&#039;interno del Gruppo.\" \/>\n<meta property=\"og:url\" content=\"https:\/\/www.wcloc.com\/it\/itw-de-faustine\" \/>\n<meta property=\"og:site_name\" content=\"WC Loc\" \/>\n<meta property=\"article:published_time\" content=\"2019-07-02T13:35:10+00:00\" \/>\n<meta property=\"article:modified_time\" content=\"2024-11-25T15:52:52+00:00\" \/>\n<meta property=\"og:image\" content=\"https:\/\/www.wcloc.com\/wp-content\/uploads\/2024\/09\/Intervista-Faustine-SCHOUTTETEN-Responsabile-ambientale.png\" \/>\n\t<meta property=\"og:image:width\" content=\"1080\" \/>\n\t<meta property=\"og:image:height\" content=\"1080\" \/>\n\t<meta property=\"og:image:type\" content=\"image\/png\" \/>\n<meta name=\"author\" content=\"goinformatique\" \/>\n<meta name=\"twitter:card\" content=\"summary_large_image\" \/>\n<meta name=\"twitter:label1\" content=\"Scritto da\" \/>\n\t<meta name=\"twitter:data1\" content=\"goinformatique\" \/>\n\t<meta name=\"twitter:label2\" content=\"Tempo di lettura stimato\" \/>\n\t<meta name=\"twitter:data2\" content=\"4 minuti\" \/>\n<script type=\"application\/ld+json\" class=\"yoast-schema-graph\">{\"@context\":\"https:\\\/\\\/schema.org\",\"@graph\":[{\"@type\":\"NewsArticle\",\"@id\":\"https:\\\/\\\/www.wcloc.com\\\/it\\\/itw-de-faustine#article\",\"isPartOf\":{\"@id\":\"https:\\\/\\\/www.wcloc.com\\\/it\\\/itw-de-faustine\"},\"author\":{\"name\":\"goinformatique\",\"@id\":\"https:\\\/\\\/www.wcloc.com\\\/it#\\\/schema\\\/person\\\/76303f3abf91d8797678d3ed60def5ba\"},\"headline\":\"Intervista Faustine SCHOUTTETEN Responsabile ambientale\",\"datePublished\":\"2019-07-02T13:35:10+00:00\",\"dateModified\":\"2024-11-25T15:52:52+00:00\",\"mainEntityOfPage\":{\"@id\":\"https:\\\/\\\/www.wcloc.com\\\/it\\\/itw-de-faustine\"},\"wordCount\":842,\"publisher\":{\"@id\":\"https:\\\/\\\/www.wcloc.com\\\/it#organization\"},\"image\":{\"@id\":\"https:\\\/\\\/www.wcloc.com\\\/it\\\/itw-de-faustine#primaryimage\"},\"thumbnailUrl\":\"https:\\\/\\\/www.wcloc.com\\\/wp-content\\\/uploads\\\/2024\\\/09\\\/Intervista-Faustine-SCHOUTTETEN-Responsabile-ambientale.png\",\"articleSection\":[\"Sostenibilit\u00e0\"],\"inLanguage\":\"it-IT\"},{\"@type\":\"WebPage\",\"@id\":\"https:\\\/\\\/www.wcloc.com\\\/it\\\/itw-de-faustine\",\"url\":\"https:\\\/\\\/www.wcloc.com\\\/it\\\/itw-de-faustine\",\"name\":\"Intervista al Responsabile ambientale- WC Loc\",\"isPartOf\":{\"@id\":\"https:\\\/\\\/www.wcloc.com\\\/it#website\"},\"primaryImageOfPage\":{\"@id\":\"https:\\\/\\\/www.wcloc.com\\\/it\\\/itw-de-faustine#primaryimage\"},\"image\":{\"@id\":\"https:\\\/\\\/www.wcloc.com\\\/it\\\/itw-de-faustine#primaryimage\"},\"thumbnailUrl\":\"https:\\\/\\\/www.wcloc.com\\\/wp-content\\\/uploads\\\/2024\\\/09\\\/Intervista-Faustine-SCHOUTTETEN-Responsabile-ambientale.png\",\"datePublished\":\"2019-07-02T13:35:10+00:00\",\"dateModified\":\"2024-11-25T15:52:52+00:00\",\"description\":\"Leggi l'intervista a Faustine SCHOUTTENTEN, Environment Manager di WC Loc che ci racconta il suo lavoro e il suo ruolo all'interno del Gruppo.\",\"inLanguage\":\"it-IT\",\"potentialAction\":[{\"@type\":\"ReadAction\",\"target\":[\"https:\\\/\\\/www.wcloc.com\\\/it\\\/itw-de-faustine\"]}]},{\"@type\":\"ImageObject\",\"inLanguage\":\"it-IT\",\"@id\":\"https:\\\/\\\/www.wcloc.com\\\/it\\\/itw-de-faustine#primaryimage\",\"url\":\"https:\\\/\\\/www.wcloc.com\\\/wp-content\\\/uploads\\\/2024\\\/09\\\/Intervista-Faustine-SCHOUTTETEN-Responsabile-ambientale.png\",\"contentUrl\":\"https:\\\/\\\/www.wcloc.com\\\/wp-content\\\/uploads\\\/2024\\\/09\\\/Intervista-Faustine-SCHOUTTETEN-Responsabile-ambientale.png\",\"width\":1080,\"height\":1080},{\"@type\":\"WebSite\",\"@id\":\"https:\\\/\\\/www.wcloc.com\\\/it#website\",\"url\":\"https:\\\/\\\/www.wcloc.com\\\/it\",\"name\":\"WC Loc\",\"description\":\"Un site utilisant Les sites de platform.enygea.fr\",\"publisher\":{\"@id\":\"https:\\\/\\\/www.wcloc.com\\\/it#organization\"},\"potentialAction\":[{\"@type\":\"SearchAction\",\"target\":{\"@type\":\"EntryPoint\",\"urlTemplate\":\"https:\\\/\\\/www.wcloc.com\\\/it?s={search_term_string}\"},\"query-input\":{\"@type\":\"PropertyValueSpecification\",\"valueRequired\":true,\"valueName\":\"search_term_string\"}}],\"inLanguage\":\"it-IT\"},{\"@type\":\"Organization\",\"@id\":\"https:\\\/\\\/www.wcloc.com\\\/it#organization\",\"name\":\"WC Loc\",\"url\":\"https:\\\/\\\/www.wcloc.com\\\/it\",\"logo\":{\"@type\":\"ImageObject\",\"inLanguage\":\"it-IT\",\"@id\":\"https:\\\/\\\/www.wcloc.com\\\/it#\\\/schema\\\/logo\\\/image\\\/\",\"url\":\"https:\\\/\\\/www.wcloc.com\\\/wp-content\\\/uploads\\\/2023\\\/04\\\/logo.png\",\"contentUrl\":\"https:\\\/\\\/www.wcloc.com\\\/wp-content\\\/uploads\\\/2023\\\/04\\\/logo.png\",\"width\":291,\"height\":71,\"caption\":\"WC Loc\"},\"image\":{\"@id\":\"https:\\\/\\\/www.wcloc.com\\\/it#\\\/schema\\\/logo\\\/image\\\/\"}},{\"@type\":\"Person\",\"@id\":\"https:\\\/\\\/www.wcloc.com\\\/it#\\\/schema\\\/person\\\/76303f3abf91d8797678d3ed60def5ba\",\"name\":\"goinformatique\",\"image\":{\"@type\":\"ImageObject\",\"inLanguage\":\"it-IT\",\"@id\":\"https:\\\/\\\/secure.gravatar.com\\\/avatar\\\/dbfaea8eb1273997db929cffcd4bb276c54347978aae2db417917c6d8a569dac?s=96&d=mm&r=g\",\"url\":\"https:\\\/\\\/secure.gravatar.com\\\/avatar\\\/dbfaea8eb1273997db929cffcd4bb276c54347978aae2db417917c6d8a569dac?s=96&d=mm&r=g\",\"contentUrl\":\"https:\\\/\\\/secure.gravatar.com\\\/avatar\\\/dbfaea8eb1273997db929cffcd4bb276c54347978aae2db417917c6d8a569dac?s=96&d=mm&r=g\",\"caption\":\"goinformatique\"}}]}<\/script>\n<!-- \/ Yoast SEO plugin. -->","yoast_head_json":{"title":"Intervista al Responsabile ambientale- WC Loc","description":"Leggi l'intervista a Faustine SCHOUTTENTEN, Environment Manager di WC Loc che ci racconta il suo lavoro e il suo ruolo all'interno del Gruppo.","robots":{"index":"index","follow":"follow","max-snippet":"max-snippet:-1","max-image-preview":"max-image-preview:large","max-video-preview":"max-video-preview:-1"},"canonical":"https:\/\/www.wcloc.com\/it\/itw-de-faustine","og_locale":"it_IT","og_type":"article","og_title":"Intervista al Responsabile ambientale- WC Loc","og_description":"Leggi l'intervista a Faustine SCHOUTTENTEN, Environment Manager di WC Loc che ci racconta il suo lavoro e il suo ruolo all'interno del Gruppo.","og_url":"https:\/\/www.wcloc.com\/it\/itw-de-faustine","og_site_name":"WC Loc","article_published_time":"2019-07-02T13:35:10+00:00","article_modified_time":"2024-11-25T15:52:52+00:00","og_image":[{"width":1080,"height":1080,"url":"https:\/\/www.wcloc.com\/wp-content\/uploads\/2024\/09\/Intervista-Faustine-SCHOUTTETEN-Responsabile-ambientale.png","type":"image\/png"}],"author":"goinformatique","twitter_card":"summary_large_image","twitter_misc":{"Scritto da":"goinformatique","Tempo di lettura stimato":"4 minuti"},"schema":{"@context":"https:\/\/schema.org","@graph":[{"@type":"NewsArticle","@id":"https:\/\/www.wcloc.com\/it\/itw-de-faustine#article","isPartOf":{"@id":"https:\/\/www.wcloc.com\/it\/itw-de-faustine"},"author":{"name":"goinformatique","@id":"https:\/\/www.wcloc.com\/it#\/schema\/person\/76303f3abf91d8797678d3ed60def5ba"},"headline":"Intervista Faustine SCHOUTTETEN Responsabile ambientale","datePublished":"2019-07-02T13:35:10+00:00","dateModified":"2024-11-25T15:52:52+00:00","mainEntityOfPage":{"@id":"https:\/\/www.wcloc.com\/it\/itw-de-faustine"},"wordCount":842,"publisher":{"@id":"https:\/\/www.wcloc.com\/it#organization"},"image":{"@id":"https:\/\/www.wcloc.com\/it\/itw-de-faustine#primaryimage"},"thumbnailUrl":"https:\/\/www.wcloc.com\/wp-content\/uploads\/2024\/09\/Intervista-Faustine-SCHOUTTETEN-Responsabile-ambientale.png","articleSection":["Sostenibilit\u00e0"],"inLanguage":"it-IT"},{"@type":"WebPage","@id":"https:\/\/www.wcloc.com\/it\/itw-de-faustine","url":"https:\/\/www.wcloc.com\/it\/itw-de-faustine","name":"Intervista al Responsabile ambientale- WC Loc","isPartOf":{"@id":"https:\/\/www.wcloc.com\/it#website"},"primaryImageOfPage":{"@id":"https:\/\/www.wcloc.com\/it\/itw-de-faustine#primaryimage"},"image":{"@id":"https:\/\/www.wcloc.com\/it\/itw-de-faustine#primaryimage"},"thumbnailUrl":"https:\/\/www.wcloc.com\/wp-content\/uploads\/2024\/09\/Intervista-Faustine-SCHOUTTETEN-Responsabile-ambientale.png","datePublished":"2019-07-02T13:35:10+00:00","dateModified":"2024-11-25T15:52:52+00:00","description":"Leggi l'intervista a Faustine SCHOUTTENTEN, Environment Manager di WC Loc che ci racconta il suo lavoro e il suo ruolo all'interno del Gruppo.","inLanguage":"it-IT","potentialAction":[{"@type":"ReadAction","target":["https:\/\/www.wcloc.com\/it\/itw-de-faustine"]}]},{"@type":"ImageObject","inLanguage":"it-IT","@id":"https:\/\/www.wcloc.com\/it\/itw-de-faustine#primaryimage","url":"https:\/\/www.wcloc.com\/wp-content\/uploads\/2024\/09\/Intervista-Faustine-SCHOUTTETEN-Responsabile-ambientale.png","contentUrl":"https:\/\/www.wcloc.com\/wp-content\/uploads\/2024\/09\/Intervista-Faustine-SCHOUTTETEN-Responsabile-ambientale.png","width":1080,"height":1080},{"@type":"WebSite","@id":"https:\/\/www.wcloc.com\/it#website","url":"https:\/\/www.wcloc.com\/it","name":"WC Loc","description":"Un site utilisant Les sites de platform.enygea.fr","publisher":{"@id":"https:\/\/www.wcloc.com\/it#organization"},"potentialAction":[{"@type":"SearchAction","target":{"@type":"EntryPoint","urlTemplate":"https:\/\/www.wcloc.com\/it?s={search_term_string}"},"query-input":{"@type":"PropertyValueSpecification","valueRequired":true,"valueName":"search_term_string"}}],"inLanguage":"it-IT"},{"@type":"Organization","@id":"https:\/\/www.wcloc.com\/it#organization","name":"WC Loc","url":"https:\/\/www.wcloc.com\/it","logo":{"@type":"ImageObject","inLanguage":"it-IT","@id":"https:\/\/www.wcloc.com\/it#\/schema\/logo\/image\/","url":"https:\/\/www.wcloc.com\/wp-content\/uploads\/2023\/04\/logo.png","contentUrl":"https:\/\/www.wcloc.com\/wp-content\/uploads\/2023\/04\/logo.png","width":291,"height":71,"caption":"WC Loc"},"image":{"@id":"https:\/\/www.wcloc.com\/it#\/schema\/logo\/image\/"}},{"@type":"Person","@id":"https:\/\/www.wcloc.com\/it#\/schema\/person\/76303f3abf91d8797678d3ed60def5ba","name":"goinformatique","image":{"@type":"ImageObject","inLanguage":"it-IT","@id":"https:\/\/secure.gravatar.com\/avatar\/dbfaea8eb1273997db929cffcd4bb276c54347978aae2db417917c6d8a569dac?s=96&d=mm&r=g","url":"https:\/\/secure.gravatar.com\/avatar\/dbfaea8eb1273997db929cffcd4bb276c54347978aae2db417917c6d8a569dac?s=96&d=mm&r=g","contentUrl":"https:\/\/secure.gravatar.com\/avatar\/dbfaea8eb1273997db929cffcd4bb276c54347978aae2db417917c6d8a569dac?s=96&d=mm&r=g","caption":"goinformatique"}}]}},"_links":{"self":[{"href":"https:\/\/www.wcloc.com\/it\/wp-json\/wp\/v2\/posts\/74699","targetHints":{"allow":["GET"]}}],"collection":[{"href":"https:\/\/www.wcloc.com\/it\/wp-json\/wp\/v2\/posts"}],"about":[{"href":"https:\/\/www.wcloc.com\/it\/wp-json\/wp\/v2\/types\/post"}],"author":[{"embeddable":true,"href":"https:\/\/www.wcloc.com\/it\/wp-json\/wp\/v2\/users\/1"}],"replies":[{"embeddable":true,"href":"https:\/\/www.wcloc.com\/it\/wp-json\/wp\/v2\/comments?post=74699"}],"version-history":[{"count":2,"href":"https:\/\/www.wcloc.com\/it\/wp-json\/wp\/v2\/posts\/74699\/revisions"}],"predecessor-version":[{"id":74701,"href":"https:\/\/www.wcloc.com\/it\/wp-json\/wp\/v2\/posts\/74699\/revisions\/74701"}],"wp:featuredmedia":[{"embeddable":true,"href":"https:\/\/www.wcloc.com\/it\/wp-json\/wp\/v2\/media\/118886"}],"wp:attachment":[{"href":"https:\/\/www.wcloc.com\/it\/wp-json\/wp\/v2\/media?parent=74699"}],"wp:term":[{"taxonomy":"category","embeddable":true,"href":"https:\/\/www.wcloc.com\/it\/wp-json\/wp\/v2\/categories?post=74699"},{"taxonomy":"post_tag","embeddable":true,"href":"https:\/\/www.wcloc.com\/it\/wp-json\/wp\/v2\/tags?post=74699"}],"curies":[{"name":"wp","href":"https:\/\/api.w.org\/{rel}","templated":true}]}}