{"id":3770,"date":"2019-04-29T17:03:14","date_gmt":"2019-04-29T15:03:14","guid":{"rendered":"https:\/\/www.wcloc.com\/\/?p=3770"},"modified":"2024-12-19T10:53:27","modified_gmt":"2024-12-19T09:53:27","slug":"jai-ouvert-le-capital-denygea-aux-cadres","status":"publish","type":"post","link":"https:\/\/www.wcloc.com\/fr\/jai-ouvert-le-capital-denygea-aux-cadres","title":{"rendered":"\u00ab J\u2019ai ouvert le capital d&rsquo;Enygea aux cadres \u00bb"},"content":{"rendered":"<h2>Herv\u00e9 Montagne, dirigeant de la soci\u00e9t\u00e9 Enygea (Agences WC Loc, PSV, Modulkit), est actionnaire \u00e0 hauteur de 67%. En 2012, il a d\u00e9cid\u00e9 d\u2019ouvrir le capital de cette derni\u00e8re \u00e0 ses salari\u00e9\u00b7e\u00b7s cadres.<\/h2>\n<p>La raison de cette d\u00e9cision se trouve dans les valeurs de <strong>responsabilit\u00e9, de confiance et de transparence<\/strong>, qui sont fondamentales pour le bien-\u00eatre des salari\u00e9\u00b7e\u00b7s mais aussi pour la croissance de l&rsquo;entreprise !<\/p>\n<p>Comme le dit si bien Herv\u00e9 Montagne : \u00ab Les cadres sont les premiers acteurs de la richesse de l\u2019entreprise, je trouve donc normal qu\u2019ils soient int\u00e9ress\u00e9\u00b7e\u00b7s\u00bb. En effet, quand un salari\u00e9 poss\u00e8de des actions dans son entreprise, il a le sentiment de travailler pour lui et il r\u00e9alise l&rsquo;impact de son activit\u00e9 sur les r\u00e9sultats du Groupe. En d&rsquo;autres termes, il s&rsquo;agit d&rsquo;un v\u00e9ritable outil de motivation.<\/p>\n<p>Aujourd\u2019hui, 17 salari\u00e9\u00b7e\u00b7s cadres d\u00e9tiennent 3% du capital. Et Herv\u00e9 Montagne souligne le fait que : \u00ab dans l\u2019id\u00e9al, j\u2019aimerais qu\u2019ils d\u00e9tiennent 10, 15, voire 20% du capital ! \u00bb<\/p>\n<p>Chaque collaborateur cadre a le choix d\u2019investir dans les actions d\u2019Enygea. Ce syst\u00e8me permet de les int\u00e9grer dans la gestion de l\u2019entreprise. <strong>Une int\u00e9gration synonyme de confianc<\/strong>e, qui est l\u2019un des piliers du Groupe.<\/p>\n<p>D&rsquo;ailleurs, \u00ab cette ouverture de capital oblige le dirigeant \u00e0 plus de transparence sur sa strat\u00e9gie ce que je trouve sain \u00bb explique Herv\u00e9 Montagne.<\/p>\n","protected":false},"excerpt":{"rendered":"Herv\u00e9 Montagne, dirigeant de la soci\u00e9t\u00e9 Enygea (Agences WC Loc, PSV, Modulkit), est actionnaire \u00e0 hauteur de 67%. En 2012, il a d\u00e9cid\u00e9 d\u2019ouvrir le capital de cette derni\u00e8re \u00e0 ses salari\u00e9\u00b7e\u00b7s cadres.","protected":false},"author":1,"featured_media":3776,"comment_status":"open","ping_status":"open","sticky":false,"template":"","format":"standard","meta":{"_acf_changed":false,"footnotes":""},"categories":[486,840],"tags":[],"class_list":["post-3770","post","type-post","status-publish","format-standard","has-post-thumbnail","hentry","category-rse","category-vie-d-entreprise"],"acf":[],"yoast_head":"<!-- This site is optimized with the Yoast SEO plugin v27.5 - https:\/\/yoast.com\/product\/yoast-seo-wordpress\/ -->\n<title>\u00ab J\u2019ai ouvert le capital d&#039;Enygea aux cadres \u00bb - WC Loc<\/title>\n<meta name=\"description\" content=\"Herv\u00e9 Montagne, dirigeant de la soci\u00e9t\u00e9 Enygea (Agences WC Loc, PSV, Modulkit) a d\u00e9cid\u00e9 d\u2019ouvrir le capital de cette derni\u00e8re \u00e0 ses salari\u00e9\u00b7e\u00b7s cadres.\" \/>\n<meta name=\"robots\" content=\"index, follow, max-snippet:-1, max-image-preview:large, max-video-preview:-1\" \/>\n<link rel=\"canonical\" href=\"https:\/\/www.wcloc.com\/fr\/jai-ouvert-le-capital-denygea-aux-cadres\" \/>\n<meta property=\"og:locale\" content=\"fr_FR\" \/>\n<meta property=\"og:type\" content=\"article\" \/>\n<meta property=\"og:title\" content=\"\u00ab J\u2019ai ouvert le capital d&#039;Enygea aux cadres \u00bb - WC Loc\" \/>\n<meta property=\"og:description\" content=\"Herv\u00e9 Montagne, dirigeant de la soci\u00e9t\u00e9 Enygea (Agences WC Loc, PSV, Modulkit) a d\u00e9cid\u00e9 d\u2019ouvrir le capital de cette derni\u00e8re \u00e0 ses salari\u00e9\u00b7e\u00b7s cadres.\" \/>\n<meta property=\"og:url\" content=\"https:\/\/www.wcloc.com\/fr\/jai-ouvert-le-capital-denygea-aux-cadres\" \/>\n<meta property=\"og:site_name\" content=\"WC Loc\" \/>\n<meta property=\"article:published_time\" content=\"2019-04-29T15:03:14+00:00\" \/>\n<meta property=\"article:modified_time\" content=\"2024-12-19T09:53:27+00:00\" \/>\n<meta property=\"og:image\" content=\"https:\/\/www.wcloc.com\/wp-content\/uploads\/2019\/04\/ouverturecapital2.jpg\" \/>\n\t<meta property=\"og:image:width\" content=\"600\" \/>\n\t<meta property=\"og:image:height\" content=\"400\" \/>\n\t<meta property=\"og:image:type\" content=\"image\/jpeg\" \/>\n<meta name=\"author\" content=\"goinformatique\" \/>\n<meta name=\"twitter:card\" content=\"summary_large_image\" \/>\n<meta name=\"twitter:label1\" content=\"\u00c9crit par\" \/>\n\t<meta name=\"twitter:data1\" content=\"goinformatique\" \/>\n\t<meta name=\"twitter:label2\" content=\"Dur\u00e9e de lecture estim\u00e9e\" \/>\n\t<meta name=\"twitter:data2\" content=\"1 minute\" \/>\n<script type=\"application\/ld+json\" class=\"yoast-schema-graph\">{\"@context\":\"https:\\\/\\\/schema.org\",\"@graph\":[{\"@type\":\"NewsArticle\",\"@id\":\"https:\\\/\\\/www.wcloc.com\\\/fr\\\/jai-ouvert-le-capital-denygea-aux-cadres#article\",\"isPartOf\":{\"@id\":\"https:\\\/\\\/www.wcloc.com\\\/fr\\\/jai-ouvert-le-capital-denygea-aux-cadres\"},\"author\":{\"name\":\"goinformatique\",\"@id\":\"https:\\\/\\\/www.wcloc.com\\\/fr\\\/#\\\/schema\\\/person\\\/76303f3abf91d8797678d3ed60def5ba\"},\"headline\":\"\u00ab J\u2019ai ouvert le capital d&rsquo;Enygea aux cadres \u00bb\",\"datePublished\":\"2019-04-29T15:03:14+00:00\",\"dateModified\":\"2024-12-19T09:53:27+00:00\",\"mainEntityOfPage\":{\"@id\":\"https:\\\/\\\/www.wcloc.com\\\/fr\\\/jai-ouvert-le-capital-denygea-aux-cadres\"},\"wordCount\":255,\"commentCount\":0,\"publisher\":{\"@id\":\"https:\\\/\\\/www.wcloc.com\\\/fr\\\/#organization\"},\"image\":{\"@id\":\"https:\\\/\\\/www.wcloc.com\\\/fr\\\/jai-ouvert-le-capital-denygea-aux-cadres#primaryimage\"},\"thumbnailUrl\":\"https:\\\/\\\/www.wcloc.com\\\/wp-content\\\/uploads\\\/2019\\\/04\\\/ouverturecapital2.jpg\",\"articleSection\":[\"RSE\",\"Vie d\u2019entreprise\"],\"inLanguage\":\"fr-FR\",\"potentialAction\":[{\"@type\":\"CommentAction\",\"name\":\"Comment\",\"target\":[\"https:\\\/\\\/www.wcloc.com\\\/fr\\\/jai-ouvert-le-capital-denygea-aux-cadres#respond\"]}]},{\"@type\":\"WebPage\",\"@id\":\"https:\\\/\\\/www.wcloc.com\\\/fr\\\/jai-ouvert-le-capital-denygea-aux-cadres\",\"url\":\"https:\\\/\\\/www.wcloc.com\\\/fr\\\/jai-ouvert-le-capital-denygea-aux-cadres\",\"name\":\"\u00ab J\u2019ai ouvert le capital d'Enygea aux cadres \u00bb - WC Loc\",\"isPartOf\":{\"@id\":\"https:\\\/\\\/www.wcloc.com\\\/fr\\\/#website\"},\"primaryImageOfPage\":{\"@id\":\"https:\\\/\\\/www.wcloc.com\\\/fr\\\/jai-ouvert-le-capital-denygea-aux-cadres#primaryimage\"},\"image\":{\"@id\":\"https:\\\/\\\/www.wcloc.com\\\/fr\\\/jai-ouvert-le-capital-denygea-aux-cadres#primaryimage\"},\"thumbnailUrl\":\"https:\\\/\\\/www.wcloc.com\\\/wp-content\\\/uploads\\\/2019\\\/04\\\/ouverturecapital2.jpg\",\"datePublished\":\"2019-04-29T15:03:14+00:00\",\"dateModified\":\"2024-12-19T09:53:27+00:00\",\"description\":\"Herv\u00e9 Montagne, dirigeant de la soci\u00e9t\u00e9 Enygea (Agences WC Loc, PSV, Modulkit) a d\u00e9cid\u00e9 d\u2019ouvrir le capital de cette derni\u00e8re \u00e0 ses salari\u00e9\u00b7e\u00b7s cadres.\",\"breadcrumb\":{\"@id\":\"https:\\\/\\\/www.wcloc.com\\\/fr\\\/jai-ouvert-le-capital-denygea-aux-cadres#breadcrumb\"},\"inLanguage\":\"fr-FR\",\"potentialAction\":[{\"@type\":\"ReadAction\",\"target\":[\"https:\\\/\\\/www.wcloc.com\\\/fr\\\/jai-ouvert-le-capital-denygea-aux-cadres\"]}]},{\"@type\":\"ImageObject\",\"inLanguage\":\"fr-FR\",\"@id\":\"https:\\\/\\\/www.wcloc.com\\\/fr\\\/jai-ouvert-le-capital-denygea-aux-cadres#primaryimage\",\"url\":\"https:\\\/\\\/www.wcloc.com\\\/wp-content\\\/uploads\\\/2019\\\/04\\\/ouverturecapital2.jpg\",\"contentUrl\":\"https:\\\/\\\/www.wcloc.com\\\/wp-content\\\/uploads\\\/2019\\\/04\\\/ouverturecapital2.jpg\",\"width\":600,\"height\":400},{\"@type\":\"BreadcrumbList\",\"@id\":\"https:\\\/\\\/www.wcloc.com\\\/fr\\\/jai-ouvert-le-capital-denygea-aux-cadres#breadcrumb\",\"itemListElement\":[{\"@type\":\"ListItem\",\"position\":1,\"name\":\"RSE\",\"item\":\"https:\\\/\\\/www.wcloc.com\\\/fr\\\/category\\\/rse\"},{\"@type\":\"ListItem\",\"position\":2,\"name\":\"\u00ab J\u2019ai ouvert le capital d&#8217;Enygea aux cadres \u00bb\"}]},{\"@type\":\"WebSite\",\"@id\":\"https:\\\/\\\/www.wcloc.com\\\/fr\\\/#website\",\"url\":\"https:\\\/\\\/www.wcloc.com\\\/fr\\\/\",\"name\":\"WC Loc\",\"description\":\"Un site utilisant Les sites de platform.enygea.fr\",\"publisher\":{\"@id\":\"https:\\\/\\\/www.wcloc.com\\\/fr\\\/#organization\"},\"potentialAction\":[{\"@type\":\"SearchAction\",\"target\":{\"@type\":\"EntryPoint\",\"urlTemplate\":\"https:\\\/\\\/www.wcloc.com\\\/fr\\\/?s={search_term_string}\"},\"query-input\":{\"@type\":\"PropertyValueSpecification\",\"valueRequired\":true,\"valueName\":\"search_term_string\"}}],\"inLanguage\":\"fr-FR\"},{\"@type\":\"Organization\",\"@id\":\"https:\\\/\\\/www.wcloc.com\\\/fr\\\/#organization\",\"name\":\"WC Loc\",\"url\":\"https:\\\/\\\/www.wcloc.com\\\/fr\\\/\",\"logo\":{\"@type\":\"ImageObject\",\"inLanguage\":\"fr-FR\",\"@id\":\"https:\\\/\\\/www.wcloc.com\\\/fr\\\/#\\\/schema\\\/logo\\\/image\\\/\",\"url\":\"https:\\\/\\\/www.wcloc.com\\\/wp-content\\\/uploads\\\/2023\\\/04\\\/logo.png\",\"contentUrl\":\"https:\\\/\\\/www.wcloc.com\\\/wp-content\\\/uploads\\\/2023\\\/04\\\/logo.png\",\"width\":291,\"height\":71,\"caption\":\"WC Loc\"},\"image\":{\"@id\":\"https:\\\/\\\/www.wcloc.com\\\/fr\\\/#\\\/schema\\\/logo\\\/image\\\/\"}},{\"@type\":\"Person\",\"@id\":\"https:\\\/\\\/www.wcloc.com\\\/fr\\\/#\\\/schema\\\/person\\\/76303f3abf91d8797678d3ed60def5ba\",\"name\":\"goinformatique\",\"image\":{\"@type\":\"ImageObject\",\"inLanguage\":\"fr-FR\",\"@id\":\"https:\\\/\\\/secure.gravatar.com\\\/avatar\\\/dbfaea8eb1273997db929cffcd4bb276c54347978aae2db417917c6d8a569dac?s=96&d=mm&r=g\",\"url\":\"https:\\\/\\\/secure.gravatar.com\\\/avatar\\\/dbfaea8eb1273997db929cffcd4bb276c54347978aae2db417917c6d8a569dac?s=96&d=mm&r=g\",\"contentUrl\":\"https:\\\/\\\/secure.gravatar.com\\\/avatar\\\/dbfaea8eb1273997db929cffcd4bb276c54347978aae2db417917c6d8a569dac?s=96&d=mm&r=g\",\"caption\":\"goinformatique\"}}]}<\/script>\n<!-- \/ Yoast SEO plugin. -->","yoast_head_json":{"title":"\u00ab J\u2019ai ouvert le capital d'Enygea aux cadres \u00bb - WC Loc","description":"Herv\u00e9 Montagne, dirigeant de la soci\u00e9t\u00e9 Enygea (Agences WC Loc, PSV, Modulkit) a d\u00e9cid\u00e9 d\u2019ouvrir le capital de cette derni\u00e8re \u00e0 ses salari\u00e9\u00b7e\u00b7s cadres.","robots":{"index":"index","follow":"follow","max-snippet":"max-snippet:-1","max-image-preview":"max-image-preview:large","max-video-preview":"max-video-preview:-1"},"canonical":"https:\/\/www.wcloc.com\/fr\/jai-ouvert-le-capital-denygea-aux-cadres","og_locale":"fr_FR","og_type":"article","og_title":"\u00ab J\u2019ai ouvert le capital d'Enygea aux cadres \u00bb - WC Loc","og_description":"Herv\u00e9 Montagne, dirigeant de la soci\u00e9t\u00e9 Enygea (Agences WC Loc, PSV, Modulkit) a d\u00e9cid\u00e9 d\u2019ouvrir le capital de cette derni\u00e8re \u00e0 ses salari\u00e9\u00b7e\u00b7s cadres.","og_url":"https:\/\/www.wcloc.com\/fr\/jai-ouvert-le-capital-denygea-aux-cadres","og_site_name":"WC Loc","article_published_time":"2019-04-29T15:03:14+00:00","article_modified_time":"2024-12-19T09:53:27+00:00","og_image":[{"width":600,"height":400,"url":"https:\/\/www.wcloc.com\/wp-content\/uploads\/2019\/04\/ouverturecapital2.jpg","type":"image\/jpeg"}],"author":"goinformatique","twitter_card":"summary_large_image","twitter_misc":{"\u00c9crit par":"goinformatique","Dur\u00e9e de lecture estim\u00e9e":"1 minute"},"schema":{"@context":"https:\/\/schema.org","@graph":[{"@type":"NewsArticle","@id":"https:\/\/www.wcloc.com\/fr\/jai-ouvert-le-capital-denygea-aux-cadres#article","isPartOf":{"@id":"https:\/\/www.wcloc.com\/fr\/jai-ouvert-le-capital-denygea-aux-cadres"},"author":{"name":"goinformatique","@id":"https:\/\/www.wcloc.com\/fr\/#\/schema\/person\/76303f3abf91d8797678d3ed60def5ba"},"headline":"\u00ab J\u2019ai ouvert le capital d&rsquo;Enygea aux cadres \u00bb","datePublished":"2019-04-29T15:03:14+00:00","dateModified":"2024-12-19T09:53:27+00:00","mainEntityOfPage":{"@id":"https:\/\/www.wcloc.com\/fr\/jai-ouvert-le-capital-denygea-aux-cadres"},"wordCount":255,"commentCount":0,"publisher":{"@id":"https:\/\/www.wcloc.com\/fr\/#organization"},"image":{"@id":"https:\/\/www.wcloc.com\/fr\/jai-ouvert-le-capital-denygea-aux-cadres#primaryimage"},"thumbnailUrl":"https:\/\/www.wcloc.com\/wp-content\/uploads\/2019\/04\/ouverturecapital2.jpg","articleSection":["RSE","Vie d\u2019entreprise"],"inLanguage":"fr-FR","potentialAction":[{"@type":"CommentAction","name":"Comment","target":["https:\/\/www.wcloc.com\/fr\/jai-ouvert-le-capital-denygea-aux-cadres#respond"]}]},{"@type":"WebPage","@id":"https:\/\/www.wcloc.com\/fr\/jai-ouvert-le-capital-denygea-aux-cadres","url":"https:\/\/www.wcloc.com\/fr\/jai-ouvert-le-capital-denygea-aux-cadres","name":"\u00ab J\u2019ai ouvert le capital d'Enygea aux cadres \u00bb - WC Loc","isPartOf":{"@id":"https:\/\/www.wcloc.com\/fr\/#website"},"primaryImageOfPage":{"@id":"https:\/\/www.wcloc.com\/fr\/jai-ouvert-le-capital-denygea-aux-cadres#primaryimage"},"image":{"@id":"https:\/\/www.wcloc.com\/fr\/jai-ouvert-le-capital-denygea-aux-cadres#primaryimage"},"thumbnailUrl":"https:\/\/www.wcloc.com\/wp-content\/uploads\/2019\/04\/ouverturecapital2.jpg","datePublished":"2019-04-29T15:03:14+00:00","dateModified":"2024-12-19T09:53:27+00:00","description":"Herv\u00e9 Montagne, dirigeant de la soci\u00e9t\u00e9 Enygea (Agences WC Loc, PSV, Modulkit) a d\u00e9cid\u00e9 d\u2019ouvrir le capital de cette derni\u00e8re \u00e0 ses salari\u00e9\u00b7e\u00b7s cadres.","breadcrumb":{"@id":"https:\/\/www.wcloc.com\/fr\/jai-ouvert-le-capital-denygea-aux-cadres#breadcrumb"},"inLanguage":"fr-FR","potentialAction":[{"@type":"ReadAction","target":["https:\/\/www.wcloc.com\/fr\/jai-ouvert-le-capital-denygea-aux-cadres"]}]},{"@type":"ImageObject","inLanguage":"fr-FR","@id":"https:\/\/www.wcloc.com\/fr\/jai-ouvert-le-capital-denygea-aux-cadres#primaryimage","url":"https:\/\/www.wcloc.com\/wp-content\/uploads\/2019\/04\/ouverturecapital2.jpg","contentUrl":"https:\/\/www.wcloc.com\/wp-content\/uploads\/2019\/04\/ouverturecapital2.jpg","width":600,"height":400},{"@type":"BreadcrumbList","@id":"https:\/\/www.wcloc.com\/fr\/jai-ouvert-le-capital-denygea-aux-cadres#breadcrumb","itemListElement":[{"@type":"ListItem","position":1,"name":"RSE","item":"https:\/\/www.wcloc.com\/fr\/category\/rse"},{"@type":"ListItem","position":2,"name":"\u00ab J\u2019ai ouvert le capital d&#8217;Enygea aux cadres \u00bb"}]},{"@type":"WebSite","@id":"https:\/\/www.wcloc.com\/fr\/#website","url":"https:\/\/www.wcloc.com\/fr\/","name":"WC Loc","description":"Un site utilisant Les sites de platform.enygea.fr","publisher":{"@id":"https:\/\/www.wcloc.com\/fr\/#organization"},"potentialAction":[{"@type":"SearchAction","target":{"@type":"EntryPoint","urlTemplate":"https:\/\/www.wcloc.com\/fr\/?s={search_term_string}"},"query-input":{"@type":"PropertyValueSpecification","valueRequired":true,"valueName":"search_term_string"}}],"inLanguage":"fr-FR"},{"@type":"Organization","@id":"https:\/\/www.wcloc.com\/fr\/#organization","name":"WC Loc","url":"https:\/\/www.wcloc.com\/fr\/","logo":{"@type":"ImageObject","inLanguage":"fr-FR","@id":"https:\/\/www.wcloc.com\/fr\/#\/schema\/logo\/image\/","url":"https:\/\/www.wcloc.com\/wp-content\/uploads\/2023\/04\/logo.png","contentUrl":"https:\/\/www.wcloc.com\/wp-content\/uploads\/2023\/04\/logo.png","width":291,"height":71,"caption":"WC Loc"},"image":{"@id":"https:\/\/www.wcloc.com\/fr\/#\/schema\/logo\/image\/"}},{"@type":"Person","@id":"https:\/\/www.wcloc.com\/fr\/#\/schema\/person\/76303f3abf91d8797678d3ed60def5ba","name":"goinformatique","image":{"@type":"ImageObject","inLanguage":"fr-FR","@id":"https:\/\/secure.gravatar.com\/avatar\/dbfaea8eb1273997db929cffcd4bb276c54347978aae2db417917c6d8a569dac?s=96&d=mm&r=g","url":"https:\/\/secure.gravatar.com\/avatar\/dbfaea8eb1273997db929cffcd4bb276c54347978aae2db417917c6d8a569dac?s=96&d=mm&r=g","contentUrl":"https:\/\/secure.gravatar.com\/avatar\/dbfaea8eb1273997db929cffcd4bb276c54347978aae2db417917c6d8a569dac?s=96&d=mm&r=g","caption":"goinformatique"}}]}},"_links":{"self":[{"href":"https:\/\/www.wcloc.com\/fr\/wp-json\/wp\/v2\/posts\/3770","targetHints":{"allow":["GET"]}}],"collection":[{"href":"https:\/\/www.wcloc.com\/fr\/wp-json\/wp\/v2\/posts"}],"about":[{"href":"https:\/\/www.wcloc.com\/fr\/wp-json\/wp\/v2\/types\/post"}],"author":[{"embeddable":true,"href":"https:\/\/www.wcloc.com\/fr\/wp-json\/wp\/v2\/users\/1"}],"replies":[{"embeddable":true,"href":"https:\/\/www.wcloc.com\/fr\/wp-json\/wp\/v2\/comments?post=3770"}],"version-history":[{"count":2,"href":"https:\/\/www.wcloc.com\/fr\/wp-json\/wp\/v2\/posts\/3770\/revisions"}],"predecessor-version":[{"id":3780,"href":"https:\/\/www.wcloc.com\/fr\/wp-json\/wp\/v2\/posts\/3770\/revisions\/3780"}],"wp:featuredmedia":[{"embeddable":true,"href":"https:\/\/www.wcloc.com\/fr\/wp-json\/wp\/v2\/media\/3776"}],"wp:attachment":[{"href":"https:\/\/www.wcloc.com\/fr\/wp-json\/wp\/v2\/media?parent=3770"}],"wp:term":[{"taxonomy":"category","embeddable":true,"href":"https:\/\/www.wcloc.com\/fr\/wp-json\/wp\/v2\/categories?post=3770"},{"taxonomy":"post_tag","embeddable":true,"href":"https:\/\/www.wcloc.com\/fr\/wp-json\/wp\/v2\/tags?post=3770"}],"curies":[{"name":"wp","href":"https:\/\/api.w.org\/{rel}","templated":true}]}}