{"id":3741,"date":"2018-06-29T16:45:36","date_gmt":"2018-06-29T14:45:36","guid":{"rendered":"https:\/\/www.wcloc.com\/\/?p=3741"},"modified":"2024-12-19T10:53:43","modified_gmt":"2024-12-19T09:53:43","slug":"adhesion-au-global-compact-des-nations-unies","status":"publish","type":"post","link":"https:\/\/www.wcloc.com\/fr\/adhesion-au-global-compact-des-nations-unies","title":{"rendered":"\u00ab Adh\u00e9sion au Global Compact des Nations unies \u00bb"},"content":{"rendered":"<h2>ENYGEA franchit une nouvelle \u00e9tape !<\/h2>\n<p>Suite \u00e0 notre demande d\u2019adh\u00e9sion transmise \u00e0 M. Ant\u00f3nio Guterres, Secr\u00e9taire g\u00e9n\u00e9ral des Nations Unies, notre groupe Enygea rejoint officiellement le Global Compact des Nations Unies. Il s\u2019agit de la plus importante initiative internationale permettant de s\u2019engager volontairement en mati\u00e8re d\u2019\u00e9quit\u00e9 sociale, d\u2019\u00e9thique et de d\u00e9veloppement durable.<\/p>\n<p>Le Global Compact des Nations Unies rassemble pr\u00e8s de 14 000 entreprises, organisations, agences des Nations Unies, acteurs du monde du travail et de la soci\u00e9t\u00e9 civile, autour de dix principes universellement reconnus et d\u00e9taill\u00e9s ci-dessous :<br \/>\nDe par son adh\u00e9sion, Enygea s\u2019engage \u00e0 int\u00e9grer ces 10 principes dans sa strat\u00e9gie, sa culture organisationnelle et ses op\u00e9rations. Ainsi qu\u2019\u00e0 partager son exp\u00e9rience et les progr\u00e8s effectu\u00e9s chaque ann\u00e9e au travers d\u2019un rapport qui sera accessible sur le site du Global Compact.<\/p>\n<p>Enygea rejoint \u00e9galement le Global Compact France, relais local fran\u00e7ais avec 1200 entreprises et organisations fran\u00e7aises, afin de faire vivre cet engagement et de b\u00e9n\u00e9ficier de soutien pour atteindre les objectifs fix\u00e9s.<\/p>\n<p>En savoir plus :<\/p>\n<p>Vid\u00e9o explicative : <a href=\"https:\/\/www.youtube.com\/watch?reload=9&amp;v=ddFo4y4gcnQ\" target=\"_blank\" rel=\"noopener noreferrer\">www.youtube.com<\/a><\/p>\n<p>Site internet du Global Compact des Nations Unies : <a href=\"https:\/\/www.unglobalcompact.org\/\" target=\"_blank\" rel=\"noopener noreferrer\">www.unglobalcompact.org<\/a><\/p>\n<p>Site internet du Global Compact France : <a href=\"http:\/\/www.globalcompact-france.org\/\" target=\"_blank\" rel=\"noopener noreferrer\">www.globalcompact-france.org<\/a><\/p>\n","protected":false},"excerpt":{"rendered":"ENYGEA franchit une nouvelle \u00e9tape ! Suite \u00e0 notre demande d\u2019adh\u00e9sion transmise \u00e0 M. Ant\u00f3nio Guterres, Secr\u00e9taire g\u00e9n\u00e9ral des Nations Unies, notre groupe Enygea rejoint officiellement le Global Compact des Nations Unies. Il s\u2019agit de la plus importante initiative internationale permettant de s\u2019engager volontairement en mati\u00e8re d\u2019\u00e9quit\u00e9 sociale, d\u2019\u00e9thique et de d\u00e9veloppement durable. Le Global [&hellip;]","protected":false},"author":1,"featured_media":3751,"comment_status":"open","ping_status":"open","sticky":false,"template":"","format":"standard","meta":{"_acf_changed":false,"footnotes":""},"categories":[486,840],"tags":[],"class_list":["post-3741","post","type-post","status-publish","format-standard","has-post-thumbnail","hentry","category-rse","category-vie-d-entreprise"],"acf":[],"yoast_head":"<!-- This site is optimized with the Yoast SEO plugin v27.5 - https:\/\/yoast.com\/product\/yoast-seo-wordpress\/ -->\n<title>\u00ab Adh\u00e9sion au Global Compact des Nations unies \u00bb - WC Loc<\/title>\n<meta name=\"description\" content=\"Enygea rejoint le Global Compact des Nations Unies. Initiative permettant de s\u2019engager en mati\u00e8re d\u2019\u00e9quit\u00e9 sociale, d\u2019\u00e9thique et de d\u00e9veloppement durable.\" \/>\n<meta name=\"robots\" content=\"index, follow, max-snippet:-1, max-image-preview:large, max-video-preview:-1\" \/>\n<link rel=\"canonical\" href=\"https:\/\/www.wcloc.com\/fr\/adhesion-au-global-compact-des-nations-unies\" \/>\n<meta property=\"og:locale\" content=\"fr_FR\" \/>\n<meta property=\"og:type\" content=\"article\" \/>\n<meta property=\"og:title\" content=\"\u00ab Adh\u00e9sion au Global Compact des Nations unies \u00bb - WC Loc\" \/>\n<meta property=\"og:description\" content=\"Enygea rejoint le Global Compact des Nations Unies. Initiative permettant de s\u2019engager en mati\u00e8re d\u2019\u00e9quit\u00e9 sociale, d\u2019\u00e9thique et de d\u00e9veloppement durable.\" \/>\n<meta property=\"og:url\" content=\"https:\/\/www.wcloc.com\/fr\/adhesion-au-global-compact-des-nations-unies\" \/>\n<meta property=\"og:site_name\" content=\"WC Loc\" \/>\n<meta property=\"article:published_time\" content=\"2018-06-29T14:45:36+00:00\" \/>\n<meta property=\"article:modified_time\" content=\"2024-12-19T09:53:43+00:00\" \/>\n<meta property=\"og:image\" content=\"https:\/\/www.wcloc.com\/wp-content\/uploads\/2018\/06\/globalcompact.jpg\" \/>\n\t<meta property=\"og:image:width\" content=\"600\" \/>\n\t<meta property=\"og:image:height\" content=\"600\" \/>\n\t<meta property=\"og:image:type\" content=\"image\/jpeg\" \/>\n<meta name=\"author\" content=\"goinformatique\" \/>\n<meta name=\"twitter:card\" content=\"summary_large_image\" \/>\n<meta name=\"twitter:label1\" content=\"\u00c9crit par\" \/>\n\t<meta name=\"twitter:data1\" content=\"goinformatique\" \/>\n\t<meta name=\"twitter:label2\" content=\"Dur\u00e9e de lecture estim\u00e9e\" \/>\n\t<meta name=\"twitter:data2\" content=\"1 minute\" \/>\n<script type=\"application\/ld+json\" class=\"yoast-schema-graph\">{\"@context\":\"https:\\\/\\\/schema.org\",\"@graph\":[{\"@type\":\"NewsArticle\",\"@id\":\"https:\\\/\\\/www.wcloc.com\\\/fr\\\/adhesion-au-global-compact-des-nations-unies#article\",\"isPartOf\":{\"@id\":\"https:\\\/\\\/www.wcloc.com\\\/fr\\\/adhesion-au-global-compact-des-nations-unies\"},\"author\":{\"name\":\"goinformatique\",\"@id\":\"https:\\\/\\\/www.wcloc.com\\\/fr\\\/#\\\/schema\\\/person\\\/76303f3abf91d8797678d3ed60def5ba\"},\"headline\":\"\u00ab Adh\u00e9sion au Global Compact des Nations unies \u00bb\",\"datePublished\":\"2018-06-29T14:45:36+00:00\",\"dateModified\":\"2024-12-19T09:53:43+00:00\",\"mainEntityOfPage\":{\"@id\":\"https:\\\/\\\/www.wcloc.com\\\/fr\\\/adhesion-au-global-compact-des-nations-unies\"},\"wordCount\":225,\"commentCount\":0,\"publisher\":{\"@id\":\"https:\\\/\\\/www.wcloc.com\\\/fr\\\/#organization\"},\"image\":{\"@id\":\"https:\\\/\\\/www.wcloc.com\\\/fr\\\/adhesion-au-global-compact-des-nations-unies#primaryimage\"},\"thumbnailUrl\":\"https:\\\/\\\/www.wcloc.com\\\/wp-content\\\/uploads\\\/2018\\\/06\\\/globalcompact.jpg\",\"articleSection\":[\"RSE\",\"Vie d\u2019entreprise\"],\"inLanguage\":\"fr-FR\",\"potentialAction\":[{\"@type\":\"CommentAction\",\"name\":\"Comment\",\"target\":[\"https:\\\/\\\/www.wcloc.com\\\/fr\\\/adhesion-au-global-compact-des-nations-unies#respond\"]}]},{\"@type\":\"WebPage\",\"@id\":\"https:\\\/\\\/www.wcloc.com\\\/fr\\\/adhesion-au-global-compact-des-nations-unies\",\"url\":\"https:\\\/\\\/www.wcloc.com\\\/fr\\\/adhesion-au-global-compact-des-nations-unies\",\"name\":\"\u00ab Adh\u00e9sion au Global Compact des Nations unies \u00bb - WC Loc\",\"isPartOf\":{\"@id\":\"https:\\\/\\\/www.wcloc.com\\\/fr\\\/#website\"},\"primaryImageOfPage\":{\"@id\":\"https:\\\/\\\/www.wcloc.com\\\/fr\\\/adhesion-au-global-compact-des-nations-unies#primaryimage\"},\"image\":{\"@id\":\"https:\\\/\\\/www.wcloc.com\\\/fr\\\/adhesion-au-global-compact-des-nations-unies#primaryimage\"},\"thumbnailUrl\":\"https:\\\/\\\/www.wcloc.com\\\/wp-content\\\/uploads\\\/2018\\\/06\\\/globalcompact.jpg\",\"datePublished\":\"2018-06-29T14:45:36+00:00\",\"dateModified\":\"2024-12-19T09:53:43+00:00\",\"description\":\"Enygea rejoint le Global Compact des Nations Unies. Initiative permettant de s\u2019engager en mati\u00e8re d\u2019\u00e9quit\u00e9 sociale, d\u2019\u00e9thique et de d\u00e9veloppement durable.\",\"breadcrumb\":{\"@id\":\"https:\\\/\\\/www.wcloc.com\\\/fr\\\/adhesion-au-global-compact-des-nations-unies#breadcrumb\"},\"inLanguage\":\"fr-FR\",\"potentialAction\":[{\"@type\":\"ReadAction\",\"target\":[\"https:\\\/\\\/www.wcloc.com\\\/fr\\\/adhesion-au-global-compact-des-nations-unies\"]}]},{\"@type\":\"ImageObject\",\"inLanguage\":\"fr-FR\",\"@id\":\"https:\\\/\\\/www.wcloc.com\\\/fr\\\/adhesion-au-global-compact-des-nations-unies#primaryimage\",\"url\":\"https:\\\/\\\/www.wcloc.com\\\/wp-content\\\/uploads\\\/2018\\\/06\\\/globalcompact.jpg\",\"contentUrl\":\"https:\\\/\\\/www.wcloc.com\\\/wp-content\\\/uploads\\\/2018\\\/06\\\/globalcompact.jpg\",\"width\":600,\"height\":600},{\"@type\":\"BreadcrumbList\",\"@id\":\"https:\\\/\\\/www.wcloc.com\\\/fr\\\/adhesion-au-global-compact-des-nations-unies#breadcrumb\",\"itemListElement\":[{\"@type\":\"ListItem\",\"position\":1,\"name\":\"RSE\",\"item\":\"https:\\\/\\\/www.wcloc.com\\\/fr\\\/category\\\/rse\"},{\"@type\":\"ListItem\",\"position\":2,\"name\":\"\u00ab Adh\u00e9sion au Global Compact des Nations unies \u00bb\"}]},{\"@type\":\"WebSite\",\"@id\":\"https:\\\/\\\/www.wcloc.com\\\/fr\\\/#website\",\"url\":\"https:\\\/\\\/www.wcloc.com\\\/fr\\\/\",\"name\":\"WC Loc\",\"description\":\"Un site utilisant Les sites de platform.enygea.fr\",\"publisher\":{\"@id\":\"https:\\\/\\\/www.wcloc.com\\\/fr\\\/#organization\"},\"potentialAction\":[{\"@type\":\"SearchAction\",\"target\":{\"@type\":\"EntryPoint\",\"urlTemplate\":\"https:\\\/\\\/www.wcloc.com\\\/fr\\\/?s={search_term_string}\"},\"query-input\":{\"@type\":\"PropertyValueSpecification\",\"valueRequired\":true,\"valueName\":\"search_term_string\"}}],\"inLanguage\":\"fr-FR\"},{\"@type\":\"Organization\",\"@id\":\"https:\\\/\\\/www.wcloc.com\\\/fr\\\/#organization\",\"name\":\"WC Loc\",\"url\":\"https:\\\/\\\/www.wcloc.com\\\/fr\\\/\",\"logo\":{\"@type\":\"ImageObject\",\"inLanguage\":\"fr-FR\",\"@id\":\"https:\\\/\\\/www.wcloc.com\\\/fr\\\/#\\\/schema\\\/logo\\\/image\\\/\",\"url\":\"https:\\\/\\\/www.wcloc.com\\\/wp-content\\\/uploads\\\/2023\\\/04\\\/logo.png\",\"contentUrl\":\"https:\\\/\\\/www.wcloc.com\\\/wp-content\\\/uploads\\\/2023\\\/04\\\/logo.png\",\"width\":291,\"height\":71,\"caption\":\"WC Loc\"},\"image\":{\"@id\":\"https:\\\/\\\/www.wcloc.com\\\/fr\\\/#\\\/schema\\\/logo\\\/image\\\/\"}},{\"@type\":\"Person\",\"@id\":\"https:\\\/\\\/www.wcloc.com\\\/fr\\\/#\\\/schema\\\/person\\\/76303f3abf91d8797678d3ed60def5ba\",\"name\":\"goinformatique\",\"image\":{\"@type\":\"ImageObject\",\"inLanguage\":\"fr-FR\",\"@id\":\"https:\\\/\\\/secure.gravatar.com\\\/avatar\\\/dbfaea8eb1273997db929cffcd4bb276c54347978aae2db417917c6d8a569dac?s=96&d=mm&r=g\",\"url\":\"https:\\\/\\\/secure.gravatar.com\\\/avatar\\\/dbfaea8eb1273997db929cffcd4bb276c54347978aae2db417917c6d8a569dac?s=96&d=mm&r=g\",\"contentUrl\":\"https:\\\/\\\/secure.gravatar.com\\\/avatar\\\/dbfaea8eb1273997db929cffcd4bb276c54347978aae2db417917c6d8a569dac?s=96&d=mm&r=g\",\"caption\":\"goinformatique\"}}]}<\/script>\n<!-- \/ Yoast SEO plugin. -->","yoast_head_json":{"title":"\u00ab Adh\u00e9sion au Global Compact des Nations unies \u00bb - WC Loc","description":"Enygea rejoint le Global Compact des Nations Unies. Initiative permettant de s\u2019engager en mati\u00e8re d\u2019\u00e9quit\u00e9 sociale, d\u2019\u00e9thique et de d\u00e9veloppement durable.","robots":{"index":"index","follow":"follow","max-snippet":"max-snippet:-1","max-image-preview":"max-image-preview:large","max-video-preview":"max-video-preview:-1"},"canonical":"https:\/\/www.wcloc.com\/fr\/adhesion-au-global-compact-des-nations-unies","og_locale":"fr_FR","og_type":"article","og_title":"\u00ab Adh\u00e9sion au Global Compact des Nations unies \u00bb - WC Loc","og_description":"Enygea rejoint le Global Compact des Nations Unies. Initiative permettant de s\u2019engager en mati\u00e8re d\u2019\u00e9quit\u00e9 sociale, d\u2019\u00e9thique et de d\u00e9veloppement durable.","og_url":"https:\/\/www.wcloc.com\/fr\/adhesion-au-global-compact-des-nations-unies","og_site_name":"WC Loc","article_published_time":"2018-06-29T14:45:36+00:00","article_modified_time":"2024-12-19T09:53:43+00:00","og_image":[{"width":600,"height":600,"url":"https:\/\/www.wcloc.com\/wp-content\/uploads\/2018\/06\/globalcompact.jpg","type":"image\/jpeg"}],"author":"goinformatique","twitter_card":"summary_large_image","twitter_misc":{"\u00c9crit par":"goinformatique","Dur\u00e9e de lecture estim\u00e9e":"1 minute"},"schema":{"@context":"https:\/\/schema.org","@graph":[{"@type":"NewsArticle","@id":"https:\/\/www.wcloc.com\/fr\/adhesion-au-global-compact-des-nations-unies#article","isPartOf":{"@id":"https:\/\/www.wcloc.com\/fr\/adhesion-au-global-compact-des-nations-unies"},"author":{"name":"goinformatique","@id":"https:\/\/www.wcloc.com\/fr\/#\/schema\/person\/76303f3abf91d8797678d3ed60def5ba"},"headline":"\u00ab Adh\u00e9sion au Global Compact des Nations unies \u00bb","datePublished":"2018-06-29T14:45:36+00:00","dateModified":"2024-12-19T09:53:43+00:00","mainEntityOfPage":{"@id":"https:\/\/www.wcloc.com\/fr\/adhesion-au-global-compact-des-nations-unies"},"wordCount":225,"commentCount":0,"publisher":{"@id":"https:\/\/www.wcloc.com\/fr\/#organization"},"image":{"@id":"https:\/\/www.wcloc.com\/fr\/adhesion-au-global-compact-des-nations-unies#primaryimage"},"thumbnailUrl":"https:\/\/www.wcloc.com\/wp-content\/uploads\/2018\/06\/globalcompact.jpg","articleSection":["RSE","Vie d\u2019entreprise"],"inLanguage":"fr-FR","potentialAction":[{"@type":"CommentAction","name":"Comment","target":["https:\/\/www.wcloc.com\/fr\/adhesion-au-global-compact-des-nations-unies#respond"]}]},{"@type":"WebPage","@id":"https:\/\/www.wcloc.com\/fr\/adhesion-au-global-compact-des-nations-unies","url":"https:\/\/www.wcloc.com\/fr\/adhesion-au-global-compact-des-nations-unies","name":"\u00ab Adh\u00e9sion au Global Compact des Nations unies \u00bb - WC Loc","isPartOf":{"@id":"https:\/\/www.wcloc.com\/fr\/#website"},"primaryImageOfPage":{"@id":"https:\/\/www.wcloc.com\/fr\/adhesion-au-global-compact-des-nations-unies#primaryimage"},"image":{"@id":"https:\/\/www.wcloc.com\/fr\/adhesion-au-global-compact-des-nations-unies#primaryimage"},"thumbnailUrl":"https:\/\/www.wcloc.com\/wp-content\/uploads\/2018\/06\/globalcompact.jpg","datePublished":"2018-06-29T14:45:36+00:00","dateModified":"2024-12-19T09:53:43+00:00","description":"Enygea rejoint le Global Compact des Nations Unies. Initiative permettant de s\u2019engager en mati\u00e8re d\u2019\u00e9quit\u00e9 sociale, d\u2019\u00e9thique et de d\u00e9veloppement durable.","breadcrumb":{"@id":"https:\/\/www.wcloc.com\/fr\/adhesion-au-global-compact-des-nations-unies#breadcrumb"},"inLanguage":"fr-FR","potentialAction":[{"@type":"ReadAction","target":["https:\/\/www.wcloc.com\/fr\/adhesion-au-global-compact-des-nations-unies"]}]},{"@type":"ImageObject","inLanguage":"fr-FR","@id":"https:\/\/www.wcloc.com\/fr\/adhesion-au-global-compact-des-nations-unies#primaryimage","url":"https:\/\/www.wcloc.com\/wp-content\/uploads\/2018\/06\/globalcompact.jpg","contentUrl":"https:\/\/www.wcloc.com\/wp-content\/uploads\/2018\/06\/globalcompact.jpg","width":600,"height":600},{"@type":"BreadcrumbList","@id":"https:\/\/www.wcloc.com\/fr\/adhesion-au-global-compact-des-nations-unies#breadcrumb","itemListElement":[{"@type":"ListItem","position":1,"name":"RSE","item":"https:\/\/www.wcloc.com\/fr\/category\/rse"},{"@type":"ListItem","position":2,"name":"\u00ab Adh\u00e9sion au Global Compact des Nations unies \u00bb"}]},{"@type":"WebSite","@id":"https:\/\/www.wcloc.com\/fr\/#website","url":"https:\/\/www.wcloc.com\/fr\/","name":"WC Loc","description":"Un site utilisant Les sites de platform.enygea.fr","publisher":{"@id":"https:\/\/www.wcloc.com\/fr\/#organization"},"potentialAction":[{"@type":"SearchAction","target":{"@type":"EntryPoint","urlTemplate":"https:\/\/www.wcloc.com\/fr\/?s={search_term_string}"},"query-input":{"@type":"PropertyValueSpecification","valueRequired":true,"valueName":"search_term_string"}}],"inLanguage":"fr-FR"},{"@type":"Organization","@id":"https:\/\/www.wcloc.com\/fr\/#organization","name":"WC Loc","url":"https:\/\/www.wcloc.com\/fr\/","logo":{"@type":"ImageObject","inLanguage":"fr-FR","@id":"https:\/\/www.wcloc.com\/fr\/#\/schema\/logo\/image\/","url":"https:\/\/www.wcloc.com\/wp-content\/uploads\/2023\/04\/logo.png","contentUrl":"https:\/\/www.wcloc.com\/wp-content\/uploads\/2023\/04\/logo.png","width":291,"height":71,"caption":"WC Loc"},"image":{"@id":"https:\/\/www.wcloc.com\/fr\/#\/schema\/logo\/image\/"}},{"@type":"Person","@id":"https:\/\/www.wcloc.com\/fr\/#\/schema\/person\/76303f3abf91d8797678d3ed60def5ba","name":"goinformatique","image":{"@type":"ImageObject","inLanguage":"fr-FR","@id":"https:\/\/secure.gravatar.com\/avatar\/dbfaea8eb1273997db929cffcd4bb276c54347978aae2db417917c6d8a569dac?s=96&d=mm&r=g","url":"https:\/\/secure.gravatar.com\/avatar\/dbfaea8eb1273997db929cffcd4bb276c54347978aae2db417917c6d8a569dac?s=96&d=mm&r=g","contentUrl":"https:\/\/secure.gravatar.com\/avatar\/dbfaea8eb1273997db929cffcd4bb276c54347978aae2db417917c6d8a569dac?s=96&d=mm&r=g","caption":"goinformatique"}}]}},"_links":{"self":[{"href":"https:\/\/www.wcloc.com\/fr\/wp-json\/wp\/v2\/posts\/3741","targetHints":{"allow":["GET"]}}],"collection":[{"href":"https:\/\/www.wcloc.com\/fr\/wp-json\/wp\/v2\/posts"}],"about":[{"href":"https:\/\/www.wcloc.com\/fr\/wp-json\/wp\/v2\/types\/post"}],"author":[{"embeddable":true,"href":"https:\/\/www.wcloc.com\/fr\/wp-json\/wp\/v2\/users\/1"}],"replies":[{"embeddable":true,"href":"https:\/\/www.wcloc.com\/fr\/wp-json\/wp\/v2\/comments?post=3741"}],"version-history":[{"count":1,"href":"https:\/\/www.wcloc.com\/fr\/wp-json\/wp\/v2\/posts\/3741\/revisions"}],"predecessor-version":[{"id":3750,"href":"https:\/\/www.wcloc.com\/fr\/wp-json\/wp\/v2\/posts\/3741\/revisions\/3750"}],"wp:featuredmedia":[{"embeddable":true,"href":"https:\/\/www.wcloc.com\/fr\/wp-json\/wp\/v2\/media\/3751"}],"wp:attachment":[{"href":"https:\/\/www.wcloc.com\/fr\/wp-json\/wp\/v2\/media?parent=3741"}],"wp:term":[{"taxonomy":"category","embeddable":true,"href":"https:\/\/www.wcloc.com\/fr\/wp-json\/wp\/v2\/categories?post=3741"},{"taxonomy":"post_tag","embeddable":true,"href":"https:\/\/www.wcloc.com\/fr\/wp-json\/wp\/v2\/tags?post=3741"}],"curies":[{"name":"wp","href":"https:\/\/api.w.org\/{rel}","templated":true}]}}