{"id":34859,"date":"2021-12-07T10:09:09","date_gmt":"2021-12-07T09:09:09","guid":{"rendered":"https:\/\/www.wcloc.com\/?p=34859"},"modified":"2023-01-20T10:37:30","modified_gmt":"2023-01-20T09:37:30","slug":"le-19-novembre-priorite-aux-toilettes","status":"publish","type":"post","link":"https:\/\/www.wcloc.com\/fr\/le-19-novembre-priorite-aux-toilettes","title":{"rendered":"Le 19 novembre, Priorit\u00e9 aux toilettes!"},"content":{"rendered":"<p>C\u2019est une journ\u00e9e qui captive peu, mais qui a pourtant toute son importance. Elle permet de mettre en lumi\u00e8re les difficult\u00e9s d\u2019acc\u00e8s aux sanitaires dans le monde.<\/p>\n<h3><!--more--><\/h3>\n<h3><strong>\u00c0 quoi cette journ\u00e9e sert-elle ?<\/strong><\/h3>\n<p>Aujourd\u2019hui, 3,6 milliards de personnes ne disposent pas d\u2019installations convenables en mati\u00e8re de toilettes. Ce qui en fait un enjeu sanitaire majeur dans notre soci\u00e9t\u00e9.<\/p>\n<p>L\u2019objectif de cette journ\u00e9e est d\u2019alerter sur les conditions sanitaires dans le monde. Les cons\u00e9quences de ce vaste probl\u00e8me d\u2019acc\u00e8s peuvent, en effet, \u00eatre d\u00e9vastatrices pour la sant\u00e9, l\u2019\u00e9conomie et l\u2019environnement notamment au sein des populations les plus pauvres et marginalis\u00e9es.<\/p>\n<p><img decoding=\"async\" class=\"wp-image-34933 size-full aligncenter\" src=\"https:\/\/www.wcloc.com\/wp-content\/uploads\/2021\/12\/isiondumonde1.jpg\" alt=\"visiondumonde1\" width=\"300\" height=\"225\" \/><\/p>\n<p>2 milliards de personnes boivent de l\u2019eau provenant d\u2019une source contamin\u00e9e par des mati\u00e8res f\u00e9cales. Dont 700 enfants de moins de 5 ans meurent chaque jour de maladies li\u00e9es \u00e0 l\u2019eau telles que le chol\u00e9ra, la diarrh\u00e9e, la dysenterie ou encore l\u2019h\u00e9patite, indique l\u2019ONU.<\/p>\n<p>Face \u00e0 ce manque d\u2019installations, plus de 890 millions de personnes dans le monde font aujourd\u2019hui leurs besoins \u00e0 l\u2019air libre. Une pratique qui n\u2019est pas sans risque puisque comme \u00e9voqu\u00e9 plus haut, les d\u00e9jections humaines \u00e0 proximit\u00e9 des cours d\u2019eau et des habitations favorisent la propagation rapide de maladies.<\/p>\n<p>Selon l\u2019Unicef, une \u00e9cole sur trois n\u2019est pas \u00e9quip\u00e9e de toilettes ad\u00e9quates et 23% des \u00e9coles n\u2019ont pas de toilettes du tout \u00e0\u00a0l\u2019\u00e9chelle mondiale. L\u2019absence de toilettes \u00e0 l\u2019\u00e9cole p\u00e9nalise surtout les filles. En l\u2019absence de vraies structures, beaucoup d\u2019entre elles sont contraintes de rester \u00e0 la maison et de manquer les cours lorsqu\u2019elles ont leurs r\u00e8gles.<\/p>\n<p>Ce qui perp\u00e9tue les discriminations et les in\u00e9galit\u00e9s entre les femmes et les hommes.<\/p>\n<h3><strong>Que faisons-nous pour soutenir cette cause ?<\/strong><\/h3>\n<p>Chaque ann\u00e9e WC Loc est partenaire de la course caritative <a href=\"https:\/\/www.urgentrunparis.fr\/\">Urgent Run Paris<\/a> afin de r\u00e9colter des dons \u00e0 l\u2019occasion de la journ\u00e9e Mondiale des toilettes. C\u2019est une course solidaire qui a pour objectif de sensibiliser l\u2019opinion publique \u00e0 l\u2019urgence de la situation dans le monde et de collecter des fonds pour des associations qui financent des programmes sanitaires dans le monde. Cette ann\u00e9e 10\u00a0000\u20ac ont \u00e9t\u00e9 r\u00e9colt\u00e9s pour les associations Vision du Monde et Rotary international pour la construction de toilettes au S\u00e9n\u00e9gal et en C\u00f4te d\u2019Ivoire.<\/p>\n<h3><strong><img decoding=\"async\" class=\"wp-image-34941 size-full aligncenter\" src=\"https:\/\/www.wcloc.com\/wp-content\/uploads\/2021\/12\/IMG_0490-2-1.jpg\" alt=\"IMG_0490-(2)\" width=\"300\" height=\"200\" \/><\/strong><\/h3>\n<p>Rejoignez la campagne mondiale <a href=\"http:\/\/www.worldtoiletday.org\">www.worldtoiletday.org<\/a> !<\/p>\n<p>Mobilisons nous tous pour cette cause et pour permettre ainsi aux 7.7 milliards de terriens d\u2019avoir le m\u00eame acc\u00e8s \u00e0 l\u2019hygi\u00e8ne\u00a0: objectif 2030, des toilettes partout, pour tous\u00a0!<\/p>\n<p>&nbsp;<\/p>\n","protected":false},"excerpt":{"rendered":"C\u2019est une journ\u00e9e qui captive peu, mais qui a pourtant toute son importance. Elle permet de mettre en lumi\u00e8re les difficult\u00e9s d\u2019acc\u00e8s aux sanitaires dans le monde.","protected":false},"author":50,"featured_media":40134,"comment_status":"open","ping_status":"open","sticky":false,"template":"","format":"standard","meta":{"_acf_changed":false,"footnotes":""},"categories":[2,486],"tags":[],"class_list":["post-34859","post","type-post","status-publish","format-standard","has-post-thumbnail","hentry","category-hygiene","category-rse"],"acf":[],"yoast_head":"<!-- This site is optimized with the Yoast SEO plugin v27.5 - https:\/\/yoast.com\/product\/yoast-seo-wordpress\/ -->\n<title>Le 19 novembre, Priorit\u00e9 aux toilettes! - WC Loc<\/title>\n<meta name=\"robots\" content=\"index, follow, max-snippet:-1, max-image-preview:large, max-video-preview:-1\" \/>\n<link rel=\"canonical\" href=\"https:\/\/www.wcloc.com\/fr\/le-19-novembre-priorite-aux-toilettes\" \/>\n<meta property=\"og:locale\" content=\"fr_FR\" \/>\n<meta property=\"og:type\" content=\"article\" \/>\n<meta property=\"og:title\" content=\"Le 19 novembre, Priorit\u00e9 aux toilettes! - WC Loc\" \/>\n<meta property=\"og:description\" content=\"C\u2019est une journ\u00e9e qui captive peu, mais qui a pourtant toute son importance. Elle permet de mettre en lumi\u00e8re les difficult\u00e9s d\u2019acc\u00e8s aux sanitaires dans le monde.\" \/>\n<meta property=\"og:url\" content=\"https:\/\/www.wcloc.com\/fr\/le-19-novembre-priorite-aux-toilettes\" \/>\n<meta property=\"og:site_name\" content=\"WC Loc\" \/>\n<meta property=\"article:published_time\" content=\"2021-12-07T09:09:09+00:00\" \/>\n<meta property=\"article:modified_time\" content=\"2023-01-20T09:37:30+00:00\" \/>\n<meta property=\"og:image\" content=\"https:\/\/www.wcloc.com\/wp-content\/uploads\/2022\/01\/1.png\" \/>\n\t<meta property=\"og:image:width\" content=\"1080\" \/>\n\t<meta property=\"og:image:height\" content=\"1080\" \/>\n\t<meta property=\"og:image:type\" content=\"image\/png\" \/>\n<meta name=\"author\" content=\"Helene Lemeiter\" \/>\n<meta name=\"twitter:card\" content=\"summary_large_image\" \/>\n<meta name=\"twitter:label1\" content=\"\u00c9crit par\" \/>\n\t<meta name=\"twitter:data1\" content=\"Helene Lemeiter\" \/>\n\t<meta name=\"twitter:label2\" content=\"Dur\u00e9e de lecture estim\u00e9e\" \/>\n\t<meta name=\"twitter:data2\" content=\"5 minutes\" \/>\n<script type=\"application\/ld+json\" class=\"yoast-schema-graph\">{\"@context\":\"https:\\\/\\\/schema.org\",\"@graph\":[{\"@type\":\"NewsArticle\",\"@id\":\"https:\\\/\\\/www.wcloc.com\\\/fr\\\/le-19-novembre-priorite-aux-toilettes#article\",\"isPartOf\":{\"@id\":\"https:\\\/\\\/www.wcloc.com\\\/fr\\\/le-19-novembre-priorite-aux-toilettes\"},\"author\":{\"name\":\"Helene Lemeiter\",\"@id\":\"https:\\\/\\\/www.wcloc.com\\\/fr\\\/#\\\/schema\\\/person\\\/c1d3e5cca8943626b916c68e8645fb02\"},\"headline\":\"Le 19 novembre, Priorit\u00e9 aux toilettes!\",\"datePublished\":\"2021-12-07T09:09:09+00:00\",\"dateModified\":\"2023-01-20T09:37:30+00:00\",\"mainEntityOfPage\":{\"@id\":\"https:\\\/\\\/www.wcloc.com\\\/fr\\\/le-19-novembre-priorite-aux-toilettes\"},\"wordCount\":454,\"commentCount\":0,\"publisher\":{\"@id\":\"https:\\\/\\\/www.wcloc.com\\\/fr\\\/#organization\"},\"image\":{\"@id\":\"https:\\\/\\\/www.wcloc.com\\\/fr\\\/le-19-novembre-priorite-aux-toilettes#primaryimage\"},\"thumbnailUrl\":\"https:\\\/\\\/www.wcloc.com\\\/wp-content\\\/uploads\\\/2022\\\/01\\\/1.png\",\"articleSection\":[\"Hygi\u00e8ne\",\"RSE\"],\"inLanguage\":\"fr-FR\",\"potentialAction\":[{\"@type\":\"CommentAction\",\"name\":\"Comment\",\"target\":[\"https:\\\/\\\/www.wcloc.com\\\/fr\\\/le-19-novembre-priorite-aux-toilettes#respond\"]}]},{\"@type\":\"WebPage\",\"@id\":\"https:\\\/\\\/www.wcloc.com\\\/fr\\\/le-19-novembre-priorite-aux-toilettes\",\"url\":\"https:\\\/\\\/www.wcloc.com\\\/fr\\\/le-19-novembre-priorite-aux-toilettes\",\"name\":\"Le 19 novembre, Priorit\u00e9 aux toilettes! - WC Loc\",\"isPartOf\":{\"@id\":\"https:\\\/\\\/www.wcloc.com\\\/fr\\\/#website\"},\"primaryImageOfPage\":{\"@id\":\"https:\\\/\\\/www.wcloc.com\\\/fr\\\/le-19-novembre-priorite-aux-toilettes#primaryimage\"},\"image\":{\"@id\":\"https:\\\/\\\/www.wcloc.com\\\/fr\\\/le-19-novembre-priorite-aux-toilettes#primaryimage\"},\"thumbnailUrl\":\"https:\\\/\\\/www.wcloc.com\\\/wp-content\\\/uploads\\\/2022\\\/01\\\/1.png\",\"datePublished\":\"2021-12-07T09:09:09+00:00\",\"dateModified\":\"2023-01-20T09:37:30+00:00\",\"breadcrumb\":{\"@id\":\"https:\\\/\\\/www.wcloc.com\\\/fr\\\/le-19-novembre-priorite-aux-toilettes#breadcrumb\"},\"inLanguage\":\"fr-FR\",\"potentialAction\":[{\"@type\":\"ReadAction\",\"target\":[\"https:\\\/\\\/www.wcloc.com\\\/fr\\\/le-19-novembre-priorite-aux-toilettes\"]}]},{\"@type\":\"ImageObject\",\"inLanguage\":\"fr-FR\",\"@id\":\"https:\\\/\\\/www.wcloc.com\\\/fr\\\/le-19-novembre-priorite-aux-toilettes#primaryimage\",\"url\":\"https:\\\/\\\/www.wcloc.com\\\/wp-content\\\/uploads\\\/2022\\\/01\\\/1.png\",\"contentUrl\":\"https:\\\/\\\/www.wcloc.com\\\/wp-content\\\/uploads\\\/2022\\\/01\\\/1.png\",\"width\":1080,\"height\":1080},{\"@type\":\"BreadcrumbList\",\"@id\":\"https:\\\/\\\/www.wcloc.com\\\/fr\\\/le-19-novembre-priorite-aux-toilettes#breadcrumb\",\"itemListElement\":[{\"@type\":\"ListItem\",\"position\":1,\"name\":\"Hygi\u00e8ne\",\"item\":\"https:\\\/\\\/www.wcloc.com\\\/fr\\\/category\\\/hygiene\"},{\"@type\":\"ListItem\",\"position\":2,\"name\":\"Le 19 novembre, Priorit\u00e9 aux toilettes!\"}]},{\"@type\":\"WebSite\",\"@id\":\"https:\\\/\\\/www.wcloc.com\\\/fr\\\/#website\",\"url\":\"https:\\\/\\\/www.wcloc.com\\\/fr\\\/\",\"name\":\"WC Loc\",\"description\":\"Un site utilisant Les sites de platform.enygea.fr\",\"publisher\":{\"@id\":\"https:\\\/\\\/www.wcloc.com\\\/fr\\\/#organization\"},\"potentialAction\":[{\"@type\":\"SearchAction\",\"target\":{\"@type\":\"EntryPoint\",\"urlTemplate\":\"https:\\\/\\\/www.wcloc.com\\\/fr\\\/?s={search_term_string}\"},\"query-input\":{\"@type\":\"PropertyValueSpecification\",\"valueRequired\":true,\"valueName\":\"search_term_string\"}}],\"inLanguage\":\"fr-FR\"},{\"@type\":\"Organization\",\"@id\":\"https:\\\/\\\/www.wcloc.com\\\/fr\\\/#organization\",\"name\":\"WC Loc\",\"url\":\"https:\\\/\\\/www.wcloc.com\\\/fr\\\/\",\"logo\":{\"@type\":\"ImageObject\",\"inLanguage\":\"fr-FR\",\"@id\":\"https:\\\/\\\/www.wcloc.com\\\/fr\\\/#\\\/schema\\\/logo\\\/image\\\/\",\"url\":\"https:\\\/\\\/www.wcloc.com\\\/wp-content\\\/uploads\\\/2023\\\/04\\\/logo.png\",\"contentUrl\":\"https:\\\/\\\/www.wcloc.com\\\/wp-content\\\/uploads\\\/2023\\\/04\\\/logo.png\",\"width\":291,\"height\":71,\"caption\":\"WC Loc\"},\"image\":{\"@id\":\"https:\\\/\\\/www.wcloc.com\\\/fr\\\/#\\\/schema\\\/logo\\\/image\\\/\"}},{\"@type\":\"Person\",\"@id\":\"https:\\\/\\\/www.wcloc.com\\\/fr\\\/#\\\/schema\\\/person\\\/c1d3e5cca8943626b916c68e8645fb02\",\"name\":\"Helene Lemeiter\",\"image\":{\"@type\":\"ImageObject\",\"inLanguage\":\"fr-FR\",\"@id\":\"https:\\\/\\\/secure.gravatar.com\\\/avatar\\\/9e0c00ca7328b25818d669bbe51f22033f59854e00418a9667f68b01be4e309e?s=96&d=mm&r=g\",\"url\":\"https:\\\/\\\/secure.gravatar.com\\\/avatar\\\/9e0c00ca7328b25818d669bbe51f22033f59854e00418a9667f68b01be4e309e?s=96&d=mm&r=g\",\"contentUrl\":\"https:\\\/\\\/secure.gravatar.com\\\/avatar\\\/9e0c00ca7328b25818d669bbe51f22033f59854e00418a9667f68b01be4e309e?s=96&d=mm&r=g\",\"caption\":\"Helene Lemeiter\"}}]}<\/script>\n<!-- \/ Yoast SEO plugin. -->","yoast_head_json":{"title":"Le 19 novembre, Priorit\u00e9 aux toilettes! - WC Loc","robots":{"index":"index","follow":"follow","max-snippet":"max-snippet:-1","max-image-preview":"max-image-preview:large","max-video-preview":"max-video-preview:-1"},"canonical":"https:\/\/www.wcloc.com\/fr\/le-19-novembre-priorite-aux-toilettes","og_locale":"fr_FR","og_type":"article","og_title":"Le 19 novembre, Priorit\u00e9 aux toilettes! - WC Loc","og_description":"C\u2019est une journ\u00e9e qui captive peu, mais qui a pourtant toute son importance. Elle permet de mettre en lumi\u00e8re les difficult\u00e9s d\u2019acc\u00e8s aux sanitaires dans le monde.","og_url":"https:\/\/www.wcloc.com\/fr\/le-19-novembre-priorite-aux-toilettes","og_site_name":"WC Loc","article_published_time":"2021-12-07T09:09:09+00:00","article_modified_time":"2023-01-20T09:37:30+00:00","og_image":[{"width":1080,"height":1080,"url":"https:\/\/www.wcloc.com\/wp-content\/uploads\/2022\/01\/1.png","type":"image\/png"}],"author":"Helene Lemeiter","twitter_card":"summary_large_image","twitter_misc":{"\u00c9crit par":"Helene Lemeiter","Dur\u00e9e de lecture estim\u00e9e":"5 minutes"},"schema":{"@context":"https:\/\/schema.org","@graph":[{"@type":"NewsArticle","@id":"https:\/\/www.wcloc.com\/fr\/le-19-novembre-priorite-aux-toilettes#article","isPartOf":{"@id":"https:\/\/www.wcloc.com\/fr\/le-19-novembre-priorite-aux-toilettes"},"author":{"name":"Helene Lemeiter","@id":"https:\/\/www.wcloc.com\/fr\/#\/schema\/person\/c1d3e5cca8943626b916c68e8645fb02"},"headline":"Le 19 novembre, Priorit\u00e9 aux toilettes!","datePublished":"2021-12-07T09:09:09+00:00","dateModified":"2023-01-20T09:37:30+00:00","mainEntityOfPage":{"@id":"https:\/\/www.wcloc.com\/fr\/le-19-novembre-priorite-aux-toilettes"},"wordCount":454,"commentCount":0,"publisher":{"@id":"https:\/\/www.wcloc.com\/fr\/#organization"},"image":{"@id":"https:\/\/www.wcloc.com\/fr\/le-19-novembre-priorite-aux-toilettes#primaryimage"},"thumbnailUrl":"https:\/\/www.wcloc.com\/wp-content\/uploads\/2022\/01\/1.png","articleSection":["Hygi\u00e8ne","RSE"],"inLanguage":"fr-FR","potentialAction":[{"@type":"CommentAction","name":"Comment","target":["https:\/\/www.wcloc.com\/fr\/le-19-novembre-priorite-aux-toilettes#respond"]}]},{"@type":"WebPage","@id":"https:\/\/www.wcloc.com\/fr\/le-19-novembre-priorite-aux-toilettes","url":"https:\/\/www.wcloc.com\/fr\/le-19-novembre-priorite-aux-toilettes","name":"Le 19 novembre, Priorit\u00e9 aux toilettes! - WC Loc","isPartOf":{"@id":"https:\/\/www.wcloc.com\/fr\/#website"},"primaryImageOfPage":{"@id":"https:\/\/www.wcloc.com\/fr\/le-19-novembre-priorite-aux-toilettes#primaryimage"},"image":{"@id":"https:\/\/www.wcloc.com\/fr\/le-19-novembre-priorite-aux-toilettes#primaryimage"},"thumbnailUrl":"https:\/\/www.wcloc.com\/wp-content\/uploads\/2022\/01\/1.png","datePublished":"2021-12-07T09:09:09+00:00","dateModified":"2023-01-20T09:37:30+00:00","breadcrumb":{"@id":"https:\/\/www.wcloc.com\/fr\/le-19-novembre-priorite-aux-toilettes#breadcrumb"},"inLanguage":"fr-FR","potentialAction":[{"@type":"ReadAction","target":["https:\/\/www.wcloc.com\/fr\/le-19-novembre-priorite-aux-toilettes"]}]},{"@type":"ImageObject","inLanguage":"fr-FR","@id":"https:\/\/www.wcloc.com\/fr\/le-19-novembre-priorite-aux-toilettes#primaryimage","url":"https:\/\/www.wcloc.com\/wp-content\/uploads\/2022\/01\/1.png","contentUrl":"https:\/\/www.wcloc.com\/wp-content\/uploads\/2022\/01\/1.png","width":1080,"height":1080},{"@type":"BreadcrumbList","@id":"https:\/\/www.wcloc.com\/fr\/le-19-novembre-priorite-aux-toilettes#breadcrumb","itemListElement":[{"@type":"ListItem","position":1,"name":"Hygi\u00e8ne","item":"https:\/\/www.wcloc.com\/fr\/category\/hygiene"},{"@type":"ListItem","position":2,"name":"Le 19 novembre, Priorit\u00e9 aux toilettes!"}]},{"@type":"WebSite","@id":"https:\/\/www.wcloc.com\/fr\/#website","url":"https:\/\/www.wcloc.com\/fr\/","name":"WC Loc","description":"Un site utilisant Les sites de platform.enygea.fr","publisher":{"@id":"https:\/\/www.wcloc.com\/fr\/#organization"},"potentialAction":[{"@type":"SearchAction","target":{"@type":"EntryPoint","urlTemplate":"https:\/\/www.wcloc.com\/fr\/?s={search_term_string}"},"query-input":{"@type":"PropertyValueSpecification","valueRequired":true,"valueName":"search_term_string"}}],"inLanguage":"fr-FR"},{"@type":"Organization","@id":"https:\/\/www.wcloc.com\/fr\/#organization","name":"WC Loc","url":"https:\/\/www.wcloc.com\/fr\/","logo":{"@type":"ImageObject","inLanguage":"fr-FR","@id":"https:\/\/www.wcloc.com\/fr\/#\/schema\/logo\/image\/","url":"https:\/\/www.wcloc.com\/wp-content\/uploads\/2023\/04\/logo.png","contentUrl":"https:\/\/www.wcloc.com\/wp-content\/uploads\/2023\/04\/logo.png","width":291,"height":71,"caption":"WC Loc"},"image":{"@id":"https:\/\/www.wcloc.com\/fr\/#\/schema\/logo\/image\/"}},{"@type":"Person","@id":"https:\/\/www.wcloc.com\/fr\/#\/schema\/person\/c1d3e5cca8943626b916c68e8645fb02","name":"Helene Lemeiter","image":{"@type":"ImageObject","inLanguage":"fr-FR","@id":"https:\/\/secure.gravatar.com\/avatar\/9e0c00ca7328b25818d669bbe51f22033f59854e00418a9667f68b01be4e309e?s=96&d=mm&r=g","url":"https:\/\/secure.gravatar.com\/avatar\/9e0c00ca7328b25818d669bbe51f22033f59854e00418a9667f68b01be4e309e?s=96&d=mm&r=g","contentUrl":"https:\/\/secure.gravatar.com\/avatar\/9e0c00ca7328b25818d669bbe51f22033f59854e00418a9667f68b01be4e309e?s=96&d=mm&r=g","caption":"Helene Lemeiter"}}]}},"_links":{"self":[{"href":"https:\/\/www.wcloc.com\/fr\/wp-json\/wp\/v2\/posts\/34859","targetHints":{"allow":["GET"]}}],"collection":[{"href":"https:\/\/www.wcloc.com\/fr\/wp-json\/wp\/v2\/posts"}],"about":[{"href":"https:\/\/www.wcloc.com\/fr\/wp-json\/wp\/v2\/types\/post"}],"author":[{"embeddable":true,"href":"https:\/\/www.wcloc.com\/fr\/wp-json\/wp\/v2\/users\/50"}],"replies":[{"embeddable":true,"href":"https:\/\/www.wcloc.com\/fr\/wp-json\/wp\/v2\/comments?post=34859"}],"version-history":[{"count":4,"href":"https:\/\/www.wcloc.com\/fr\/wp-json\/wp\/v2\/posts\/34859\/revisions"}],"predecessor-version":[{"id":35145,"href":"https:\/\/www.wcloc.com\/fr\/wp-json\/wp\/v2\/posts\/34859\/revisions\/35145"}],"wp:featuredmedia":[{"embeddable":true,"href":"https:\/\/www.wcloc.com\/fr\/wp-json\/wp\/v2\/media\/40134"}],"wp:attachment":[{"href":"https:\/\/www.wcloc.com\/fr\/wp-json\/wp\/v2\/media?parent=34859"}],"wp:term":[{"taxonomy":"category","embeddable":true,"href":"https:\/\/www.wcloc.com\/fr\/wp-json\/wp\/v2\/categories?post=34859"},{"taxonomy":"post_tag","embeddable":true,"href":"https:\/\/www.wcloc.com\/fr\/wp-json\/wp\/v2\/tags?post=34859"}],"curies":[{"name":"wp","href":"https:\/\/api.w.org\/{rel}","templated":true}]}}