{"id":12135,"date":"2020-11-18T08:00:22","date_gmt":"2020-11-18T07:00:22","guid":{"rendered":"https:\/\/www.wcloc.com\/?p=12135"},"modified":"2025-02-19T16:38:04","modified_gmt":"2025-02-19T15:38:04","slug":"journee-mondiale-des-toilettes-lhygiene-au-centre-des-preoccupations","status":"publish","type":"post","link":"https:\/\/www.wcloc.com\/fr\/journee-mondiale-des-toilettes-lhygiene-au-centre-des-preoccupations","title":{"rendered":"Journ\u00e9e mondiale des toilettes : l&rsquo;hygi\u00e8ne au centre des pr\u00e9occupations"},"content":{"rendered":"<p><strong>Le 19 novembre 2020 se tiendra la Journ\u00e9e Mondiale des Toilettes. Cet \u00e9v\u00e9nement prend un sens particulier cette ann\u00e9e alors que la crise sanitaire s\u00e9vit et que l\u2019hygi\u00e8ne est plus que jamais au c\u0153ur des pr\u00e9occupations. A cette occasion, la soci\u00e9t\u00e9 experte de l\u2019hygi\u00e8ne WC Loc revient sur l\u2019insalubrit\u00e9 des toilettes, notamment dans les \u00e9tablissements scolaires.<\/strong><\/p>\n<p><!--more--><\/p>\n<h2>Un renforcement des mesures sanitaires en \u00e9cole<\/h2>\n<p><strong>\u00a0<\/strong>Apr\u00e8s les annonces du 28 octobre dernier, les \u00e9coles et coll\u00e8ges restent ouverts avec des mesures sanitaires renforc\u00e9es. Un renforcement des mesures sanitaires qui posent beaucoup de questions chez les enseignants et les parents d\u2019\u00e9l\u00e8ves. Se pose ainsi notamment la question de l\u2019hygi\u00e8ne des toilettes, souvent d\u00e9nonc\u00e9e depuis plusieurs ann\u00e9es. La crise de la COVID-19 a permis quelques am\u00e9liorations mais les toilettes des \u00e9coles ne r\u00e9pondent pas forc\u00e9ment aux nouvelles exigences.<\/p>\n<p>Selon une <u>\u00e9tude<\/u> d&rsquo;avril 2020 de l&rsquo;Observatoire national de la s\u00e9curit\u00e9 et de l&rsquo;accessibilit\u00e9 des \u00e9tablissements d&rsquo;enseignement, <strong>25% des \u00e9coles n&rsquo;ont pas de points d&rsquo;eau en nombre suffisant et 3 \u00e9coles sur 4 n&rsquo;ont pas de gel hydro alcoolique<\/strong>. A la rentr\u00e9e, de nombreuses \u00e9coles se sont \u00e9quip\u00e9es de nouveaux sanitaires et lave-mains mais pas en nombre suffisant d\u2019apr\u00e8s de nombreux syndicats de parents d\u2019\u00e9l\u00e8ves.<\/p>\n<p>Ce constat est partag\u00e9 par <a href=\"https:\/\/www.wcloc.com\/fr\">WC Loc, sp\u00e9cialiste de la location des sanitaires mobile<\/a>s. \u00ab <em>Nous avons fourni des \u00e9tablissements depuis septembre en sanitaires et en lave-mains afin de parer cette probl\u00e9matique d&rsquo;hygi\u00e8ne, aujourd&rsquo;hui primordiale pour les \u00e9l\u00e8ves et le corps enseignant. Mais, au vu de l\u2019\u00e9volution de la pand\u00e9mie, il est imp\u00e9ratif d&rsquo;acc\u00e9l\u00e9rer la mise en place de mat\u00e9riels suppl\u00e9mentaires pour garantir l&rsquo;accueil des \u00e9l\u00e8ves en toute s\u00e9curit\u00e9 et dans le respect des mesures d&rsquo;hygi\u00e8ne. <\/em>\u00bb souligne David Desauw, Directeur des Op\u00e9rations, Logistique et Services et r\u00e9f\u00e9rent hygi\u00e8ne sanitaire dans le contexte de la crise de la Covid-19.<\/p>\n<p>&nbsp;<\/p>\n<h2>Un probl\u00e8me d\u2019insalubrit\u00e9 qui n\u2019est pas nouveau<\/h2>\n<p><strong>\u00a0<\/strong>Cette probl\u00e9matique de l\u2019hygi\u00e8ne \u00e0 l\u2019\u00e9cole n\u2019est pas que li\u00e9e \u00e0 la crise de la Covid-19. En 2018 d\u00e9j\u00e0, une <u>\u00e9tude<\/u> de l\u2019IFOP montrait que les sanitaires des \u00e9coles restaient un aspect n\u00e9glig\u00e9, voire un tabou dans la soci\u00e9t\u00e9 fran\u00e7aise.<\/p>\n<p>Le constat du probl\u00e8me des toilettes dans les \u00e9tablissements scolaires semble \u00eatre partag\u00e9 par tous : enfants, enseignants, parents d\u2019\u00e9l\u00e8ves\u2026 Or, le sujet reste tabou et peu discut\u00e9, que ce soit \u00e0 la maison ou \u00e0 l\u2019\u00e9cole. Il existe un v\u00e9ritable \u00ab non-dit \u00bb autour de cette probl\u00e9matique, et <strong>83 % des parents avouent n\u2019aborder que rarement voire jamais le sujet \u00e0 la maison<\/strong>.<\/p>\n<p>Pourtant, l\u2019\u00e9tat des sanitaires dans les \u00e9coles a une importance fondamentale dans le quotidien des \u00e9l\u00e8ves. Ces espaces contribuent \u00e0 leur bien-\u00eatre, leur sant\u00e9 et leur r\u00e9ussite. Il est paradoxal d\u2019apprendre donc que <strong>plus d\u2019un enfant sur deux (54 %) se retient d\u2019aller aux toilettes<\/strong> lorsqu\u2019il est \u00e0 l\u2019\u00e9cole et que<strong> deux tiers d\u2019entre eux (68 %) ont une strat\u00e9gie pour \u00e9viter d\u2019y aller<\/strong>. Ceci peut avoir un v\u00e9ritable impact sur leur sant\u00e9. Maux de ventre, constipation, gastroent\u00e9rites, cystites, probl\u00e8mes de sant\u00e9 n\u00e9cessitant une consultation chez un m\u00e9decin\u2026 1 enfant sur 3 interrog\u00e9 pr\u00e9sentait l\u2019un de ces probl\u00e8mes de sant\u00e9.<\/p>\n<p>&nbsp;<\/p>\n<h3>WC Loc propose des solutions pour aider les \u00e9tablissements scolaires<\/h3>\n<p><strong>\u00a0<\/strong>L\u2019Observatoire national de la s\u00e9curit\u00e9 et de l\u2019accessibilit\u00e9 des \u00e9tablissements d\u2019enseignement a publi\u00e9 ses recommandations \u00e0 appliquer sur le court terme pour venir en aide aux \u00e9tablissements. Parmi ces recommandations, voici celles relatives \u00e0 l\u2019hygi\u00e8ne :<\/p>\n<ul>\n<li>Mise \u00e0 disposition, pour les agents charg\u00e9s du nettoyage avant la r\u00e9ouverture, de protections efficaces et de produits de nettoyage non toxiques pour leur sant\u00e9.<\/li>\n<li>Mise en \u0153uvre d\u2019une politique d\u2019apprentissage collectif et de maintien dans le temps des gestes barri\u00e8res et du bon usage des \u00e9quipements : lavage des mains pour tous, obligatoire \u00e0 l\u2019entr\u00e9e dans l\u2019\u00e9tablissement, avant et apr\u00e8s la cantine, apr\u00e8s la s\u00e9ance de sport et les r\u00e9cr\u00e9ations.<\/li>\n<li>Approvisionnement constant en consommables (essuie-mains \u00e0 usage unique, savon liquide, \u2026)<\/li>\n<li>Installation de <a href=\"https:\/\/www.wcloc.com\/fr\/p\/distributeur-savon-et-gel-event\">distributeurs de gel hydroalcoolique<\/a> \u00e0 l\u2019entr\u00e9e des b\u00e2timents et dans les<\/li>\n<\/ul>\n<p>Ces mesures devraient \u00e0 terme mener \u00e0 \u00ab un \u00e9quipement des nouveaux \u00e9tablissements (et adaptation dans les b\u00e2timents existants) en points d\u2019eau accessibles \u00e0 tous en nombre suffisant, \u00e0 chaque \u00e9tage, dans chaque b\u00e2timent ou aile de b\u00e2timent, sous les pr\u00e9aux, dans le hall, gymnase, restaurant scolaire\u2026 \u00bb toujours selon l\u2019Observatoire.<\/p>\n<p>&nbsp;<\/p>\n<p>Dans cette logique, WC Loc propose aux \u00e9tablissements scolaires de parer au manque de sanitaires afin d\u2019assurer le confort et la s\u00e9curit\u00e9 des \u00e9l\u00e8ves et du corps enseignant. Elle propose ainsi la <a href=\"https:\/\/www.wcloc.com\/fr\/location-lave-mains\">location de sanitaires et lave-mains<\/a> clef en main et respectueux des normes hygi\u00e9niques COVID (entretien complet, service propret\u00e9, vidange et d\u00e9sinfection). En 24h, les blocs sanitaires peuvent \u00eatre install\u00e9s et pr\u00eats \u00e0 l\u2019emploi. WC Loc a d\u00e9j\u00e0 fourni de nombreuses \u00e9coles, notamment en lave-mains, en robinets et en totems distributeurs de savons.<\/p>\n<p>&nbsp;<\/p>\n<h2>La probl\u00e9matique de l\u2019acc\u00e8s \u00e0 l\u2019hygi\u00e8ne est mondiale<\/h2>\n<p><strong>\u00a0<\/strong>Parce que ce probl\u00e8me d\u2019hygi\u00e8ne n\u2019est pas pr\u00e9sent qu\u2019en France mais bien partout dans le monde, WC Loc agit pour un monde plus propre. Aujourd\u2019hui encore, 4,2 milliards de personnes vivent sans acc\u00e8s \u00e0 des installations sanitaires et 673 millions de personnes dans le monde pratiquent la d\u00e9f\u00e9cation en plein air et sont priv\u00e9es de sanitaires ce qui a des effets d\u00e9vastateurs sur la sant\u00e9 publique, les conditions de vie et de travail, la nutrition, l\u2019\u00e9ducation et la productivit\u00e9 \u00e9conomique. *<\/p>\n<p>Pour lutter contre ce probl\u00e8me, WC Loc s\u2019allie, chaque ann\u00e9e, \u00e0 la course caritative Urgent Run Paris afin de r\u00e9colter des dons \u00e0 l\u2019occasion de la Journ\u00e9e Mondiale des Toilettes. L\u2019<a href=\"https:\/\/www.urgentrunparis.fr\/\">Urgent Run Paris<\/a> est une course solidaire qui a pour objectif de sensibiliser l\u2019opinion publique \u00e0 l\u2019urgence de la situation dans le monde et de collecter des fonds pour des associations qui financent des programmes de sanitarisation dans le monde.<\/p>\n<p><img decoding=\"async\" class=\"aligncenter wp-image-12141\" src=\"https:\/\/www.wcloc.com\/wp-content\/uploads\/2020\/11\/Faustine_courir-pour-le-trone-226x300.jpg\" alt=\"\" width=\"275\" height=\"365\" srcset=\"https:\/\/www.wcloc.com\/wp-content\/uploads\/2020\/11\/Faustine_courir-pour-le-trone-226x300.jpg 226w, https:\/\/www.wcloc.com\/wp-content\/uploads\/2020\/11\/Faustine_courir-pour-le-trone.jpg 649w\" sizes=\"(max-width: 275px) 100vw, 275px\" \/><\/p>\n<p>\u00ab <em>Cette ann\u00e9e, plus que jamais, la probl\u00e9matique de l\u2019acc\u00e8s \u00e0 l\u2019hygi\u00e8ne est primordiale. Le monde est touch\u00e9 par une pand\u00e9mie et il est vital d\u2019avoir acc\u00e8s \u00e0 des sanitaires salubres et de pouvoir se laver les mains. <\/em>\u00bb souligne David Desauw, Directeur des Op\u00e9rations, Logistique et Services et r\u00e9f\u00e9rent hygi\u00e8ne sanitaire dans le contexte de la crise de la Covid-19<\/p>\n<p>WC Loc et Urgent Run Paris ont d\u00fb s\u2019adapter \u00e0 la situation exceptionnelle. La course a \u00e9t\u00e9 remplac\u00e9e par des challenges de course. Ainsi, les collaborateurs de l\u2019entreprise WC Loc, mais aussi de l\u2019ensemble du Groupe Enygea, ont mis en place des <a href=\"https:\/\/kmforchange.com\/\">challenges en interne<\/a> et ils courront afin de transformer leurs kilom\u00e8tres courus en dons. Cette ann\u00e9e, ils transpireront pour l\u2019<a href=\"https:\/\/www.unenfantparlamain.org\/projets\/haiti-construire-des-toilettes-pour-lecole-terre-nette\">association Un Enfant par la main<\/a>, qui financera un projet de construction de sanitaires \u00e0 Ha\u00efti.<\/p>\n<div id=\"attachment_12136\" style=\"width: 506px\" class=\"wp-caption aligncenter\"><img decoding=\"async\" aria-describedby=\"caption-attachment-12136\" class=\"wp-image-12136\" src=\"https:\/\/www.wcloc.com\/wp-content\/uploads\/2020\/11\/UEPLM_projet-WC-Loc-et-Haiti-300x142.png\" alt=\"\" width=\"496\" height=\"235\" srcset=\"https:\/\/www.wcloc.com\/wp-content\/uploads\/2020\/11\/UEPLM_projet-WC-Loc-et-Haiti-300x142.png 300w, https:\/\/www.wcloc.com\/wp-content\/uploads\/2020\/11\/UEPLM_projet-WC-Loc-et-Haiti.png 760w\" sizes=\"(max-width: 496px) 100vw, 496px\" \/><p id=\"caption-attachment-12136\" class=\"wp-caption-text\">HAITI: CONSTRUIRE DES TOILETTES POUR L\u2019\u00c9COLE TERRE NETTE<\/p><\/div>\n","protected":false},"excerpt":{"rendered":"Le 19 novembre 2020 se tiendra la Journ\u00e9e Mondiale des Toilettes. Cet \u00e9v\u00e9nement prend un sens particulier cette ann\u00e9e alors que la crise sanitaire s\u00e9vit et que l\u2019hygi\u00e8ne est plus que jamais au c\u0153ur des pr\u00e9occupations. A cette occasion, la soci\u00e9t\u00e9 experte de l\u2019hygi\u00e8ne WC Loc revient sur l\u2019insalubrit\u00e9 des toilettes, notamment dans les \u00e9tablissements [&hellip;]","protected":false},"author":7,"featured_media":12141,"comment_status":"open","ping_status":"open","sticky":false,"template":"","format":"standard","meta":{"_acf_changed":false,"footnotes":""},"categories":[486],"tags":[],"class_list":["post-12135","post","type-post","status-publish","format-standard","has-post-thumbnail","hentry","category-rse"],"acf":[],"yoast_head":"<!-- This site is optimized with the Yoast SEO plugin v27.5 - https:\/\/yoast.com\/product\/yoast-seo-wordpress\/ -->\n<title>Journ\u00e9e mondiale des toilettes : l&#039;hygi\u00e8ne au centre des pr\u00e9occupations - WC Loc<\/title>\n<meta name=\"description\" content=\"WC Loc prend la parole la journ\u00e9e mondiale des toilettes, o\u00f9 l&#039;hygi\u00e8ne est au centre des pr\u00e9occupations. WC Loc, votre expert en location de WC et sanitaires mobiles !\" \/>\n<meta name=\"robots\" content=\"index, follow, max-snippet:-1, max-image-preview:large, max-video-preview:-1\" \/>\n<link rel=\"canonical\" href=\"https:\/\/www.wcloc.com\/fr\/journee-mondiale-des-toilettes-lhygiene-au-centre-des-preoccupations\" \/>\n<meta property=\"og:locale\" content=\"fr_FR\" \/>\n<meta property=\"og:type\" content=\"article\" \/>\n<meta property=\"og:title\" content=\"Journ\u00e9e mondiale des toilettes : l&#039;hygi\u00e8ne au centre des pr\u00e9occupations - WC Loc\" \/>\n<meta property=\"og:description\" content=\"WC Loc prend la parole la journ\u00e9e mondiale des toilettes, o\u00f9 l&#039;hygi\u00e8ne est au centre des pr\u00e9occupations. WC Loc, votre expert en location de WC et sanitaires mobiles !\" \/>\n<meta property=\"og:url\" content=\"https:\/\/www.wcloc.com\/fr\/journee-mondiale-des-toilettes-lhygiene-au-centre-des-preoccupations\" \/>\n<meta property=\"og:site_name\" content=\"WC Loc\" \/>\n<meta property=\"article:published_time\" content=\"2020-11-18T07:00:22+00:00\" \/>\n<meta property=\"article:modified_time\" content=\"2025-02-19T15:38:04+00:00\" \/>\n<meta property=\"og:image\" content=\"https:\/\/www.wcloc.com\/wp-content\/uploads\/2020\/11\/Faustine_courir-pour-le-trone.jpg\" \/>\n\t<meta property=\"og:image:width\" content=\"649\" \/>\n\t<meta property=\"og:image:height\" content=\"863\" \/>\n\t<meta property=\"og:image:type\" content=\"image\/jpeg\" \/>\n<meta name=\"author\" content=\"alice.lemaire\" \/>\n<meta name=\"twitter:card\" content=\"summary_large_image\" \/>\n<meta name=\"twitter:label1\" content=\"\u00c9crit par\" \/>\n\t<meta name=\"twitter:data1\" content=\"alice.lemaire\" \/>\n\t<meta name=\"twitter:label2\" content=\"Dur\u00e9e de lecture estim\u00e9e\" \/>\n\t<meta name=\"twitter:data2\" content=\"6 minutes\" \/>\n<script type=\"application\/ld+json\" class=\"yoast-schema-graph\">{\"@context\":\"https:\\\/\\\/schema.org\",\"@graph\":[{\"@type\":\"NewsArticle\",\"@id\":\"https:\\\/\\\/www.wcloc.com\\\/fr\\\/journee-mondiale-des-toilettes-lhygiene-au-centre-des-preoccupations#article\",\"isPartOf\":{\"@id\":\"https:\\\/\\\/www.wcloc.com\\\/fr\\\/journee-mondiale-des-toilettes-lhygiene-au-centre-des-preoccupations\"},\"author\":{\"name\":\"alice.lemaire\",\"@id\":\"https:\\\/\\\/www.wcloc.com\\\/fr\\\/#\\\/schema\\\/person\\\/38fbcd761212b24c7b6b4fc758ed5273\"},\"headline\":\"Journ\u00e9e mondiale des toilettes : l&rsquo;hygi\u00e8ne au centre des pr\u00e9occupations\",\"datePublished\":\"2020-11-18T07:00:22+00:00\",\"dateModified\":\"2025-02-19T15:38:04+00:00\",\"mainEntityOfPage\":{\"@id\":\"https:\\\/\\\/www.wcloc.com\\\/fr\\\/journee-mondiale-des-toilettes-lhygiene-au-centre-des-preoccupations\"},\"wordCount\":1245,\"commentCount\":0,\"publisher\":{\"@id\":\"https:\\\/\\\/www.wcloc.com\\\/fr\\\/#organization\"},\"image\":{\"@id\":\"https:\\\/\\\/www.wcloc.com\\\/fr\\\/journee-mondiale-des-toilettes-lhygiene-au-centre-des-preoccupations#primaryimage\"},\"thumbnailUrl\":\"https:\\\/\\\/www.wcloc.com\\\/wp-content\\\/uploads\\\/2020\\\/11\\\/Faustine_courir-pour-le-trone.jpg\",\"articleSection\":[\"RSE\"],\"inLanguage\":\"fr-FR\",\"potentialAction\":[{\"@type\":\"CommentAction\",\"name\":\"Comment\",\"target\":[\"https:\\\/\\\/www.wcloc.com\\\/fr\\\/journee-mondiale-des-toilettes-lhygiene-au-centre-des-preoccupations#respond\"]}]},{\"@type\":\"WebPage\",\"@id\":\"https:\\\/\\\/www.wcloc.com\\\/fr\\\/journee-mondiale-des-toilettes-lhygiene-au-centre-des-preoccupations\",\"url\":\"https:\\\/\\\/www.wcloc.com\\\/fr\\\/journee-mondiale-des-toilettes-lhygiene-au-centre-des-preoccupations\",\"name\":\"Journ\u00e9e mondiale des toilettes : l'hygi\u00e8ne au centre des pr\u00e9occupations - WC Loc\",\"isPartOf\":{\"@id\":\"https:\\\/\\\/www.wcloc.com\\\/fr\\\/#website\"},\"primaryImageOfPage\":{\"@id\":\"https:\\\/\\\/www.wcloc.com\\\/fr\\\/journee-mondiale-des-toilettes-lhygiene-au-centre-des-preoccupations#primaryimage\"},\"image\":{\"@id\":\"https:\\\/\\\/www.wcloc.com\\\/fr\\\/journee-mondiale-des-toilettes-lhygiene-au-centre-des-preoccupations#primaryimage\"},\"thumbnailUrl\":\"https:\\\/\\\/www.wcloc.com\\\/wp-content\\\/uploads\\\/2020\\\/11\\\/Faustine_courir-pour-le-trone.jpg\",\"datePublished\":\"2020-11-18T07:00:22+00:00\",\"dateModified\":\"2025-02-19T15:38:04+00:00\",\"description\":\"WC Loc prend la parole la journ\u00e9e mondiale des toilettes, o\u00f9 l'hygi\u00e8ne est au centre des pr\u00e9occupations. WC Loc, votre expert en location de WC et sanitaires mobiles !\",\"breadcrumb\":{\"@id\":\"https:\\\/\\\/www.wcloc.com\\\/fr\\\/journee-mondiale-des-toilettes-lhygiene-au-centre-des-preoccupations#breadcrumb\"},\"inLanguage\":\"fr-FR\",\"potentialAction\":[{\"@type\":\"ReadAction\",\"target\":[\"https:\\\/\\\/www.wcloc.com\\\/fr\\\/journee-mondiale-des-toilettes-lhygiene-au-centre-des-preoccupations\"]}]},{\"@type\":\"ImageObject\",\"inLanguage\":\"fr-FR\",\"@id\":\"https:\\\/\\\/www.wcloc.com\\\/fr\\\/journee-mondiale-des-toilettes-lhygiene-au-centre-des-preoccupations#primaryimage\",\"url\":\"https:\\\/\\\/www.wcloc.com\\\/wp-content\\\/uploads\\\/2020\\\/11\\\/Faustine_courir-pour-le-trone.jpg\",\"contentUrl\":\"https:\\\/\\\/www.wcloc.com\\\/wp-content\\\/uploads\\\/2020\\\/11\\\/Faustine_courir-pour-le-trone.jpg\",\"width\":649,\"height\":863},{\"@type\":\"BreadcrumbList\",\"@id\":\"https:\\\/\\\/www.wcloc.com\\\/fr\\\/journee-mondiale-des-toilettes-lhygiene-au-centre-des-preoccupations#breadcrumb\",\"itemListElement\":[{\"@type\":\"ListItem\",\"position\":1,\"name\":\"RSE\",\"item\":\"https:\\\/\\\/www.wcloc.com\\\/fr\\\/category\\\/rse\"},{\"@type\":\"ListItem\",\"position\":2,\"name\":\"Journ\u00e9e mondiale des toilettes : l&rsquo;hygi\u00e8ne au centre des pr\u00e9occupations\"}]},{\"@type\":\"WebSite\",\"@id\":\"https:\\\/\\\/www.wcloc.com\\\/fr\\\/#website\",\"url\":\"https:\\\/\\\/www.wcloc.com\\\/fr\\\/\",\"name\":\"WC Loc\",\"description\":\"Un site utilisant Les sites de platform.enygea.fr\",\"publisher\":{\"@id\":\"https:\\\/\\\/www.wcloc.com\\\/fr\\\/#organization\"},\"potentialAction\":[{\"@type\":\"SearchAction\",\"target\":{\"@type\":\"EntryPoint\",\"urlTemplate\":\"https:\\\/\\\/www.wcloc.com\\\/fr\\\/?s={search_term_string}\"},\"query-input\":{\"@type\":\"PropertyValueSpecification\",\"valueRequired\":true,\"valueName\":\"search_term_string\"}}],\"inLanguage\":\"fr-FR\"},{\"@type\":\"Organization\",\"@id\":\"https:\\\/\\\/www.wcloc.com\\\/fr\\\/#organization\",\"name\":\"WC Loc\",\"url\":\"https:\\\/\\\/www.wcloc.com\\\/fr\\\/\",\"logo\":{\"@type\":\"ImageObject\",\"inLanguage\":\"fr-FR\",\"@id\":\"https:\\\/\\\/www.wcloc.com\\\/fr\\\/#\\\/schema\\\/logo\\\/image\\\/\",\"url\":\"https:\\\/\\\/www.wcloc.com\\\/wp-content\\\/uploads\\\/2023\\\/04\\\/logo.png\",\"contentUrl\":\"https:\\\/\\\/www.wcloc.com\\\/wp-content\\\/uploads\\\/2023\\\/04\\\/logo.png\",\"width\":291,\"height\":71,\"caption\":\"WC Loc\"},\"image\":{\"@id\":\"https:\\\/\\\/www.wcloc.com\\\/fr\\\/#\\\/schema\\\/logo\\\/image\\\/\"}},{\"@type\":\"Person\",\"@id\":\"https:\\\/\\\/www.wcloc.com\\\/fr\\\/#\\\/schema\\\/person\\\/38fbcd761212b24c7b6b4fc758ed5273\",\"name\":\"alice.lemaire\",\"image\":{\"@type\":\"ImageObject\",\"inLanguage\":\"fr-FR\",\"@id\":\"https:\\\/\\\/secure.gravatar.com\\\/avatar\\\/9bbb7c1d0c54de2468cc230a7a87966da737d630abbb87299b3c513135c5b32e?s=96&d=mm&r=g\",\"url\":\"https:\\\/\\\/secure.gravatar.com\\\/avatar\\\/9bbb7c1d0c54de2468cc230a7a87966da737d630abbb87299b3c513135c5b32e?s=96&d=mm&r=g\",\"contentUrl\":\"https:\\\/\\\/secure.gravatar.com\\\/avatar\\\/9bbb7c1d0c54de2468cc230a7a87966da737d630abbb87299b3c513135c5b32e?s=96&d=mm&r=g\",\"caption\":\"alice.lemaire\"}}]}<\/script>\n<!-- \/ Yoast SEO plugin. -->","yoast_head_json":{"title":"Journ\u00e9e mondiale des toilettes : l'hygi\u00e8ne au centre des pr\u00e9occupations - WC Loc","description":"WC Loc prend la parole la journ\u00e9e mondiale des toilettes, o\u00f9 l'hygi\u00e8ne est au centre des pr\u00e9occupations. WC Loc, votre expert en location de WC et sanitaires mobiles !","robots":{"index":"index","follow":"follow","max-snippet":"max-snippet:-1","max-image-preview":"max-image-preview:large","max-video-preview":"max-video-preview:-1"},"canonical":"https:\/\/www.wcloc.com\/fr\/journee-mondiale-des-toilettes-lhygiene-au-centre-des-preoccupations","og_locale":"fr_FR","og_type":"article","og_title":"Journ\u00e9e mondiale des toilettes : l'hygi\u00e8ne au centre des pr\u00e9occupations - WC Loc","og_description":"WC Loc prend la parole la journ\u00e9e mondiale des toilettes, o\u00f9 l'hygi\u00e8ne est au centre des pr\u00e9occupations. WC Loc, votre expert en location de WC et sanitaires mobiles !","og_url":"https:\/\/www.wcloc.com\/fr\/journee-mondiale-des-toilettes-lhygiene-au-centre-des-preoccupations","og_site_name":"WC Loc","article_published_time":"2020-11-18T07:00:22+00:00","article_modified_time":"2025-02-19T15:38:04+00:00","og_image":[{"width":649,"height":863,"url":"https:\/\/www.wcloc.com\/wp-content\/uploads\/2020\/11\/Faustine_courir-pour-le-trone.jpg","type":"image\/jpeg"}],"author":"alice.lemaire","twitter_card":"summary_large_image","twitter_misc":{"\u00c9crit par":"alice.lemaire","Dur\u00e9e de lecture estim\u00e9e":"6 minutes"},"schema":{"@context":"https:\/\/schema.org","@graph":[{"@type":"NewsArticle","@id":"https:\/\/www.wcloc.com\/fr\/journee-mondiale-des-toilettes-lhygiene-au-centre-des-preoccupations#article","isPartOf":{"@id":"https:\/\/www.wcloc.com\/fr\/journee-mondiale-des-toilettes-lhygiene-au-centre-des-preoccupations"},"author":{"name":"alice.lemaire","@id":"https:\/\/www.wcloc.com\/fr\/#\/schema\/person\/38fbcd761212b24c7b6b4fc758ed5273"},"headline":"Journ\u00e9e mondiale des toilettes : l&rsquo;hygi\u00e8ne au centre des pr\u00e9occupations","datePublished":"2020-11-18T07:00:22+00:00","dateModified":"2025-02-19T15:38:04+00:00","mainEntityOfPage":{"@id":"https:\/\/www.wcloc.com\/fr\/journee-mondiale-des-toilettes-lhygiene-au-centre-des-preoccupations"},"wordCount":1245,"commentCount":0,"publisher":{"@id":"https:\/\/www.wcloc.com\/fr\/#organization"},"image":{"@id":"https:\/\/www.wcloc.com\/fr\/journee-mondiale-des-toilettes-lhygiene-au-centre-des-preoccupations#primaryimage"},"thumbnailUrl":"https:\/\/www.wcloc.com\/wp-content\/uploads\/2020\/11\/Faustine_courir-pour-le-trone.jpg","articleSection":["RSE"],"inLanguage":"fr-FR","potentialAction":[{"@type":"CommentAction","name":"Comment","target":["https:\/\/www.wcloc.com\/fr\/journee-mondiale-des-toilettes-lhygiene-au-centre-des-preoccupations#respond"]}]},{"@type":"WebPage","@id":"https:\/\/www.wcloc.com\/fr\/journee-mondiale-des-toilettes-lhygiene-au-centre-des-preoccupations","url":"https:\/\/www.wcloc.com\/fr\/journee-mondiale-des-toilettes-lhygiene-au-centre-des-preoccupations","name":"Journ\u00e9e mondiale des toilettes : l'hygi\u00e8ne au centre des pr\u00e9occupations - WC Loc","isPartOf":{"@id":"https:\/\/www.wcloc.com\/fr\/#website"},"primaryImageOfPage":{"@id":"https:\/\/www.wcloc.com\/fr\/journee-mondiale-des-toilettes-lhygiene-au-centre-des-preoccupations#primaryimage"},"image":{"@id":"https:\/\/www.wcloc.com\/fr\/journee-mondiale-des-toilettes-lhygiene-au-centre-des-preoccupations#primaryimage"},"thumbnailUrl":"https:\/\/www.wcloc.com\/wp-content\/uploads\/2020\/11\/Faustine_courir-pour-le-trone.jpg","datePublished":"2020-11-18T07:00:22+00:00","dateModified":"2025-02-19T15:38:04+00:00","description":"WC Loc prend la parole la journ\u00e9e mondiale des toilettes, o\u00f9 l'hygi\u00e8ne est au centre des pr\u00e9occupations. WC Loc, votre expert en location de WC et sanitaires mobiles !","breadcrumb":{"@id":"https:\/\/www.wcloc.com\/fr\/journee-mondiale-des-toilettes-lhygiene-au-centre-des-preoccupations#breadcrumb"},"inLanguage":"fr-FR","potentialAction":[{"@type":"ReadAction","target":["https:\/\/www.wcloc.com\/fr\/journee-mondiale-des-toilettes-lhygiene-au-centre-des-preoccupations"]}]},{"@type":"ImageObject","inLanguage":"fr-FR","@id":"https:\/\/www.wcloc.com\/fr\/journee-mondiale-des-toilettes-lhygiene-au-centre-des-preoccupations#primaryimage","url":"https:\/\/www.wcloc.com\/wp-content\/uploads\/2020\/11\/Faustine_courir-pour-le-trone.jpg","contentUrl":"https:\/\/www.wcloc.com\/wp-content\/uploads\/2020\/11\/Faustine_courir-pour-le-trone.jpg","width":649,"height":863},{"@type":"BreadcrumbList","@id":"https:\/\/www.wcloc.com\/fr\/journee-mondiale-des-toilettes-lhygiene-au-centre-des-preoccupations#breadcrumb","itemListElement":[{"@type":"ListItem","position":1,"name":"RSE","item":"https:\/\/www.wcloc.com\/fr\/category\/rse"},{"@type":"ListItem","position":2,"name":"Journ\u00e9e mondiale des toilettes : l&rsquo;hygi\u00e8ne au centre des pr\u00e9occupations"}]},{"@type":"WebSite","@id":"https:\/\/www.wcloc.com\/fr\/#website","url":"https:\/\/www.wcloc.com\/fr\/","name":"WC Loc","description":"Un site utilisant Les sites de platform.enygea.fr","publisher":{"@id":"https:\/\/www.wcloc.com\/fr\/#organization"},"potentialAction":[{"@type":"SearchAction","target":{"@type":"EntryPoint","urlTemplate":"https:\/\/www.wcloc.com\/fr\/?s={search_term_string}"},"query-input":{"@type":"PropertyValueSpecification","valueRequired":true,"valueName":"search_term_string"}}],"inLanguage":"fr-FR"},{"@type":"Organization","@id":"https:\/\/www.wcloc.com\/fr\/#organization","name":"WC Loc","url":"https:\/\/www.wcloc.com\/fr\/","logo":{"@type":"ImageObject","inLanguage":"fr-FR","@id":"https:\/\/www.wcloc.com\/fr\/#\/schema\/logo\/image\/","url":"https:\/\/www.wcloc.com\/wp-content\/uploads\/2023\/04\/logo.png","contentUrl":"https:\/\/www.wcloc.com\/wp-content\/uploads\/2023\/04\/logo.png","width":291,"height":71,"caption":"WC Loc"},"image":{"@id":"https:\/\/www.wcloc.com\/fr\/#\/schema\/logo\/image\/"}},{"@type":"Person","@id":"https:\/\/www.wcloc.com\/fr\/#\/schema\/person\/38fbcd761212b24c7b6b4fc758ed5273","name":"alice.lemaire","image":{"@type":"ImageObject","inLanguage":"fr-FR","@id":"https:\/\/secure.gravatar.com\/avatar\/9bbb7c1d0c54de2468cc230a7a87966da737d630abbb87299b3c513135c5b32e?s=96&d=mm&r=g","url":"https:\/\/secure.gravatar.com\/avatar\/9bbb7c1d0c54de2468cc230a7a87966da737d630abbb87299b3c513135c5b32e?s=96&d=mm&r=g","contentUrl":"https:\/\/secure.gravatar.com\/avatar\/9bbb7c1d0c54de2468cc230a7a87966da737d630abbb87299b3c513135c5b32e?s=96&d=mm&r=g","caption":"alice.lemaire"}}]}},"_links":{"self":[{"href":"https:\/\/www.wcloc.com\/fr\/wp-json\/wp\/v2\/posts\/12135","targetHints":{"allow":["GET"]}}],"collection":[{"href":"https:\/\/www.wcloc.com\/fr\/wp-json\/wp\/v2\/posts"}],"about":[{"href":"https:\/\/www.wcloc.com\/fr\/wp-json\/wp\/v2\/types\/post"}],"author":[{"embeddable":true,"href":"https:\/\/www.wcloc.com\/fr\/wp-json\/wp\/v2\/users\/7"}],"replies":[{"embeddable":true,"href":"https:\/\/www.wcloc.com\/fr\/wp-json\/wp\/v2\/comments?post=12135"}],"version-history":[{"count":3,"href":"https:\/\/www.wcloc.com\/fr\/wp-json\/wp\/v2\/posts\/12135\/revisions"}],"predecessor-version":[{"id":123880,"href":"https:\/\/www.wcloc.com\/fr\/wp-json\/wp\/v2\/posts\/12135\/revisions\/123880"}],"wp:featuredmedia":[{"embeddable":true,"href":"https:\/\/www.wcloc.com\/fr\/wp-json\/wp\/v2\/media\/12141"}],"wp:attachment":[{"href":"https:\/\/www.wcloc.com\/fr\/wp-json\/wp\/v2\/media?parent=12135"}],"wp:term":[{"taxonomy":"category","embeddable":true,"href":"https:\/\/www.wcloc.com\/fr\/wp-json\/wp\/v2\/categories?post=12135"},{"taxonomy":"post_tag","embeddable":true,"href":"https:\/\/www.wcloc.com\/fr\/wp-json\/wp\/v2\/tags?post=12135"}],"curies":[{"name":"wp","href":"https:\/\/api.w.org\/{rel}","templated":true}]}}