{"id":98767,"date":"2023-10-27T10:49:24","date_gmt":"2023-10-27T08:49:24","guid":{"rendered":"https:\/\/www.wcloc.com\/?p=98767"},"modified":"2025-02-07T17:11:15","modified_gmt":"2025-02-07T16:11:15","slug":"asociacion-aviacio-adaptada","status":"publish","type":"post","link":"https:\/\/www.wcloc.com\/es\/asociacion-aviacio-adaptada","title":{"rendered":"WC Loc colaborador de la Asociaci\u00f3n Aviaci\u00f3 Adaptada"},"content":{"rendered":"<p>Agradecemos a <strong>Carlos de Albert<\/strong> de <strong><a href=\"https:\/\/www.sillasvoladoras.com\/\" target=\"_blank\" rel=\"noopener\">sillasvoladoras<\/a><\/strong> haber podido colaborar en la sexta edici\u00f3n de <strong>Aviaci\u00f3 Adaptada<\/strong>, celebrado el pasado s\u00e1bado 21\/10 en el Aer\u00f3dromo de Igualada-\u00d3dena.<\/p>\n<p>M\u00e1s de 130 personas con discapacidad volaron y disfrutaron de una jornada excepcional.<\/p>\n<p>La Jornada de Aviaci\u00f3n Adaptada tiene como objetivo acercar el mundo de la aviaci\u00f3n a las personas de este colectivo, para que disfruten del placer de volar sin obst\u00e1culos ni barreras, y con ello, se fortalezcan y empoderen frente a su d\u00eda a d\u00eda.<\/p>\n<p>&nbsp;<\/p>\n<p><strong><em>\u00abNo s\u00f3lo se trata de volar, sino de un d\u00eda para y con personas con discapacidad en un entorno poco com\u00fan, accesible para este d\u00eda, con actividades y comida comunitaria donde unas 100 personas voluntarias se esfuerzan para que sea lo mejor posible y disfruten de un d\u00eda inolvidable con sus familiares y amigos\u00bb.<\/em><\/strong><\/p>\n<p>Subrayaba la Asociaci\u00f3n.<\/p>\n<p>&nbsp;<\/p>\n<p>La actividad es una iniciativa de la asociaci\u00f3n Aviaci\u00f3 Adaptada y cuenta con la estrecha colaboraci\u00f3n del Ayuntamiento d&#8217;Igualada, el Ayuntamiento d&#8217;\u00d2dena, el Consell Comarcal de l&#8217;Anoia, la Diputaci\u00f3 de Barcelona, Aeroports de Catalunya, Federaci\u00f3n A\u00e9rea Catalana, el Consorcio del Aer\u00f3dromo de Igualada &#8211; \u00d2dena y el Grup \u00c0uria.<\/p>\n<p>En WC Loc estamos orgullosos de haber podido colaborar con nuestro servicio y con la instalaci\u00f3n de <strong><a href=\"https:\/\/www.wcloc.com\/es\/p\/cabina-wc-pmr-autonoma\">aseos PMR<\/a><\/strong>, junto a un amplio tejido de empresas y entidades, que se sumaron a este evento. Una jornada que destac\u00f3 por la ayuda de m\u00e1s de 100 personas voluntarias que lo hicieron posible, entre ellos y ellas profesionales fisioterapeutas, pilotos, controladores a\u00e9reos, psic\u00f3logos y personas an\u00f3nimas que realizar\u00e1n tareas de apoyo log\u00edstico a la zona del bar, parking, talleres, montaje\u2026<\/p>\n","protected":false},"excerpt":{"rendered":"Agradecemos a Carlos de Albert de sillasvoladoras haber podido colaborar en la sexta edici\u00f3n de Aviaci\u00f3 Adaptada, celebrado el pasado s\u00e1bado 21\/10 en el Aer\u00f3dromo de Igualada-\u00d3dena. M\u00e1s de 130 personas con discapacidad volaron y disfrutaron de una jornada excepcional. La Jornada de Aviaci\u00f3n Adaptada tiene como objetivo acercar el mundo de la aviaci\u00f3n a [&hellip;]","protected":false},"author":50,"featured_media":98768,"comment_status":"open","ping_status":"open","sticky":false,"template":"","format":"standard","meta":{"_acf_changed":false,"footnotes":""},"categories":[490],"tags":[],"class_list":["post-98767","post","type-post","status-publish","format-standard","has-post-thumbnail","hentry","category-evento"],"acf":[],"yoast_head":"<!-- This site is optimized with the Yoast SEO plugin v27.5 - https:\/\/yoast.com\/product\/yoast-seo-wordpress\/ -->\n<title>WC Loc colaborador de la Asociaci\u00f3n Aviaci\u00f3 Adaptada - WC Loc<\/title>\n<meta name=\"description\" content=\"Agradecemos a Carlos de Albert de sillasvoladoras.com haber podido colaborar en la sexta edici\u00f3n de Aviaci\u00f3 Adaptada\" \/>\n<meta name=\"robots\" content=\"index, follow, max-snippet:-1, max-image-preview:large, max-video-preview:-1\" \/>\n<link rel=\"canonical\" href=\"https:\/\/www.wcloc.com\/es\/asociacion-aviacio-adaptada\" \/>\n<meta property=\"og:locale\" content=\"es_ES\" \/>\n<meta property=\"og:type\" content=\"article\" \/>\n<meta property=\"og:title\" content=\"WC Loc colaborador de la Asociaci\u00f3n Aviaci\u00f3 Adaptada - WC Loc\" \/>\n<meta property=\"og:description\" content=\"Agradecemos a Carlos de Albert de sillasvoladoras.com haber podido colaborar en la sexta edici\u00f3n de Aviaci\u00f3 Adaptada\" \/>\n<meta property=\"og:url\" content=\"https:\/\/www.wcloc.com\/es\/asociacion-aviacio-adaptada\" \/>\n<meta property=\"og:site_name\" content=\"WC Loc\" \/>\n<meta property=\"article:published_time\" content=\"2023-10-27T08:49:24+00:00\" \/>\n<meta property=\"article:modified_time\" content=\"2025-02-07T16:11:15+00:00\" \/>\n<meta property=\"og:image\" content=\"https:\/\/www.wcloc.com\/wp-content\/uploads\/2023\/10\/sillas-voladoras_ok-01.jpg\" \/>\n\t<meta property=\"og:image:width\" content=\"2000\" \/>\n\t<meta property=\"og:image:height\" content=\"2000\" \/>\n\t<meta property=\"og:image:type\" content=\"image\/jpeg\" \/>\n<meta name=\"author\" content=\"Helene Lemeiter\" \/>\n<meta name=\"twitter:card\" content=\"summary_large_image\" \/>\n<meta name=\"twitter:label1\" content=\"Escrito por\" \/>\n\t<meta name=\"twitter:data1\" content=\"Helene Lemeiter\" \/>\n\t<meta name=\"twitter:label2\" content=\"Tiempo de lectura\" \/>\n\t<meta name=\"twitter:data2\" content=\"1 minuto\" \/>\n<script type=\"application\/ld+json\" class=\"yoast-schema-graph\">{\"@context\":\"https:\\\/\\\/schema.org\",\"@graph\":[{\"@type\":\"NewsArticle\",\"@id\":\"https:\\\/\\\/www.wcloc.com\\\/es\\\/asociacion-aviacio-adaptada#article\",\"isPartOf\":{\"@id\":\"https:\\\/\\\/www.wcloc.com\\\/es\\\/asociacion-aviacio-adaptada\"},\"author\":{\"name\":\"Helene Lemeiter\",\"@id\":\"https:\\\/\\\/www.wcloc.com\\\/es#\\\/schema\\\/person\\\/c1d3e5cca8943626b916c68e8645fb02\"},\"headline\":\"WC Loc colaborador de la Asociaci\u00f3n Aviaci\u00f3 Adaptada\",\"datePublished\":\"2023-10-27T08:49:24+00:00\",\"dateModified\":\"2025-02-07T16:11:15+00:00\",\"mainEntityOfPage\":{\"@id\":\"https:\\\/\\\/www.wcloc.com\\\/es\\\/asociacion-aviacio-adaptada\"},\"wordCount\":306,\"commentCount\":0,\"publisher\":{\"@id\":\"https:\\\/\\\/www.wcloc.com\\\/es#organization\"},\"image\":{\"@id\":\"https:\\\/\\\/www.wcloc.com\\\/es\\\/asociacion-aviacio-adaptada#primaryimage\"},\"thumbnailUrl\":\"https:\\\/\\\/www.wcloc.com\\\/wp-content\\\/uploads\\\/2023\\\/10\\\/sillas-voladoras_ok-01.jpg\",\"articleSection\":[\"Evento\"],\"inLanguage\":\"es\",\"potentialAction\":[{\"@type\":\"CommentAction\",\"name\":\"Comment\",\"target\":[\"https:\\\/\\\/www.wcloc.com\\\/es\\\/asociacion-aviacio-adaptada#respond\"]}]},{\"@type\":\"WebPage\",\"@id\":\"https:\\\/\\\/www.wcloc.com\\\/es\\\/asociacion-aviacio-adaptada\",\"url\":\"https:\\\/\\\/www.wcloc.com\\\/es\\\/asociacion-aviacio-adaptada\",\"name\":\"WC Loc colaborador de la Asociaci\u00f3n Aviaci\u00f3 Adaptada - WC Loc\",\"isPartOf\":{\"@id\":\"https:\\\/\\\/www.wcloc.com\\\/es#website\"},\"primaryImageOfPage\":{\"@id\":\"https:\\\/\\\/www.wcloc.com\\\/es\\\/asociacion-aviacio-adaptada#primaryimage\"},\"image\":{\"@id\":\"https:\\\/\\\/www.wcloc.com\\\/es\\\/asociacion-aviacio-adaptada#primaryimage\"},\"thumbnailUrl\":\"https:\\\/\\\/www.wcloc.com\\\/wp-content\\\/uploads\\\/2023\\\/10\\\/sillas-voladoras_ok-01.jpg\",\"datePublished\":\"2023-10-27T08:49:24+00:00\",\"dateModified\":\"2025-02-07T16:11:15+00:00\",\"description\":\"Agradecemos a Carlos de Albert de sillasvoladoras.com haber podido colaborar en la sexta edici\u00f3n de Aviaci\u00f3 Adaptada\",\"breadcrumb\":{\"@id\":\"https:\\\/\\\/www.wcloc.com\\\/es\\\/asociacion-aviacio-adaptada#breadcrumb\"},\"inLanguage\":\"es\",\"potentialAction\":[{\"@type\":\"ReadAction\",\"target\":[\"https:\\\/\\\/www.wcloc.com\\\/es\\\/asociacion-aviacio-adaptada\"]}]},{\"@type\":\"ImageObject\",\"inLanguage\":\"es\",\"@id\":\"https:\\\/\\\/www.wcloc.com\\\/es\\\/asociacion-aviacio-adaptada#primaryimage\",\"url\":\"https:\\\/\\\/www.wcloc.com\\\/wp-content\\\/uploads\\\/2023\\\/10\\\/sillas-voladoras_ok-01.jpg\",\"contentUrl\":\"https:\\\/\\\/www.wcloc.com\\\/wp-content\\\/uploads\\\/2023\\\/10\\\/sillas-voladoras_ok-01.jpg\",\"width\":2000,\"height\":2000,\"caption\":\"WC Loc colaborador de la Asociaci\u00f3n Aviaci\u00f3 Adaptada\"},{\"@type\":\"BreadcrumbList\",\"@id\":\"https:\\\/\\\/www.wcloc.com\\\/es\\\/asociacion-aviacio-adaptada#breadcrumb\",\"itemListElement\":[{\"@type\":\"ListItem\",\"position\":1,\"name\":\"Evento\",\"item\":\"https:\\\/\\\/www.wcloc.com\\\/es\\\/category\\\/evento\"},{\"@type\":\"ListItem\",\"position\":2,\"name\":\"WC Loc colaborador de la Asociaci\u00f3n Aviaci\u00f3 Adaptada\"}]},{\"@type\":\"WebSite\",\"@id\":\"https:\\\/\\\/www.wcloc.com\\\/es#website\",\"url\":\"https:\\\/\\\/www.wcloc.com\\\/es\",\"name\":\"WC Loc\",\"description\":\"Un site utilisant Les sites de platform.enygea.fr\",\"publisher\":{\"@id\":\"https:\\\/\\\/www.wcloc.com\\\/es#organization\"},\"potentialAction\":[{\"@type\":\"SearchAction\",\"target\":{\"@type\":\"EntryPoint\",\"urlTemplate\":\"https:\\\/\\\/www.wcloc.com\\\/es?s={search_term_string}\"},\"query-input\":{\"@type\":\"PropertyValueSpecification\",\"valueRequired\":true,\"valueName\":\"search_term_string\"}}],\"inLanguage\":\"es\"},{\"@type\":\"Organization\",\"@id\":\"https:\\\/\\\/www.wcloc.com\\\/es#organization\",\"name\":\"WC Loc\",\"url\":\"https:\\\/\\\/www.wcloc.com\\\/es\",\"logo\":{\"@type\":\"ImageObject\",\"inLanguage\":\"es\",\"@id\":\"https:\\\/\\\/www.wcloc.com\\\/es#\\\/schema\\\/logo\\\/image\\\/\",\"url\":\"https:\\\/\\\/www.wcloc.com\\\/wp-content\\\/uploads\\\/2023\\\/04\\\/logo.png\",\"contentUrl\":\"https:\\\/\\\/www.wcloc.com\\\/wp-content\\\/uploads\\\/2023\\\/04\\\/logo.png\",\"width\":291,\"height\":71,\"caption\":\"WC Loc\"},\"image\":{\"@id\":\"https:\\\/\\\/www.wcloc.com\\\/es#\\\/schema\\\/logo\\\/image\\\/\"}},{\"@type\":\"Person\",\"@id\":\"https:\\\/\\\/www.wcloc.com\\\/es#\\\/schema\\\/person\\\/c1d3e5cca8943626b916c68e8645fb02\",\"name\":\"Helene Lemeiter\",\"image\":{\"@type\":\"ImageObject\",\"inLanguage\":\"es\",\"@id\":\"https:\\\/\\\/secure.gravatar.com\\\/avatar\\\/9e0c00ca7328b25818d669bbe51f22033f59854e00418a9667f68b01be4e309e?s=96&d=mm&r=g\",\"url\":\"https:\\\/\\\/secure.gravatar.com\\\/avatar\\\/9e0c00ca7328b25818d669bbe51f22033f59854e00418a9667f68b01be4e309e?s=96&d=mm&r=g\",\"contentUrl\":\"https:\\\/\\\/secure.gravatar.com\\\/avatar\\\/9e0c00ca7328b25818d669bbe51f22033f59854e00418a9667f68b01be4e309e?s=96&d=mm&r=g\",\"caption\":\"Helene Lemeiter\"}}]}<\/script>\n<!-- \/ Yoast SEO plugin. -->","yoast_head_json":{"title":"WC Loc colaborador de la Asociaci\u00f3n Aviaci\u00f3 Adaptada - WC Loc","description":"Agradecemos a Carlos de Albert de sillasvoladoras.com haber podido colaborar en la sexta edici\u00f3n de Aviaci\u00f3 Adaptada","robots":{"index":"index","follow":"follow","max-snippet":"max-snippet:-1","max-image-preview":"max-image-preview:large","max-video-preview":"max-video-preview:-1"},"canonical":"https:\/\/www.wcloc.com\/es\/asociacion-aviacio-adaptada","og_locale":"es_ES","og_type":"article","og_title":"WC Loc colaborador de la Asociaci\u00f3n Aviaci\u00f3 Adaptada - WC Loc","og_description":"Agradecemos a Carlos de Albert de sillasvoladoras.com haber podido colaborar en la sexta edici\u00f3n de Aviaci\u00f3 Adaptada","og_url":"https:\/\/www.wcloc.com\/es\/asociacion-aviacio-adaptada","og_site_name":"WC Loc","article_published_time":"2023-10-27T08:49:24+00:00","article_modified_time":"2025-02-07T16:11:15+00:00","og_image":[{"width":2000,"height":2000,"url":"https:\/\/www.wcloc.com\/wp-content\/uploads\/2023\/10\/sillas-voladoras_ok-01.jpg","type":"image\/jpeg"}],"author":"Helene Lemeiter","twitter_card":"summary_large_image","twitter_misc":{"Escrito por":"Helene Lemeiter","Tiempo de lectura":"1 minuto"},"schema":{"@context":"https:\/\/schema.org","@graph":[{"@type":"NewsArticle","@id":"https:\/\/www.wcloc.com\/es\/asociacion-aviacio-adaptada#article","isPartOf":{"@id":"https:\/\/www.wcloc.com\/es\/asociacion-aviacio-adaptada"},"author":{"name":"Helene Lemeiter","@id":"https:\/\/www.wcloc.com\/es#\/schema\/person\/c1d3e5cca8943626b916c68e8645fb02"},"headline":"WC Loc colaborador de la Asociaci\u00f3n Aviaci\u00f3 Adaptada","datePublished":"2023-10-27T08:49:24+00:00","dateModified":"2025-02-07T16:11:15+00:00","mainEntityOfPage":{"@id":"https:\/\/www.wcloc.com\/es\/asociacion-aviacio-adaptada"},"wordCount":306,"commentCount":0,"publisher":{"@id":"https:\/\/www.wcloc.com\/es#organization"},"image":{"@id":"https:\/\/www.wcloc.com\/es\/asociacion-aviacio-adaptada#primaryimage"},"thumbnailUrl":"https:\/\/www.wcloc.com\/wp-content\/uploads\/2023\/10\/sillas-voladoras_ok-01.jpg","articleSection":["Evento"],"inLanguage":"es","potentialAction":[{"@type":"CommentAction","name":"Comment","target":["https:\/\/www.wcloc.com\/es\/asociacion-aviacio-adaptada#respond"]}]},{"@type":"WebPage","@id":"https:\/\/www.wcloc.com\/es\/asociacion-aviacio-adaptada","url":"https:\/\/www.wcloc.com\/es\/asociacion-aviacio-adaptada","name":"WC Loc colaborador de la Asociaci\u00f3n Aviaci\u00f3 Adaptada - WC Loc","isPartOf":{"@id":"https:\/\/www.wcloc.com\/es#website"},"primaryImageOfPage":{"@id":"https:\/\/www.wcloc.com\/es\/asociacion-aviacio-adaptada#primaryimage"},"image":{"@id":"https:\/\/www.wcloc.com\/es\/asociacion-aviacio-adaptada#primaryimage"},"thumbnailUrl":"https:\/\/www.wcloc.com\/wp-content\/uploads\/2023\/10\/sillas-voladoras_ok-01.jpg","datePublished":"2023-10-27T08:49:24+00:00","dateModified":"2025-02-07T16:11:15+00:00","description":"Agradecemos a Carlos de Albert de sillasvoladoras.com haber podido colaborar en la sexta edici\u00f3n de Aviaci\u00f3 Adaptada","breadcrumb":{"@id":"https:\/\/www.wcloc.com\/es\/asociacion-aviacio-adaptada#breadcrumb"},"inLanguage":"es","potentialAction":[{"@type":"ReadAction","target":["https:\/\/www.wcloc.com\/es\/asociacion-aviacio-adaptada"]}]},{"@type":"ImageObject","inLanguage":"es","@id":"https:\/\/www.wcloc.com\/es\/asociacion-aviacio-adaptada#primaryimage","url":"https:\/\/www.wcloc.com\/wp-content\/uploads\/2023\/10\/sillas-voladoras_ok-01.jpg","contentUrl":"https:\/\/www.wcloc.com\/wp-content\/uploads\/2023\/10\/sillas-voladoras_ok-01.jpg","width":2000,"height":2000,"caption":"WC Loc colaborador de la Asociaci\u00f3n Aviaci\u00f3 Adaptada"},{"@type":"BreadcrumbList","@id":"https:\/\/www.wcloc.com\/es\/asociacion-aviacio-adaptada#breadcrumb","itemListElement":[{"@type":"ListItem","position":1,"name":"Evento","item":"https:\/\/www.wcloc.com\/es\/category\/evento"},{"@type":"ListItem","position":2,"name":"WC Loc colaborador de la Asociaci\u00f3n Aviaci\u00f3 Adaptada"}]},{"@type":"WebSite","@id":"https:\/\/www.wcloc.com\/es#website","url":"https:\/\/www.wcloc.com\/es","name":"WC Loc","description":"Un site utilisant Les sites de platform.enygea.fr","publisher":{"@id":"https:\/\/www.wcloc.com\/es#organization"},"potentialAction":[{"@type":"SearchAction","target":{"@type":"EntryPoint","urlTemplate":"https:\/\/www.wcloc.com\/es?s={search_term_string}"},"query-input":{"@type":"PropertyValueSpecification","valueRequired":true,"valueName":"search_term_string"}}],"inLanguage":"es"},{"@type":"Organization","@id":"https:\/\/www.wcloc.com\/es#organization","name":"WC Loc","url":"https:\/\/www.wcloc.com\/es","logo":{"@type":"ImageObject","inLanguage":"es","@id":"https:\/\/www.wcloc.com\/es#\/schema\/logo\/image\/","url":"https:\/\/www.wcloc.com\/wp-content\/uploads\/2023\/04\/logo.png","contentUrl":"https:\/\/www.wcloc.com\/wp-content\/uploads\/2023\/04\/logo.png","width":291,"height":71,"caption":"WC Loc"},"image":{"@id":"https:\/\/www.wcloc.com\/es#\/schema\/logo\/image\/"}},{"@type":"Person","@id":"https:\/\/www.wcloc.com\/es#\/schema\/person\/c1d3e5cca8943626b916c68e8645fb02","name":"Helene Lemeiter","image":{"@type":"ImageObject","inLanguage":"es","@id":"https:\/\/secure.gravatar.com\/avatar\/9e0c00ca7328b25818d669bbe51f22033f59854e00418a9667f68b01be4e309e?s=96&d=mm&r=g","url":"https:\/\/secure.gravatar.com\/avatar\/9e0c00ca7328b25818d669bbe51f22033f59854e00418a9667f68b01be4e309e?s=96&d=mm&r=g","contentUrl":"https:\/\/secure.gravatar.com\/avatar\/9e0c00ca7328b25818d669bbe51f22033f59854e00418a9667f68b01be4e309e?s=96&d=mm&r=g","caption":"Helene Lemeiter"}}]}},"_links":{"self":[{"href":"https:\/\/www.wcloc.com\/es\/wp-json\/wp\/v2\/posts\/98767","targetHints":{"allow":["GET"]}}],"collection":[{"href":"https:\/\/www.wcloc.com\/es\/wp-json\/wp\/v2\/posts"}],"about":[{"href":"https:\/\/www.wcloc.com\/es\/wp-json\/wp\/v2\/types\/post"}],"author":[{"embeddable":true,"href":"https:\/\/www.wcloc.com\/es\/wp-json\/wp\/v2\/users\/50"}],"replies":[{"embeddable":true,"href":"https:\/\/www.wcloc.com\/es\/wp-json\/wp\/v2\/comments?post=98767"}],"version-history":[{"count":3,"href":"https:\/\/www.wcloc.com\/es\/wp-json\/wp\/v2\/posts\/98767\/revisions"}],"predecessor-version":[{"id":98782,"href":"https:\/\/www.wcloc.com\/es\/wp-json\/wp\/v2\/posts\/98767\/revisions\/98782"}],"wp:featuredmedia":[{"embeddable":true,"href":"https:\/\/www.wcloc.com\/es\/wp-json\/wp\/v2\/media\/98768"}],"wp:attachment":[{"href":"https:\/\/www.wcloc.com\/es\/wp-json\/wp\/v2\/media?parent=98767"}],"wp:term":[{"taxonomy":"category","embeddable":true,"href":"https:\/\/www.wcloc.com\/es\/wp-json\/wp\/v2\/categories?post=98767"},{"taxonomy":"post_tag","embeddable":true,"href":"https:\/\/www.wcloc.com\/es\/wp-json\/wp\/v2\/tags?post=98767"}],"curies":[{"name":"wp","href":"https:\/\/api.w.org\/{rel}","templated":true}]}}