{"id":98616,"date":"2023-10-24T10:45:54","date_gmt":"2023-10-24T08:45:54","guid":{"rendered":"https:\/\/www.wcloc.com\/?p=98616"},"modified":"2025-02-07T17:11:27","modified_gmt":"2025-02-07T16:11:27","slug":"nos-vemos-en-bime-pro-bilbao","status":"publish","type":"post","link":"https:\/\/www.wcloc.com\/es\/nos-vemos-en-bime-pro-bilbao","title":{"rendered":"Nos vemos en BIME PRO &#8211; Bilbao"},"content":{"rendered":"<p><strong>Orgullosos de compartir de nuevo con vosotros BIME Pro &amp; Live 2023, la espectacular cita que se celebra en la ciudad de Bilbao del 25 al 28 de octubre de 2023.<br \/>\n<\/strong><\/p>\n<p><a href=\"https:\/\/bime.org\/\">BIME Pro<\/a> es un encuentro internacional de Industria Musical que cumple este a\u00f1o su 11\u00aa edici\u00f3n en Bilbao, y desde 2022, tambi\u00e9n en Bogot\u00e1 (Colombia).<br \/>\nUn encuentro profesional y transversal donde todas las empresas del sector pueden compartir y reflexionar sobre los retos del futuro y el disfrute de la m\u00fasica en vivo.<\/p>\n<p>Son muchos los eventos donde estamos demostrando nuestro especializado cat\u00e1logo y rigor en todo el servicio para eventos y grandes festivales musicales.<br \/>\nGracias a el <a href=\"https:\/\/www.wcloc.com\/es\/compromisos\">compromiso<\/a> de\u00a0 <a href=\"https:\/\/www.wcloc.com\/es\/servicios\">nuestro servicio<\/a> y a nuestro portfolio con modernas <a href=\"https:\/\/www.wcloc.com\/es\/c\/alquiler-wc-portatiles-para-eventos\/cabinas-wc-autonomas-y-urinarios\">cabinas WC<\/a>, urinarios para mujer <a href=\"https:\/\/www.wcloc.com\/es\/p\/urinario-femenino-madamepee-autonomo\">MadamePee<\/a> y hombre <a href=\"https:\/\/www.wcloc.com\/es\/p\/urinario-masculino-misterpee-autonomo\">MrPee<\/a>, <a href=\"https:\/\/www.wcloc.com\/es\/c\/alquiler-wc-portatiles-para-eventos\/gama-village\">m\u00f3dulos y remolques<\/a> aut\u00f3nomos dise\u00f1ados para responder a exclusivas celebraciones VIP.<\/p>\n<p><strong>Equipos WC de nueva generaci\u00f3n que redefinen el dise\u00f1o, ergonom\u00eda y funcionalidad con sistemas sostenibles que reducen el consumo de agua, y el impacto frente al medioambiente.<\/strong><\/p>\n<h3>Nos vemos esta semana en BIME-Bilbao con nuestro mejor equipo.<br \/>\nSTAND 24- EN EL\u00a0URBAN HALL DEL PALACIO EUSKALDUNA.<\/h3>\n<p>&nbsp;<\/p>\n<p><a href=\"https:\/\/cienpiescomunicacion.com\/wcloc\/catalogo-wcloc-VILLAGE-2023.pdf\" target=\"_blank\" rel=\"noopener\"><img decoding=\"async\" class=\"alignnone wp-image-98617 size-medium\" src=\"https:\/\/www.wcloc.com\/wp-content\/uploads\/2023\/10\/cover-village-300x212.jpg\" alt=\"BIME Pro &amp; Live 2023 WC Loc\" width=\"300\" height=\"212\" srcset=\"https:\/\/www.wcloc.com\/wp-content\/uploads\/2023\/10\/cover-village-300x212.jpg 300w, https:\/\/www.wcloc.com\/wp-content\/uploads\/2023\/10\/cover-village-1024x724.jpg 1024w, https:\/\/www.wcloc.com\/wp-content\/uploads\/2023\/10\/cover-village-768x543.jpg 768w, https:\/\/www.wcloc.com\/wp-content\/uploads\/2023\/10\/cover-village.jpg 1200w\" sizes=\"(max-width: 300px) 100vw, 300px\" \/><\/a><br \/>\n<em><strong><a href=\"https:\/\/cienpiescomunicacion.com\/wcloc\/catalogo-wcloc-VILLAGE-2023.pdf\" target=\"_blank\" rel=\"noopener\">Ver nuestro cat\u00e1logo VILLAGE-PREMIUM<\/a><\/strong><\/em><\/p>\n<p>&nbsp;<\/p>\n<p><a href=\"https:\/\/cienpiescomunicacion.com\/wcloc\/catalogo-wcloc-eventos.pdf\" target=\"_blank\" rel=\"noopener\"><img decoding=\"async\" class=\"alignnone wp-image-98628 size-medium\" src=\"https:\/\/www.wcloc.com\/wp-content\/uploads\/2023\/10\/cover-eventos-300x212.jpg\" alt=\"\" width=\"300\" height=\"212\" srcset=\"https:\/\/www.wcloc.com\/wp-content\/uploads\/2023\/10\/cover-eventos-300x212.jpg 300w, https:\/\/www.wcloc.com\/wp-content\/uploads\/2023\/10\/cover-eventos-1024x724.jpg 1024w, https:\/\/www.wcloc.com\/wp-content\/uploads\/2023\/10\/cover-eventos-768x543.jpg 768w, https:\/\/www.wcloc.com\/wp-content\/uploads\/2023\/10\/cover-eventos.jpg 1200w\" sizes=\"(max-width: 300px) 100vw, 300px\" \/><\/a><br \/>\n<em><strong><a href=\"https:\/\/cienpiescomunicacion.com\/wcloc\/catalogo-wcloc-eventos.pdf\" target=\"_blank\" rel=\"noopener\">Ver nuestro cat\u00e1logo EVENTOS<\/a><\/strong><\/em><\/p>\n<p>&nbsp;<\/p>\n<h3><\/h3>\n","protected":false},"excerpt":{"rendered":"Orgullosos de compartir de nuevo con vosotros BIME Pro &amp; Live 2023, la espectacular cita que se celebra en la ciudad de Bilbao del 25 al 28 de octubre de 2023. BIME Pro es un encuentro internacional de Industria Musical que cumple este a\u00f1o su 11\u00aa edici\u00f3n en Bilbao, y desde 2022, tambi\u00e9n en Bogot\u00e1 [&hellip;]","protected":false},"author":50,"featured_media":98654,"comment_status":"open","ping_status":"open","sticky":false,"template":"","format":"standard","meta":{"_acf_changed":false,"footnotes":""},"categories":[490],"tags":[],"class_list":["post-98616","post","type-post","status-publish","format-standard","has-post-thumbnail","hentry","category-evento"],"acf":[],"yoast_head":"<!-- This site is optimized with the Yoast SEO plugin v27.5 - https:\/\/yoast.com\/product\/yoast-seo-wordpress\/ -->\n<title>Nos vemos en BIME PRO - Bilbao - WC Loc<\/title>\n<meta name=\"description\" content=\"Orgullos de compartir de nuevo con vosotros BIME Pro &amp; Live 2023, a espectacular cita que se celebra en Bilbao del 25 al 28 de octubre.\" \/>\n<meta name=\"robots\" content=\"index, follow, max-snippet:-1, max-image-preview:large, max-video-preview:-1\" \/>\n<link rel=\"canonical\" href=\"https:\/\/www.wcloc.com\/es\/nos-vemos-en-bime-pro-bilbao\" \/>\n<meta property=\"og:locale\" content=\"es_ES\" \/>\n<meta property=\"og:type\" content=\"article\" \/>\n<meta property=\"og:title\" content=\"Nos vemos en BIME PRO - Bilbao - WC Loc\" \/>\n<meta property=\"og:description\" content=\"Orgullos de compartir de nuevo con vosotros BIME Pro &amp; Live 2023, a espectacular cita que se celebra en Bilbao del 25 al 28 de octubre.\" \/>\n<meta property=\"og:url\" content=\"https:\/\/www.wcloc.com\/es\/nos-vemos-en-bime-pro-bilbao\" \/>\n<meta property=\"og:site_name\" content=\"WC Loc\" \/>\n<meta property=\"article:published_time\" content=\"2023-10-24T08:45:54+00:00\" \/>\n<meta property=\"article:modified_time\" content=\"2025-02-07T16:11:27+00:00\" \/>\n<meta property=\"og:image\" content=\"https:\/\/www.wcloc.com\/wp-content\/uploads\/2023\/10\/Sin-ti\u0301tulo-1-01-1.jpg\" \/>\n\t<meta property=\"og:image:width\" content=\"1200\" \/>\n\t<meta property=\"og:image:height\" content=\"1200\" \/>\n\t<meta property=\"og:image:type\" content=\"image\/jpeg\" \/>\n<meta name=\"author\" content=\"Helene Lemeiter\" \/>\n<meta name=\"twitter:card\" content=\"summary_large_image\" \/>\n<meta name=\"twitter:label1\" content=\"Escrito por\" \/>\n\t<meta name=\"twitter:data1\" content=\"Helene Lemeiter\" \/>\n\t<meta name=\"twitter:label2\" content=\"Tiempo de lectura\" \/>\n\t<meta name=\"twitter:data2\" content=\"1 minuto\" \/>\n<script type=\"application\/ld+json\" class=\"yoast-schema-graph\">{\"@context\":\"https:\\\/\\\/schema.org\",\"@graph\":[{\"@type\":\"NewsArticle\",\"@id\":\"https:\\\/\\\/www.wcloc.com\\\/es\\\/nos-vemos-en-bime-pro-bilbao#article\",\"isPartOf\":{\"@id\":\"https:\\\/\\\/www.wcloc.com\\\/es\\\/nos-vemos-en-bime-pro-bilbao\"},\"author\":{\"name\":\"Helene Lemeiter\",\"@id\":\"https:\\\/\\\/www.wcloc.com\\\/es#\\\/schema\\\/person\\\/c1d3e5cca8943626b916c68e8645fb02\"},\"headline\":\"Nos vemos en BIME PRO &#8211; Bilbao\",\"datePublished\":\"2023-10-24T08:45:54+00:00\",\"dateModified\":\"2025-02-07T16:11:27+00:00\",\"mainEntityOfPage\":{\"@id\":\"https:\\\/\\\/www.wcloc.com\\\/es\\\/nos-vemos-en-bime-pro-bilbao\"},\"wordCount\":210,\"commentCount\":0,\"publisher\":{\"@id\":\"https:\\\/\\\/www.wcloc.com\\\/es#organization\"},\"image\":{\"@id\":\"https:\\\/\\\/www.wcloc.com\\\/es\\\/nos-vemos-en-bime-pro-bilbao#primaryimage\"},\"thumbnailUrl\":\"https:\\\/\\\/www.wcloc.com\\\/wp-content\\\/uploads\\\/2023\\\/10\\\/Sin-ti\u0301tulo-1-01-1.jpg\",\"articleSection\":[\"Evento\"],\"inLanguage\":\"es\",\"potentialAction\":[{\"@type\":\"CommentAction\",\"name\":\"Comment\",\"target\":[\"https:\\\/\\\/www.wcloc.com\\\/es\\\/nos-vemos-en-bime-pro-bilbao#respond\"]}]},{\"@type\":\"WebPage\",\"@id\":\"https:\\\/\\\/www.wcloc.com\\\/es\\\/nos-vemos-en-bime-pro-bilbao\",\"url\":\"https:\\\/\\\/www.wcloc.com\\\/es\\\/nos-vemos-en-bime-pro-bilbao\",\"name\":\"Nos vemos en BIME PRO - Bilbao - WC Loc\",\"isPartOf\":{\"@id\":\"https:\\\/\\\/www.wcloc.com\\\/es#website\"},\"primaryImageOfPage\":{\"@id\":\"https:\\\/\\\/www.wcloc.com\\\/es\\\/nos-vemos-en-bime-pro-bilbao#primaryimage\"},\"image\":{\"@id\":\"https:\\\/\\\/www.wcloc.com\\\/es\\\/nos-vemos-en-bime-pro-bilbao#primaryimage\"},\"thumbnailUrl\":\"https:\\\/\\\/www.wcloc.com\\\/wp-content\\\/uploads\\\/2023\\\/10\\\/Sin-ti\u0301tulo-1-01-1.jpg\",\"datePublished\":\"2023-10-24T08:45:54+00:00\",\"dateModified\":\"2025-02-07T16:11:27+00:00\",\"description\":\"Orgullos de compartir de nuevo con vosotros BIME Pro & Live 2023, a espectacular cita que se celebra en Bilbao del 25 al 28 de octubre.\",\"breadcrumb\":{\"@id\":\"https:\\\/\\\/www.wcloc.com\\\/es\\\/nos-vemos-en-bime-pro-bilbao#breadcrumb\"},\"inLanguage\":\"es\",\"potentialAction\":[{\"@type\":\"ReadAction\",\"target\":[\"https:\\\/\\\/www.wcloc.com\\\/es\\\/nos-vemos-en-bime-pro-bilbao\"]}]},{\"@type\":\"ImageObject\",\"inLanguage\":\"es\",\"@id\":\"https:\\\/\\\/www.wcloc.com\\\/es\\\/nos-vemos-en-bime-pro-bilbao#primaryimage\",\"url\":\"https:\\\/\\\/www.wcloc.com\\\/wp-content\\\/uploads\\\/2023\\\/10\\\/Sin-ti\u0301tulo-1-01-1.jpg\",\"contentUrl\":\"https:\\\/\\\/www.wcloc.com\\\/wp-content\\\/uploads\\\/2023\\\/10\\\/Sin-ti\u0301tulo-1-01-1.jpg\",\"width\":1200,\"height\":1200,\"caption\":\"BIME Pro & Live 2023 WC Loc\"},{\"@type\":\"BreadcrumbList\",\"@id\":\"https:\\\/\\\/www.wcloc.com\\\/es\\\/nos-vemos-en-bime-pro-bilbao#breadcrumb\",\"itemListElement\":[{\"@type\":\"ListItem\",\"position\":1,\"name\":\"Evento\",\"item\":\"https:\\\/\\\/www.wcloc.com\\\/es\\\/category\\\/evento\"},{\"@type\":\"ListItem\",\"position\":2,\"name\":\"Nos vemos en BIME PRO &#8211; Bilbao\"}]},{\"@type\":\"WebSite\",\"@id\":\"https:\\\/\\\/www.wcloc.com\\\/es#website\",\"url\":\"https:\\\/\\\/www.wcloc.com\\\/es\",\"name\":\"WC Loc\",\"description\":\"Un site utilisant Les sites de platform.enygea.fr\",\"publisher\":{\"@id\":\"https:\\\/\\\/www.wcloc.com\\\/es#organization\"},\"potentialAction\":[{\"@type\":\"SearchAction\",\"target\":{\"@type\":\"EntryPoint\",\"urlTemplate\":\"https:\\\/\\\/www.wcloc.com\\\/es?s={search_term_string}\"},\"query-input\":{\"@type\":\"PropertyValueSpecification\",\"valueRequired\":true,\"valueName\":\"search_term_string\"}}],\"inLanguage\":\"es\"},{\"@type\":\"Organization\",\"@id\":\"https:\\\/\\\/www.wcloc.com\\\/es#organization\",\"name\":\"WC Loc\",\"url\":\"https:\\\/\\\/www.wcloc.com\\\/es\",\"logo\":{\"@type\":\"ImageObject\",\"inLanguage\":\"es\",\"@id\":\"https:\\\/\\\/www.wcloc.com\\\/es#\\\/schema\\\/logo\\\/image\\\/\",\"url\":\"https:\\\/\\\/www.wcloc.com\\\/wp-content\\\/uploads\\\/2023\\\/04\\\/logo.png\",\"contentUrl\":\"https:\\\/\\\/www.wcloc.com\\\/wp-content\\\/uploads\\\/2023\\\/04\\\/logo.png\",\"width\":291,\"height\":71,\"caption\":\"WC Loc\"},\"image\":{\"@id\":\"https:\\\/\\\/www.wcloc.com\\\/es#\\\/schema\\\/logo\\\/image\\\/\"}},{\"@type\":\"Person\",\"@id\":\"https:\\\/\\\/www.wcloc.com\\\/es#\\\/schema\\\/person\\\/c1d3e5cca8943626b916c68e8645fb02\",\"name\":\"Helene Lemeiter\",\"image\":{\"@type\":\"ImageObject\",\"inLanguage\":\"es\",\"@id\":\"https:\\\/\\\/secure.gravatar.com\\\/avatar\\\/9e0c00ca7328b25818d669bbe51f22033f59854e00418a9667f68b01be4e309e?s=96&d=mm&r=g\",\"url\":\"https:\\\/\\\/secure.gravatar.com\\\/avatar\\\/9e0c00ca7328b25818d669bbe51f22033f59854e00418a9667f68b01be4e309e?s=96&d=mm&r=g\",\"contentUrl\":\"https:\\\/\\\/secure.gravatar.com\\\/avatar\\\/9e0c00ca7328b25818d669bbe51f22033f59854e00418a9667f68b01be4e309e?s=96&d=mm&r=g\",\"caption\":\"Helene Lemeiter\"}}]}<\/script>\n<!-- \/ Yoast SEO plugin. -->","yoast_head_json":{"title":"Nos vemos en BIME PRO - Bilbao - WC Loc","description":"Orgullos de compartir de nuevo con vosotros BIME Pro & Live 2023, a espectacular cita que se celebra en Bilbao del 25 al 28 de octubre.","robots":{"index":"index","follow":"follow","max-snippet":"max-snippet:-1","max-image-preview":"max-image-preview:large","max-video-preview":"max-video-preview:-1"},"canonical":"https:\/\/www.wcloc.com\/es\/nos-vemos-en-bime-pro-bilbao","og_locale":"es_ES","og_type":"article","og_title":"Nos vemos en BIME PRO - Bilbao - WC Loc","og_description":"Orgullos de compartir de nuevo con vosotros BIME Pro & Live 2023, a espectacular cita que se celebra en Bilbao del 25 al 28 de octubre.","og_url":"https:\/\/www.wcloc.com\/es\/nos-vemos-en-bime-pro-bilbao","og_site_name":"WC Loc","article_published_time":"2023-10-24T08:45:54+00:00","article_modified_time":"2025-02-07T16:11:27+00:00","og_image":[{"width":1200,"height":1200,"url":"https:\/\/www.wcloc.com\/wp-content\/uploads\/2023\/10\/Sin-ti\u0301tulo-1-01-1.jpg","type":"image\/jpeg"}],"author":"Helene Lemeiter","twitter_card":"summary_large_image","twitter_misc":{"Escrito por":"Helene Lemeiter","Tiempo de lectura":"1 minuto"},"schema":{"@context":"https:\/\/schema.org","@graph":[{"@type":"NewsArticle","@id":"https:\/\/www.wcloc.com\/es\/nos-vemos-en-bime-pro-bilbao#article","isPartOf":{"@id":"https:\/\/www.wcloc.com\/es\/nos-vemos-en-bime-pro-bilbao"},"author":{"name":"Helene Lemeiter","@id":"https:\/\/www.wcloc.com\/es#\/schema\/person\/c1d3e5cca8943626b916c68e8645fb02"},"headline":"Nos vemos en BIME PRO &#8211; Bilbao","datePublished":"2023-10-24T08:45:54+00:00","dateModified":"2025-02-07T16:11:27+00:00","mainEntityOfPage":{"@id":"https:\/\/www.wcloc.com\/es\/nos-vemos-en-bime-pro-bilbao"},"wordCount":210,"commentCount":0,"publisher":{"@id":"https:\/\/www.wcloc.com\/es#organization"},"image":{"@id":"https:\/\/www.wcloc.com\/es\/nos-vemos-en-bime-pro-bilbao#primaryimage"},"thumbnailUrl":"https:\/\/www.wcloc.com\/wp-content\/uploads\/2023\/10\/Sin-ti\u0301tulo-1-01-1.jpg","articleSection":["Evento"],"inLanguage":"es","potentialAction":[{"@type":"CommentAction","name":"Comment","target":["https:\/\/www.wcloc.com\/es\/nos-vemos-en-bime-pro-bilbao#respond"]}]},{"@type":"WebPage","@id":"https:\/\/www.wcloc.com\/es\/nos-vemos-en-bime-pro-bilbao","url":"https:\/\/www.wcloc.com\/es\/nos-vemos-en-bime-pro-bilbao","name":"Nos vemos en BIME PRO - Bilbao - WC Loc","isPartOf":{"@id":"https:\/\/www.wcloc.com\/es#website"},"primaryImageOfPage":{"@id":"https:\/\/www.wcloc.com\/es\/nos-vemos-en-bime-pro-bilbao#primaryimage"},"image":{"@id":"https:\/\/www.wcloc.com\/es\/nos-vemos-en-bime-pro-bilbao#primaryimage"},"thumbnailUrl":"https:\/\/www.wcloc.com\/wp-content\/uploads\/2023\/10\/Sin-ti\u0301tulo-1-01-1.jpg","datePublished":"2023-10-24T08:45:54+00:00","dateModified":"2025-02-07T16:11:27+00:00","description":"Orgullos de compartir de nuevo con vosotros BIME Pro & Live 2023, a espectacular cita que se celebra en Bilbao del 25 al 28 de octubre.","breadcrumb":{"@id":"https:\/\/www.wcloc.com\/es\/nos-vemos-en-bime-pro-bilbao#breadcrumb"},"inLanguage":"es","potentialAction":[{"@type":"ReadAction","target":["https:\/\/www.wcloc.com\/es\/nos-vemos-en-bime-pro-bilbao"]}]},{"@type":"ImageObject","inLanguage":"es","@id":"https:\/\/www.wcloc.com\/es\/nos-vemos-en-bime-pro-bilbao#primaryimage","url":"https:\/\/www.wcloc.com\/wp-content\/uploads\/2023\/10\/Sin-ti\u0301tulo-1-01-1.jpg","contentUrl":"https:\/\/www.wcloc.com\/wp-content\/uploads\/2023\/10\/Sin-ti\u0301tulo-1-01-1.jpg","width":1200,"height":1200,"caption":"BIME Pro & Live 2023 WC Loc"},{"@type":"BreadcrumbList","@id":"https:\/\/www.wcloc.com\/es\/nos-vemos-en-bime-pro-bilbao#breadcrumb","itemListElement":[{"@type":"ListItem","position":1,"name":"Evento","item":"https:\/\/www.wcloc.com\/es\/category\/evento"},{"@type":"ListItem","position":2,"name":"Nos vemos en BIME PRO &#8211; Bilbao"}]},{"@type":"WebSite","@id":"https:\/\/www.wcloc.com\/es#website","url":"https:\/\/www.wcloc.com\/es","name":"WC Loc","description":"Un site utilisant Les sites de platform.enygea.fr","publisher":{"@id":"https:\/\/www.wcloc.com\/es#organization"},"potentialAction":[{"@type":"SearchAction","target":{"@type":"EntryPoint","urlTemplate":"https:\/\/www.wcloc.com\/es?s={search_term_string}"},"query-input":{"@type":"PropertyValueSpecification","valueRequired":true,"valueName":"search_term_string"}}],"inLanguage":"es"},{"@type":"Organization","@id":"https:\/\/www.wcloc.com\/es#organization","name":"WC Loc","url":"https:\/\/www.wcloc.com\/es","logo":{"@type":"ImageObject","inLanguage":"es","@id":"https:\/\/www.wcloc.com\/es#\/schema\/logo\/image\/","url":"https:\/\/www.wcloc.com\/wp-content\/uploads\/2023\/04\/logo.png","contentUrl":"https:\/\/www.wcloc.com\/wp-content\/uploads\/2023\/04\/logo.png","width":291,"height":71,"caption":"WC Loc"},"image":{"@id":"https:\/\/www.wcloc.com\/es#\/schema\/logo\/image\/"}},{"@type":"Person","@id":"https:\/\/www.wcloc.com\/es#\/schema\/person\/c1d3e5cca8943626b916c68e8645fb02","name":"Helene Lemeiter","image":{"@type":"ImageObject","inLanguage":"es","@id":"https:\/\/secure.gravatar.com\/avatar\/9e0c00ca7328b25818d669bbe51f22033f59854e00418a9667f68b01be4e309e?s=96&d=mm&r=g","url":"https:\/\/secure.gravatar.com\/avatar\/9e0c00ca7328b25818d669bbe51f22033f59854e00418a9667f68b01be4e309e?s=96&d=mm&r=g","contentUrl":"https:\/\/secure.gravatar.com\/avatar\/9e0c00ca7328b25818d669bbe51f22033f59854e00418a9667f68b01be4e309e?s=96&d=mm&r=g","caption":"Helene Lemeiter"}}]}},"_links":{"self":[{"href":"https:\/\/www.wcloc.com\/es\/wp-json\/wp\/v2\/posts\/98616","targetHints":{"allow":["GET"]}}],"collection":[{"href":"https:\/\/www.wcloc.com\/es\/wp-json\/wp\/v2\/posts"}],"about":[{"href":"https:\/\/www.wcloc.com\/es\/wp-json\/wp\/v2\/types\/post"}],"author":[{"embeddable":true,"href":"https:\/\/www.wcloc.com\/es\/wp-json\/wp\/v2\/users\/50"}],"replies":[{"embeddable":true,"href":"https:\/\/www.wcloc.com\/es\/wp-json\/wp\/v2\/comments?post=98616"}],"version-history":[{"count":4,"href":"https:\/\/www.wcloc.com\/es\/wp-json\/wp\/v2\/posts\/98616\/revisions"}],"predecessor-version":[{"id":98673,"href":"https:\/\/www.wcloc.com\/es\/wp-json\/wp\/v2\/posts\/98616\/revisions\/98673"}],"wp:featuredmedia":[{"embeddable":true,"href":"https:\/\/www.wcloc.com\/es\/wp-json\/wp\/v2\/media\/98654"}],"wp:attachment":[{"href":"https:\/\/www.wcloc.com\/es\/wp-json\/wp\/v2\/media?parent=98616"}],"wp:term":[{"taxonomy":"category","embeddable":true,"href":"https:\/\/www.wcloc.com\/es\/wp-json\/wp\/v2\/categories?post=98616"},{"taxonomy":"post_tag","embeddable":true,"href":"https:\/\/www.wcloc.com\/es\/wp-json\/wp\/v2\/tags?post=98616"}],"curies":[{"name":"wp","href":"https:\/\/api.w.org\/{rel}","templated":true}]}}