{"id":98549,"date":"2023-10-20T10:42:14","date_gmt":"2023-10-20T08:42:14","guid":{"rendered":"https:\/\/www.wcloc.com\/?p=98549"},"modified":"2025-02-07T17:12:09","modified_gmt":"2025-02-07T16:12:09","slug":"wc-loc-presentes-en-municipalia-2023","status":"publish","type":"post","link":"https:\/\/www.wcloc.com\/es\/wc-loc-presentes-en-municipalia-2023","title":{"rendered":"WC Loc presentes en Municipalia 2023"},"content":{"rendered":"<h2><strong>Muy satisfechos de compartir con vosotros Municipalia 2023.<\/strong><\/h2>\n<p><strong>Municipalia 2023<\/strong> es la <a href=\"https:\/\/firadelleida.com\/municipalia\/ca\/\">feria bienal<\/a> m\u00e1s importante del sector y un referente para los ayuntamientos que encuentran en este espacio las mejores soluciones para la gesti\u00f3n municipal.<br \/>\nUn punto de intercambio que genera un impulso para transformar los temas que preocupan a los ayuntamientos y a la sociedad para poder crear ciudades m\u00e1s eficientes, inteligentes, seguras, sostenibles y humanas.<\/p>\n<p>En WC Loc contamos con la confianza de las principales ciudades y municipios.<br \/>\nAdem\u00e1s de nuestro <a href=\"https:\/\/www.wcloc.com\/es\/servicios\">servicio incondicional<\/a> para equipamientos p\u00fablicos, hemos colaborado en campa\u00f1as para fomentar el uso de equipos <a href=\"https:\/\/www.wcloc.com\/es\/c\/alquiler-wc-portatiles-para-eventos\/cabinas-wc-compostaje\">WC sostenibles<\/a> con sistema de compostaje o sistema seco y Vacuum.<\/p>\n<div class=\"more\">\n<p>Ejemplo de ello son nuestras <a href=\"https:\/\/www.wcloc.com\/es\/c\/alquiler-wc-portatiles-para-eventos\/cabinas-wc-compostaje\">Cabinas WC compostaje<\/a>\u00a0que utilizan sistemas sostenibles que reducen los residuos y ahorran en agua.<\/p>\n<h3><strong>\u00a1La soluci\u00f3n m\u00e1s ecol\u00f3gica y sin agua!<\/strong><\/h3>\n<p>Pru\u00e9balo, y ver\u00e1s las ventajas que ofrece el sistema compostaje.<\/p>\n<p>Alquile la cabina WC compostaje m\u00e1s adaptada a sus necesidades, con un acabado en madera, polietileno o\u00a0para personas movilidad con reducida(PMR).<br \/>\nAdem\u00e1s, con la posibilidad de personalizar el dise\u00f1o, pintada a rayas para las playas o con dise\u00f1os ecol\u00f3gicos para fomentar la protecci\u00f3n y cuidado del medioambiente.<\/p>\n<p><a href=\"https:\/\/www.wcloc.com\/es\/c\/alquiler-wc-portatiles-para-eventos\/cabinas-wc-compostaje\"><em><strong>M\u00e1s informaci\u00f3n<\/strong><\/em><\/a><\/p>\n<p>&nbsp;<\/p>\n<\/div>\n<h3><strong>WC Loc las necesidades no cambian, la experiencia S\u00cd<\/strong><\/h3>\n<div><a href=\"https:\/\/www.wcloc.com\/es\/contacto-wc-loc-banos-wc-portatiles-para-obra-y-para-eventos\">SOLICITA TU PRESUPUESTO<\/a><\/div>\n<p>&nbsp;<\/p>\n","protected":false},"excerpt":{"rendered":"Muy satisfechos de compartir con vosotros Municipalia 2023. Municipalia 2023 es la feria bienal m\u00e1s importante del sector y un referente para los ayuntamientos que encuentran en este espacio las mejores soluciones para la gesti\u00f3n municipal. Un punto de intercambio que genera un impulso para transformar los temas que preocupan a los ayuntamientos y a [&hellip;]","protected":false},"author":50,"featured_media":98552,"comment_status":"open","ping_status":"open","sticky":false,"template":"","format":"standard","meta":{"_acf_changed":false,"footnotes":""},"categories":[861],"tags":[],"class_list":["post-98549","post","type-post","status-publish","format-standard","has-post-thumbnail","hentry","category-espacios-publicos"],"acf":[],"yoast_head":"<!-- This site is optimized with the Yoast SEO plugin v27.5 - https:\/\/yoast.com\/product\/yoast-seo-wordpress\/ -->\n<title>WC Loc presentes en Municipalia 2023 - Alquiler de WC port\u00e1tiles<\/title>\n<meta name=\"description\" content=\"Muy satisfechos de compartir con vosotros Municipalia 2023. Municipalia es la feria bienal m\u00e1s importante del sector y un referente\" \/>\n<meta name=\"robots\" content=\"index, follow, max-snippet:-1, max-image-preview:large, max-video-preview:-1\" \/>\n<link rel=\"canonical\" href=\"https:\/\/www.wcloc.com\/es\/wc-loc-presentes-en-municipalia-2023\" \/>\n<meta property=\"og:locale\" content=\"es_ES\" \/>\n<meta property=\"og:type\" content=\"article\" \/>\n<meta property=\"og:title\" content=\"WC Loc presentes en Municipalia 2023 - Alquiler de WC port\u00e1tiles\" \/>\n<meta property=\"og:description\" content=\"Muy satisfechos de compartir con vosotros Municipalia 2023. Municipalia es la feria bienal m\u00e1s importante del sector y un referente\" \/>\n<meta property=\"og:url\" content=\"https:\/\/www.wcloc.com\/es\/wc-loc-presentes-en-municipalia-2023\" \/>\n<meta property=\"og:site_name\" content=\"WC Loc\" \/>\n<meta property=\"article:published_time\" content=\"2023-10-20T08:42:14+00:00\" \/>\n<meta property=\"article:modified_time\" content=\"2025-02-07T16:12:09+00:00\" \/>\n<meta property=\"og:image\" content=\"https:\/\/www.wcloc.com\/wp-content\/uploads\/2023\/10\/image00010.jpeg\" \/>\n\t<meta property=\"og:image:width\" content=\"1200\" \/>\n\t<meta property=\"og:image:height\" content=\"1200\" \/>\n\t<meta property=\"og:image:type\" content=\"image\/jpeg\" \/>\n<meta name=\"author\" content=\"Helene Lemeiter\" \/>\n<meta name=\"twitter:card\" content=\"summary_large_image\" \/>\n<meta name=\"twitter:label1\" content=\"Escrito por\" \/>\n\t<meta name=\"twitter:data1\" content=\"Helene Lemeiter\" \/>\n\t<meta name=\"twitter:label2\" content=\"Tiempo de lectura\" \/>\n\t<meta name=\"twitter:data2\" content=\"1 minuto\" \/>\n<script type=\"application\/ld+json\" class=\"yoast-schema-graph\">{\"@context\":\"https:\\\/\\\/schema.org\",\"@graph\":[{\"@type\":\"NewsArticle\",\"@id\":\"https:\\\/\\\/www.wcloc.com\\\/es\\\/wc-loc-presentes-en-municipalia-2023#article\",\"isPartOf\":{\"@id\":\"https:\\\/\\\/www.wcloc.com\\\/es\\\/wc-loc-presentes-en-municipalia-2023\"},\"author\":{\"name\":\"Helene Lemeiter\",\"@id\":\"https:\\\/\\\/www.wcloc.com\\\/es#\\\/schema\\\/person\\\/c1d3e5cca8943626b916c68e8645fb02\"},\"headline\":\"WC Loc presentes en Municipalia 2023\",\"datePublished\":\"2023-10-20T08:42:14+00:00\",\"dateModified\":\"2025-02-07T16:12:09+00:00\",\"mainEntityOfPage\":{\"@id\":\"https:\\\/\\\/www.wcloc.com\\\/es\\\/wc-loc-presentes-en-municipalia-2023\"},\"wordCount\":234,\"commentCount\":0,\"publisher\":{\"@id\":\"https:\\\/\\\/www.wcloc.com\\\/es#organization\"},\"image\":{\"@id\":\"https:\\\/\\\/www.wcloc.com\\\/es\\\/wc-loc-presentes-en-municipalia-2023#primaryimage\"},\"thumbnailUrl\":\"https:\\\/\\\/www.wcloc.com\\\/wp-content\\\/uploads\\\/2023\\\/10\\\/image00010.jpeg\",\"articleSection\":[\"Espacios p\u00fablicos\"],\"inLanguage\":\"es\",\"potentialAction\":[{\"@type\":\"CommentAction\",\"name\":\"Comment\",\"target\":[\"https:\\\/\\\/www.wcloc.com\\\/es\\\/wc-loc-presentes-en-municipalia-2023#respond\"]}]},{\"@type\":\"WebPage\",\"@id\":\"https:\\\/\\\/www.wcloc.com\\\/es\\\/wc-loc-presentes-en-municipalia-2023\",\"url\":\"https:\\\/\\\/www.wcloc.com\\\/es\\\/wc-loc-presentes-en-municipalia-2023\",\"name\":\"WC Loc presentes en Municipalia 2023 - Alquiler de WC port\u00e1tiles\",\"isPartOf\":{\"@id\":\"https:\\\/\\\/www.wcloc.com\\\/es#website\"},\"primaryImageOfPage\":{\"@id\":\"https:\\\/\\\/www.wcloc.com\\\/es\\\/wc-loc-presentes-en-municipalia-2023#primaryimage\"},\"image\":{\"@id\":\"https:\\\/\\\/www.wcloc.com\\\/es\\\/wc-loc-presentes-en-municipalia-2023#primaryimage\"},\"thumbnailUrl\":\"https:\\\/\\\/www.wcloc.com\\\/wp-content\\\/uploads\\\/2023\\\/10\\\/image00010.jpeg\",\"datePublished\":\"2023-10-20T08:42:14+00:00\",\"dateModified\":\"2025-02-07T16:12:09+00:00\",\"description\":\"Muy satisfechos de compartir con vosotros Municipalia 2023. Municipalia es la feria bienal m\u00e1s importante del sector y un referente\",\"breadcrumb\":{\"@id\":\"https:\\\/\\\/www.wcloc.com\\\/es\\\/wc-loc-presentes-en-municipalia-2023#breadcrumb\"},\"inLanguage\":\"es\",\"potentialAction\":[{\"@type\":\"ReadAction\",\"target\":[\"https:\\\/\\\/www.wcloc.com\\\/es\\\/wc-loc-presentes-en-municipalia-2023\"]}]},{\"@type\":\"ImageObject\",\"inLanguage\":\"es\",\"@id\":\"https:\\\/\\\/www.wcloc.com\\\/es\\\/wc-loc-presentes-en-municipalia-2023#primaryimage\",\"url\":\"https:\\\/\\\/www.wcloc.com\\\/wp-content\\\/uploads\\\/2023\\\/10\\\/image00010.jpeg\",\"contentUrl\":\"https:\\\/\\\/www.wcloc.com\\\/wp-content\\\/uploads\\\/2023\\\/10\\\/image00010.jpeg\",\"width\":1200,\"height\":1200,\"caption\":\"WC Loc presentes en Municipalia 2023\"},{\"@type\":\"BreadcrumbList\",\"@id\":\"https:\\\/\\\/www.wcloc.com\\\/es\\\/wc-loc-presentes-en-municipalia-2023#breadcrumb\",\"itemListElement\":[{\"@type\":\"ListItem\",\"position\":1,\"name\":\"Espacios p\u00fablicos\",\"item\":\"https:\\\/\\\/www.wcloc.com\\\/es\\\/category\\\/espacios-publicos\"},{\"@type\":\"ListItem\",\"position\":2,\"name\":\"WC Loc presentes en Municipalia 2023\"}]},{\"@type\":\"WebSite\",\"@id\":\"https:\\\/\\\/www.wcloc.com\\\/es#website\",\"url\":\"https:\\\/\\\/www.wcloc.com\\\/es\",\"name\":\"WC Loc\",\"description\":\"Un site utilisant Les sites de platform.enygea.fr\",\"publisher\":{\"@id\":\"https:\\\/\\\/www.wcloc.com\\\/es#organization\"},\"potentialAction\":[{\"@type\":\"SearchAction\",\"target\":{\"@type\":\"EntryPoint\",\"urlTemplate\":\"https:\\\/\\\/www.wcloc.com\\\/es?s={search_term_string}\"},\"query-input\":{\"@type\":\"PropertyValueSpecification\",\"valueRequired\":true,\"valueName\":\"search_term_string\"}}],\"inLanguage\":\"es\"},{\"@type\":\"Organization\",\"@id\":\"https:\\\/\\\/www.wcloc.com\\\/es#organization\",\"name\":\"WC Loc\",\"url\":\"https:\\\/\\\/www.wcloc.com\\\/es\",\"logo\":{\"@type\":\"ImageObject\",\"inLanguage\":\"es\",\"@id\":\"https:\\\/\\\/www.wcloc.com\\\/es#\\\/schema\\\/logo\\\/image\\\/\",\"url\":\"https:\\\/\\\/www.wcloc.com\\\/wp-content\\\/uploads\\\/2023\\\/04\\\/logo.png\",\"contentUrl\":\"https:\\\/\\\/www.wcloc.com\\\/wp-content\\\/uploads\\\/2023\\\/04\\\/logo.png\",\"width\":291,\"height\":71,\"caption\":\"WC Loc\"},\"image\":{\"@id\":\"https:\\\/\\\/www.wcloc.com\\\/es#\\\/schema\\\/logo\\\/image\\\/\"}},{\"@type\":\"Person\",\"@id\":\"https:\\\/\\\/www.wcloc.com\\\/es#\\\/schema\\\/person\\\/c1d3e5cca8943626b916c68e8645fb02\",\"name\":\"Helene Lemeiter\",\"image\":{\"@type\":\"ImageObject\",\"inLanguage\":\"es\",\"@id\":\"https:\\\/\\\/secure.gravatar.com\\\/avatar\\\/9e0c00ca7328b25818d669bbe51f22033f59854e00418a9667f68b01be4e309e?s=96&d=mm&r=g\",\"url\":\"https:\\\/\\\/secure.gravatar.com\\\/avatar\\\/9e0c00ca7328b25818d669bbe51f22033f59854e00418a9667f68b01be4e309e?s=96&d=mm&r=g\",\"contentUrl\":\"https:\\\/\\\/secure.gravatar.com\\\/avatar\\\/9e0c00ca7328b25818d669bbe51f22033f59854e00418a9667f68b01be4e309e?s=96&d=mm&r=g\",\"caption\":\"Helene Lemeiter\"}}]}<\/script>\n<!-- \/ Yoast SEO plugin. -->","yoast_head_json":{"title":"WC Loc presentes en Municipalia 2023 - Alquiler de WC port\u00e1tiles","description":"Muy satisfechos de compartir con vosotros Municipalia 2023. Municipalia es la feria bienal m\u00e1s importante del sector y un referente","robots":{"index":"index","follow":"follow","max-snippet":"max-snippet:-1","max-image-preview":"max-image-preview:large","max-video-preview":"max-video-preview:-1"},"canonical":"https:\/\/www.wcloc.com\/es\/wc-loc-presentes-en-municipalia-2023","og_locale":"es_ES","og_type":"article","og_title":"WC Loc presentes en Municipalia 2023 - Alquiler de WC port\u00e1tiles","og_description":"Muy satisfechos de compartir con vosotros Municipalia 2023. Municipalia es la feria bienal m\u00e1s importante del sector y un referente","og_url":"https:\/\/www.wcloc.com\/es\/wc-loc-presentes-en-municipalia-2023","og_site_name":"WC Loc","article_published_time":"2023-10-20T08:42:14+00:00","article_modified_time":"2025-02-07T16:12:09+00:00","og_image":[{"width":1200,"height":1200,"url":"https:\/\/www.wcloc.com\/wp-content\/uploads\/2023\/10\/image00010.jpeg","type":"image\/jpeg"}],"author":"Helene Lemeiter","twitter_card":"summary_large_image","twitter_misc":{"Escrito por":"Helene Lemeiter","Tiempo de lectura":"1 minuto"},"schema":{"@context":"https:\/\/schema.org","@graph":[{"@type":"NewsArticle","@id":"https:\/\/www.wcloc.com\/es\/wc-loc-presentes-en-municipalia-2023#article","isPartOf":{"@id":"https:\/\/www.wcloc.com\/es\/wc-loc-presentes-en-municipalia-2023"},"author":{"name":"Helene Lemeiter","@id":"https:\/\/www.wcloc.com\/es#\/schema\/person\/c1d3e5cca8943626b916c68e8645fb02"},"headline":"WC Loc presentes en Municipalia 2023","datePublished":"2023-10-20T08:42:14+00:00","dateModified":"2025-02-07T16:12:09+00:00","mainEntityOfPage":{"@id":"https:\/\/www.wcloc.com\/es\/wc-loc-presentes-en-municipalia-2023"},"wordCount":234,"commentCount":0,"publisher":{"@id":"https:\/\/www.wcloc.com\/es#organization"},"image":{"@id":"https:\/\/www.wcloc.com\/es\/wc-loc-presentes-en-municipalia-2023#primaryimage"},"thumbnailUrl":"https:\/\/www.wcloc.com\/wp-content\/uploads\/2023\/10\/image00010.jpeg","articleSection":["Espacios p\u00fablicos"],"inLanguage":"es","potentialAction":[{"@type":"CommentAction","name":"Comment","target":["https:\/\/www.wcloc.com\/es\/wc-loc-presentes-en-municipalia-2023#respond"]}]},{"@type":"WebPage","@id":"https:\/\/www.wcloc.com\/es\/wc-loc-presentes-en-municipalia-2023","url":"https:\/\/www.wcloc.com\/es\/wc-loc-presentes-en-municipalia-2023","name":"WC Loc presentes en Municipalia 2023 - Alquiler de WC port\u00e1tiles","isPartOf":{"@id":"https:\/\/www.wcloc.com\/es#website"},"primaryImageOfPage":{"@id":"https:\/\/www.wcloc.com\/es\/wc-loc-presentes-en-municipalia-2023#primaryimage"},"image":{"@id":"https:\/\/www.wcloc.com\/es\/wc-loc-presentes-en-municipalia-2023#primaryimage"},"thumbnailUrl":"https:\/\/www.wcloc.com\/wp-content\/uploads\/2023\/10\/image00010.jpeg","datePublished":"2023-10-20T08:42:14+00:00","dateModified":"2025-02-07T16:12:09+00:00","description":"Muy satisfechos de compartir con vosotros Municipalia 2023. Municipalia es la feria bienal m\u00e1s importante del sector y un referente","breadcrumb":{"@id":"https:\/\/www.wcloc.com\/es\/wc-loc-presentes-en-municipalia-2023#breadcrumb"},"inLanguage":"es","potentialAction":[{"@type":"ReadAction","target":["https:\/\/www.wcloc.com\/es\/wc-loc-presentes-en-municipalia-2023"]}]},{"@type":"ImageObject","inLanguage":"es","@id":"https:\/\/www.wcloc.com\/es\/wc-loc-presentes-en-municipalia-2023#primaryimage","url":"https:\/\/www.wcloc.com\/wp-content\/uploads\/2023\/10\/image00010.jpeg","contentUrl":"https:\/\/www.wcloc.com\/wp-content\/uploads\/2023\/10\/image00010.jpeg","width":1200,"height":1200,"caption":"WC Loc presentes en Municipalia 2023"},{"@type":"BreadcrumbList","@id":"https:\/\/www.wcloc.com\/es\/wc-loc-presentes-en-municipalia-2023#breadcrumb","itemListElement":[{"@type":"ListItem","position":1,"name":"Espacios p\u00fablicos","item":"https:\/\/www.wcloc.com\/es\/category\/espacios-publicos"},{"@type":"ListItem","position":2,"name":"WC Loc presentes en Municipalia 2023"}]},{"@type":"WebSite","@id":"https:\/\/www.wcloc.com\/es#website","url":"https:\/\/www.wcloc.com\/es","name":"WC Loc","description":"Un site utilisant Les sites de platform.enygea.fr","publisher":{"@id":"https:\/\/www.wcloc.com\/es#organization"},"potentialAction":[{"@type":"SearchAction","target":{"@type":"EntryPoint","urlTemplate":"https:\/\/www.wcloc.com\/es?s={search_term_string}"},"query-input":{"@type":"PropertyValueSpecification","valueRequired":true,"valueName":"search_term_string"}}],"inLanguage":"es"},{"@type":"Organization","@id":"https:\/\/www.wcloc.com\/es#organization","name":"WC Loc","url":"https:\/\/www.wcloc.com\/es","logo":{"@type":"ImageObject","inLanguage":"es","@id":"https:\/\/www.wcloc.com\/es#\/schema\/logo\/image\/","url":"https:\/\/www.wcloc.com\/wp-content\/uploads\/2023\/04\/logo.png","contentUrl":"https:\/\/www.wcloc.com\/wp-content\/uploads\/2023\/04\/logo.png","width":291,"height":71,"caption":"WC Loc"},"image":{"@id":"https:\/\/www.wcloc.com\/es#\/schema\/logo\/image\/"}},{"@type":"Person","@id":"https:\/\/www.wcloc.com\/es#\/schema\/person\/c1d3e5cca8943626b916c68e8645fb02","name":"Helene Lemeiter","image":{"@type":"ImageObject","inLanguage":"es","@id":"https:\/\/secure.gravatar.com\/avatar\/9e0c00ca7328b25818d669bbe51f22033f59854e00418a9667f68b01be4e309e?s=96&d=mm&r=g","url":"https:\/\/secure.gravatar.com\/avatar\/9e0c00ca7328b25818d669bbe51f22033f59854e00418a9667f68b01be4e309e?s=96&d=mm&r=g","contentUrl":"https:\/\/secure.gravatar.com\/avatar\/9e0c00ca7328b25818d669bbe51f22033f59854e00418a9667f68b01be4e309e?s=96&d=mm&r=g","caption":"Helene Lemeiter"}}]}},"_links":{"self":[{"href":"https:\/\/www.wcloc.com\/es\/wp-json\/wp\/v2\/posts\/98549","targetHints":{"allow":["GET"]}}],"collection":[{"href":"https:\/\/www.wcloc.com\/es\/wp-json\/wp\/v2\/posts"}],"about":[{"href":"https:\/\/www.wcloc.com\/es\/wp-json\/wp\/v2\/types\/post"}],"author":[{"embeddable":true,"href":"https:\/\/www.wcloc.com\/es\/wp-json\/wp\/v2\/users\/50"}],"replies":[{"embeddable":true,"href":"https:\/\/www.wcloc.com\/es\/wp-json\/wp\/v2\/comments?post=98549"}],"version-history":[{"count":3,"href":"https:\/\/www.wcloc.com\/es\/wp-json\/wp\/v2\/posts\/98549\/revisions"}],"predecessor-version":[{"id":98565,"href":"https:\/\/www.wcloc.com\/es\/wp-json\/wp\/v2\/posts\/98549\/revisions\/98565"}],"wp:featuredmedia":[{"embeddable":true,"href":"https:\/\/www.wcloc.com\/es\/wp-json\/wp\/v2\/media\/98552"}],"wp:attachment":[{"href":"https:\/\/www.wcloc.com\/es\/wp-json\/wp\/v2\/media?parent=98549"}],"wp:term":[{"taxonomy":"category","embeddable":true,"href":"https:\/\/www.wcloc.com\/es\/wp-json\/wp\/v2\/categories?post=98549"},{"taxonomy":"post_tag","embeddable":true,"href":"https:\/\/www.wcloc.com\/es\/wp-json\/wp\/v2\/tags?post=98549"}],"curies":[{"name":"wp","href":"https:\/\/api.w.org\/{rel}","templated":true}]}}