{"id":96430,"date":"2023-09-19T10:37:32","date_gmt":"2023-09-19T08:37:32","guid":{"rendered":"https:\/\/www.wcloc.com\/?p=96430"},"modified":"2025-02-07T17:13:06","modified_gmt":"2025-02-07T16:13:06","slug":"el-transporte-publico-nuestro-protagonista","status":"publish","type":"post","link":"https:\/\/www.wcloc.com\/es\/el-transporte-publico-nuestro-protagonista","title":{"rendered":"El transporte p\u00fablico: \u00a1NUESTRO PROTAGONISTA!"},"content":{"rendered":"<p><strong>Esta semana celebramos la campa\u00f1a internacional<br \/>\nEUROPEAN MOBILITY WEEK.<\/strong><\/p>\n<p>Una campa\u00f1a que participan m\u00e1s de 3.000 ciudades y municipios, y 50 pa\u00edses cuyo objetivo es sensibilizar a la sociedad de la urgente necesidad de reducir nuestra huella de carbono.<\/p>\n<p>WC Loc quiere rendir homenaje al colectivo profesional del transporte p\u00fablico que conducen los miles de autobuses, trenes, metros, taxis,\u2026 cada d\u00eda, por nuestras calles y carreteras,\u00a0y que gracias a ellos, podemos evitar conducir nuestros veh\u00edculos, reduciendo el molesto tr\u00e1fico de las ciudades y sobre todo, la contaminaci\u00f3n y el ruido.<\/p>\n<p><strong>Un colectivo profesional que cuenta con la confianza de WC Loc en su equipamiento sanitario,\u00a0<\/strong><strong>con equipos WC, lavamanos y duchas en confortables m\u00f3dulos individuales.<\/strong><\/p>\n<p><strong>Bienestar Laboral \/ Higiene \/ Salud \/ Seguridad<\/strong><\/p>\n<p>&nbsp;<\/p>\n<p><a href=\"https:\/\/www.wcloc.com\/es\/p\/cabina-wc-city-bus-autonoma\"><strong>CABINA WC CITY-BUS AUT\u00d3NOMA<\/strong><\/a><\/p>\n<p><strong>100% personalizable<\/strong><\/p>\n<ul>\n<li>A gusto del cliente con im\u00e1genes emblem\u00e1ticas de la ciudad en la misma puerta.<\/li>\n<li>100% integrada en el entorno urbano.<\/li>\n<li>Sistema de autocierre y puertas reforzadas.<\/li>\n<li>Rejilla de ventilaci\u00f3n superior para generar circuito de aire natural.<\/li>\n<li>Iluminaci\u00f3n natural.<\/li>\n<\/ul>\n<p><a href=\"https:\/\/wcloc.us7.list-manage.com\/track\/click?u=3dc3c521801a62e6a61f50e59&amp;id=823683fc9b&amp;e=38342446b3\" target=\"_blank\" rel=\"noopener\"><strong>M\u00e1s informaci\u00f3n<\/strong><\/a><\/p>\n<p>&nbsp;<\/p>\n<p><a href=\"https:\/\/www.wcloc.com\/es\/p\/modulo-1-wc-1-ducha-de-conexion-a-red-2\"><strong>M\u00d3DULO 1 WC + 1 DUCHA DE CONEXI\u00d3N A RED<\/strong><\/a><br \/>\n<strong>Comodidad:<\/strong><\/p>\n<ul>\n<li>WC + Lavamanos con calentador de 5L.<\/li>\n<li>Ducha con termo de 80L.<\/li>\n<li>Extractor de aire.<\/li>\n<li>Calentador el\u00e9ctrico de 500W con termostato.<\/li>\n<\/ul>\n<p><strong>\u00a0F\u00e1cil de instalar:<\/strong><\/p>\n<ul>\n<li>Una entrada de agua y una conexi\u00f3n.<\/li>\n<li>El sistema de agua y desagu\u0308e est\u00e1 preinstalado en nuestros\u00a0equipos.<\/li>\n<li>Evacuaci\u00f3n al alcantarillado o en un tanque aut\u00f3nomo.<\/li>\n<\/ul>\n<p><a href=\"https:\/\/wcloc.us7.list-manage.com\/track\/click?u=3dc3c521801a62e6a61f50e59&amp;id=9a5b62dbb6&amp;e=38342446b3\" target=\"_blank\" rel=\"noopener\"><strong>M\u00e1s informaci\u00f3n<\/strong><\/a><\/p>\n<p>&nbsp;<\/p>\n<p><a href=\"https:\/\/www.wcloc.com\/es\/p\/modulo-1-wc-de-conexion-a-red\"><strong>M\u00d3DULO 1 WC DE CONEXI\u00d3N A RED<\/strong><\/a><br \/>\n<strong>Comodidad:<\/strong><\/p>\n<ul>\n<li>WC + Lavamanos con calentador de 5L.<\/li>\n<li>Extractor de aire.<\/li>\n<li>Calentador el\u00e9ctrico de 500W con termostato.<\/li>\n<\/ul>\n<p><strong>\u00a0F\u00e1cil de instalar:<\/strong><\/p>\n<ul>\n<li>Una entrada de agua y una conexi\u00f3n.<\/li>\n<li>El sistema de agua y desagu\u0308e est\u00e1 preinstalado en nuestros\u00a0equipos.<\/li>\n<li>Evacuaci\u00f3n al alcantarillado o en un tanque aut\u00f3nomo.<\/li>\n<\/ul>\n<p><a href=\"https:\/\/wcloc.us7.list-manage.com\/track\/click?u=3dc3c521801a62e6a61f50e59&amp;id=d9158f4305&amp;e=38342446b3\" target=\"_blank\" rel=\"noopener\"><strong>M\u00e1s informaci\u00f3n<\/strong><\/a><\/p>\n<p>&nbsp;<\/p>\n<p>&nbsp;<\/p>\n","protected":false},"excerpt":{"rendered":"Esta semana celebramos la campa\u00f1a internacional EUROPEAN MOBILITY WEEK. Una campa\u00f1a que participan m\u00e1s de 3.000 ciudades y municipios, y 50 pa\u00edses cuyo objetivo es sensibilizar a la sociedad de la urgente necesidad de reducir nuestra huella de carbono. WC Loc quiere rendir homenaje al colectivo profesional del transporte p\u00fablico que conducen los miles de [&hellip;]","protected":false},"author":50,"featured_media":96431,"comment_status":"open","ping_status":"open","sticky":false,"template":"","format":"standard","meta":{"_acf_changed":false,"footnotes":""},"categories":[861],"tags":[],"class_list":["post-96430","post","type-post","status-publish","format-standard","has-post-thumbnail","hentry","category-espacios-publicos"],"acf":[],"yoast_head":"<!-- This site is optimized with the Yoast SEO plugin v27.5 - https:\/\/yoast.com\/product\/yoast-seo-wordpress\/ -->\n<title>El transporte p\u00fablico: \u00a1NUESTRO PROTAGONISTA! - WC Loc<\/title>\n<meta name=\"robots\" content=\"index, follow, max-snippet:-1, max-image-preview:large, max-video-preview:-1\" \/>\n<link rel=\"canonical\" href=\"https:\/\/www.wcloc.com\/es\/el-transporte-publico-nuestro-protagonista\" \/>\n<meta property=\"og:locale\" content=\"es_ES\" \/>\n<meta property=\"og:type\" content=\"article\" \/>\n<meta property=\"og:title\" content=\"El transporte p\u00fablico: \u00a1NUESTRO PROTAGONISTA! - WC Loc\" \/>\n<meta property=\"og:description\" content=\"Esta semana celebramos la campa\u00f1a internacional EUROPEAN MOBILITY WEEK. Una campa\u00f1a que participan m\u00e1s de 3.000 ciudades y municipios, y 50 pa\u00edses cuyo objetivo es sensibilizar a la sociedad de la urgente necesidad de reducir nuestra huella de carbono. WC Loc quiere rendir homenaje al colectivo profesional del transporte p\u00fablico que conducen los miles de [&hellip;]\" \/>\n<meta property=\"og:url\" content=\"https:\/\/www.wcloc.com\/es\/el-transporte-publico-nuestro-protagonista\" \/>\n<meta property=\"og:site_name\" content=\"WC Loc\" \/>\n<meta property=\"article:published_time\" content=\"2023-09-19T08:37:32+00:00\" \/>\n<meta property=\"article:modified_time\" content=\"2025-02-07T16:13:06+00:00\" \/>\n<meta property=\"og:image\" content=\"https:\/\/www.wcloc.com\/wp-content\/uploads\/2023\/09\/psd_movilitat_2.jpg\" \/>\n\t<meta property=\"og:image:width\" content=\"836\" \/>\n\t<meta property=\"og:image:height\" content=\"821\" \/>\n\t<meta property=\"og:image:type\" content=\"image\/jpeg\" \/>\n<meta name=\"author\" content=\"Helene Lemeiter\" \/>\n<meta name=\"twitter:card\" content=\"summary_large_image\" \/>\n<meta name=\"twitter:label1\" content=\"Escrito por\" \/>\n\t<meta name=\"twitter:data1\" content=\"Helene Lemeiter\" \/>\n\t<meta name=\"twitter:label2\" content=\"Tiempo de lectura\" \/>\n\t<meta name=\"twitter:data2\" content=\"2 minutos\" \/>\n<script type=\"application\/ld+json\" class=\"yoast-schema-graph\">{\"@context\":\"https:\\\/\\\/schema.org\",\"@graph\":[{\"@type\":\"NewsArticle\",\"@id\":\"https:\\\/\\\/www.wcloc.com\\\/es\\\/el-transporte-publico-nuestro-protagonista#article\",\"isPartOf\":{\"@id\":\"https:\\\/\\\/www.wcloc.com\\\/es\\\/el-transporte-publico-nuestro-protagonista\"},\"author\":{\"name\":\"Helene Lemeiter\",\"@id\":\"https:\\\/\\\/www.wcloc.com\\\/es#\\\/schema\\\/person\\\/c1d3e5cca8943626b916c68e8645fb02\"},\"headline\":\"El transporte p\u00fablico: \u00a1NUESTRO PROTAGONISTA!\",\"datePublished\":\"2023-09-19T08:37:32+00:00\",\"dateModified\":\"2025-02-07T16:13:06+00:00\",\"mainEntityOfPage\":{\"@id\":\"https:\\\/\\\/www.wcloc.com\\\/es\\\/el-transporte-publico-nuestro-protagonista\"},\"wordCount\":323,\"commentCount\":0,\"publisher\":{\"@id\":\"https:\\\/\\\/www.wcloc.com\\\/es#organization\"},\"image\":{\"@id\":\"https:\\\/\\\/www.wcloc.com\\\/es\\\/el-transporte-publico-nuestro-protagonista#primaryimage\"},\"thumbnailUrl\":\"https:\\\/\\\/www.wcloc.com\\\/wp-content\\\/uploads\\\/2023\\\/09\\\/psd_movilitat_2.jpg\",\"articleSection\":[\"Espacios p\u00fablicos\"],\"inLanguage\":\"es\",\"potentialAction\":[{\"@type\":\"CommentAction\",\"name\":\"Comment\",\"target\":[\"https:\\\/\\\/www.wcloc.com\\\/es\\\/el-transporte-publico-nuestro-protagonista#respond\"]}]},{\"@type\":\"WebPage\",\"@id\":\"https:\\\/\\\/www.wcloc.com\\\/es\\\/el-transporte-publico-nuestro-protagonista\",\"url\":\"https:\\\/\\\/www.wcloc.com\\\/es\\\/el-transporte-publico-nuestro-protagonista\",\"name\":\"El transporte p\u00fablico: \u00a1NUESTRO PROTAGONISTA! - WC Loc\",\"isPartOf\":{\"@id\":\"https:\\\/\\\/www.wcloc.com\\\/es#website\"},\"primaryImageOfPage\":{\"@id\":\"https:\\\/\\\/www.wcloc.com\\\/es\\\/el-transporte-publico-nuestro-protagonista#primaryimage\"},\"image\":{\"@id\":\"https:\\\/\\\/www.wcloc.com\\\/es\\\/el-transporte-publico-nuestro-protagonista#primaryimage\"},\"thumbnailUrl\":\"https:\\\/\\\/www.wcloc.com\\\/wp-content\\\/uploads\\\/2023\\\/09\\\/psd_movilitat_2.jpg\",\"datePublished\":\"2023-09-19T08:37:32+00:00\",\"dateModified\":\"2025-02-07T16:13:06+00:00\",\"breadcrumb\":{\"@id\":\"https:\\\/\\\/www.wcloc.com\\\/es\\\/el-transporte-publico-nuestro-protagonista#breadcrumb\"},\"inLanguage\":\"es\",\"potentialAction\":[{\"@type\":\"ReadAction\",\"target\":[\"https:\\\/\\\/www.wcloc.com\\\/es\\\/el-transporte-publico-nuestro-protagonista\"]}]},{\"@type\":\"ImageObject\",\"inLanguage\":\"es\",\"@id\":\"https:\\\/\\\/www.wcloc.com\\\/es\\\/el-transporte-publico-nuestro-protagonista#primaryimage\",\"url\":\"https:\\\/\\\/www.wcloc.com\\\/wp-content\\\/uploads\\\/2023\\\/09\\\/psd_movilitat_2.jpg\",\"contentUrl\":\"https:\\\/\\\/www.wcloc.com\\\/wp-content\\\/uploads\\\/2023\\\/09\\\/psd_movilitat_2.jpg\",\"width\":836,\"height\":821},{\"@type\":\"BreadcrumbList\",\"@id\":\"https:\\\/\\\/www.wcloc.com\\\/es\\\/el-transporte-publico-nuestro-protagonista#breadcrumb\",\"itemListElement\":[{\"@type\":\"ListItem\",\"position\":1,\"name\":\"Espacios p\u00fablicos\",\"item\":\"https:\\\/\\\/www.wcloc.com\\\/es\\\/category\\\/espacios-publicos\"},{\"@type\":\"ListItem\",\"position\":2,\"name\":\"El transporte p\u00fablico: \u00a1NUESTRO PROTAGONISTA!\"}]},{\"@type\":\"WebSite\",\"@id\":\"https:\\\/\\\/www.wcloc.com\\\/es#website\",\"url\":\"https:\\\/\\\/www.wcloc.com\\\/es\",\"name\":\"WC Loc\",\"description\":\"Un site utilisant Les sites de platform.enygea.fr\",\"publisher\":{\"@id\":\"https:\\\/\\\/www.wcloc.com\\\/es#organization\"},\"potentialAction\":[{\"@type\":\"SearchAction\",\"target\":{\"@type\":\"EntryPoint\",\"urlTemplate\":\"https:\\\/\\\/www.wcloc.com\\\/es?s={search_term_string}\"},\"query-input\":{\"@type\":\"PropertyValueSpecification\",\"valueRequired\":true,\"valueName\":\"search_term_string\"}}],\"inLanguage\":\"es\"},{\"@type\":\"Organization\",\"@id\":\"https:\\\/\\\/www.wcloc.com\\\/es#organization\",\"name\":\"WC Loc\",\"url\":\"https:\\\/\\\/www.wcloc.com\\\/es\",\"logo\":{\"@type\":\"ImageObject\",\"inLanguage\":\"es\",\"@id\":\"https:\\\/\\\/www.wcloc.com\\\/es#\\\/schema\\\/logo\\\/image\\\/\",\"url\":\"https:\\\/\\\/www.wcloc.com\\\/wp-content\\\/uploads\\\/2023\\\/04\\\/logo.png\",\"contentUrl\":\"https:\\\/\\\/www.wcloc.com\\\/wp-content\\\/uploads\\\/2023\\\/04\\\/logo.png\",\"width\":291,\"height\":71,\"caption\":\"WC Loc\"},\"image\":{\"@id\":\"https:\\\/\\\/www.wcloc.com\\\/es#\\\/schema\\\/logo\\\/image\\\/\"}},{\"@type\":\"Person\",\"@id\":\"https:\\\/\\\/www.wcloc.com\\\/es#\\\/schema\\\/person\\\/c1d3e5cca8943626b916c68e8645fb02\",\"name\":\"Helene Lemeiter\",\"image\":{\"@type\":\"ImageObject\",\"inLanguage\":\"es\",\"@id\":\"https:\\\/\\\/secure.gravatar.com\\\/avatar\\\/9e0c00ca7328b25818d669bbe51f22033f59854e00418a9667f68b01be4e309e?s=96&d=mm&r=g\",\"url\":\"https:\\\/\\\/secure.gravatar.com\\\/avatar\\\/9e0c00ca7328b25818d669bbe51f22033f59854e00418a9667f68b01be4e309e?s=96&d=mm&r=g\",\"contentUrl\":\"https:\\\/\\\/secure.gravatar.com\\\/avatar\\\/9e0c00ca7328b25818d669bbe51f22033f59854e00418a9667f68b01be4e309e?s=96&d=mm&r=g\",\"caption\":\"Helene Lemeiter\"}}]}<\/script>\n<!-- \/ Yoast SEO plugin. -->","yoast_head_json":{"title":"El transporte p\u00fablico: \u00a1NUESTRO PROTAGONISTA! - WC Loc","robots":{"index":"index","follow":"follow","max-snippet":"max-snippet:-1","max-image-preview":"max-image-preview:large","max-video-preview":"max-video-preview:-1"},"canonical":"https:\/\/www.wcloc.com\/es\/el-transporte-publico-nuestro-protagonista","og_locale":"es_ES","og_type":"article","og_title":"El transporte p\u00fablico: \u00a1NUESTRO PROTAGONISTA! - WC Loc","og_description":"Esta semana celebramos la campa\u00f1a internacional EUROPEAN MOBILITY WEEK. Una campa\u00f1a que participan m\u00e1s de 3.000 ciudades y municipios, y 50 pa\u00edses cuyo objetivo es sensibilizar a la sociedad de la urgente necesidad de reducir nuestra huella de carbono. WC Loc quiere rendir homenaje al colectivo profesional del transporte p\u00fablico que conducen los miles de [&hellip;]","og_url":"https:\/\/www.wcloc.com\/es\/el-transporte-publico-nuestro-protagonista","og_site_name":"WC Loc","article_published_time":"2023-09-19T08:37:32+00:00","article_modified_time":"2025-02-07T16:13:06+00:00","og_image":[{"width":836,"height":821,"url":"https:\/\/www.wcloc.com\/wp-content\/uploads\/2023\/09\/psd_movilitat_2.jpg","type":"image\/jpeg"}],"author":"Helene Lemeiter","twitter_card":"summary_large_image","twitter_misc":{"Escrito por":"Helene Lemeiter","Tiempo de lectura":"2 minutos"},"schema":{"@context":"https:\/\/schema.org","@graph":[{"@type":"NewsArticle","@id":"https:\/\/www.wcloc.com\/es\/el-transporte-publico-nuestro-protagonista#article","isPartOf":{"@id":"https:\/\/www.wcloc.com\/es\/el-transporte-publico-nuestro-protagonista"},"author":{"name":"Helene Lemeiter","@id":"https:\/\/www.wcloc.com\/es#\/schema\/person\/c1d3e5cca8943626b916c68e8645fb02"},"headline":"El transporte p\u00fablico: \u00a1NUESTRO PROTAGONISTA!","datePublished":"2023-09-19T08:37:32+00:00","dateModified":"2025-02-07T16:13:06+00:00","mainEntityOfPage":{"@id":"https:\/\/www.wcloc.com\/es\/el-transporte-publico-nuestro-protagonista"},"wordCount":323,"commentCount":0,"publisher":{"@id":"https:\/\/www.wcloc.com\/es#organization"},"image":{"@id":"https:\/\/www.wcloc.com\/es\/el-transporte-publico-nuestro-protagonista#primaryimage"},"thumbnailUrl":"https:\/\/www.wcloc.com\/wp-content\/uploads\/2023\/09\/psd_movilitat_2.jpg","articleSection":["Espacios p\u00fablicos"],"inLanguage":"es","potentialAction":[{"@type":"CommentAction","name":"Comment","target":["https:\/\/www.wcloc.com\/es\/el-transporte-publico-nuestro-protagonista#respond"]}]},{"@type":"WebPage","@id":"https:\/\/www.wcloc.com\/es\/el-transporte-publico-nuestro-protagonista","url":"https:\/\/www.wcloc.com\/es\/el-transporte-publico-nuestro-protagonista","name":"El transporte p\u00fablico: \u00a1NUESTRO PROTAGONISTA! - WC Loc","isPartOf":{"@id":"https:\/\/www.wcloc.com\/es#website"},"primaryImageOfPage":{"@id":"https:\/\/www.wcloc.com\/es\/el-transporte-publico-nuestro-protagonista#primaryimage"},"image":{"@id":"https:\/\/www.wcloc.com\/es\/el-transporte-publico-nuestro-protagonista#primaryimage"},"thumbnailUrl":"https:\/\/www.wcloc.com\/wp-content\/uploads\/2023\/09\/psd_movilitat_2.jpg","datePublished":"2023-09-19T08:37:32+00:00","dateModified":"2025-02-07T16:13:06+00:00","breadcrumb":{"@id":"https:\/\/www.wcloc.com\/es\/el-transporte-publico-nuestro-protagonista#breadcrumb"},"inLanguage":"es","potentialAction":[{"@type":"ReadAction","target":["https:\/\/www.wcloc.com\/es\/el-transporte-publico-nuestro-protagonista"]}]},{"@type":"ImageObject","inLanguage":"es","@id":"https:\/\/www.wcloc.com\/es\/el-transporte-publico-nuestro-protagonista#primaryimage","url":"https:\/\/www.wcloc.com\/wp-content\/uploads\/2023\/09\/psd_movilitat_2.jpg","contentUrl":"https:\/\/www.wcloc.com\/wp-content\/uploads\/2023\/09\/psd_movilitat_2.jpg","width":836,"height":821},{"@type":"BreadcrumbList","@id":"https:\/\/www.wcloc.com\/es\/el-transporte-publico-nuestro-protagonista#breadcrumb","itemListElement":[{"@type":"ListItem","position":1,"name":"Espacios p\u00fablicos","item":"https:\/\/www.wcloc.com\/es\/category\/espacios-publicos"},{"@type":"ListItem","position":2,"name":"El transporte p\u00fablico: \u00a1NUESTRO PROTAGONISTA!"}]},{"@type":"WebSite","@id":"https:\/\/www.wcloc.com\/es#website","url":"https:\/\/www.wcloc.com\/es","name":"WC Loc","description":"Un site utilisant Les sites de platform.enygea.fr","publisher":{"@id":"https:\/\/www.wcloc.com\/es#organization"},"potentialAction":[{"@type":"SearchAction","target":{"@type":"EntryPoint","urlTemplate":"https:\/\/www.wcloc.com\/es?s={search_term_string}"},"query-input":{"@type":"PropertyValueSpecification","valueRequired":true,"valueName":"search_term_string"}}],"inLanguage":"es"},{"@type":"Organization","@id":"https:\/\/www.wcloc.com\/es#organization","name":"WC Loc","url":"https:\/\/www.wcloc.com\/es","logo":{"@type":"ImageObject","inLanguage":"es","@id":"https:\/\/www.wcloc.com\/es#\/schema\/logo\/image\/","url":"https:\/\/www.wcloc.com\/wp-content\/uploads\/2023\/04\/logo.png","contentUrl":"https:\/\/www.wcloc.com\/wp-content\/uploads\/2023\/04\/logo.png","width":291,"height":71,"caption":"WC Loc"},"image":{"@id":"https:\/\/www.wcloc.com\/es#\/schema\/logo\/image\/"}},{"@type":"Person","@id":"https:\/\/www.wcloc.com\/es#\/schema\/person\/c1d3e5cca8943626b916c68e8645fb02","name":"Helene Lemeiter","image":{"@type":"ImageObject","inLanguage":"es","@id":"https:\/\/secure.gravatar.com\/avatar\/9e0c00ca7328b25818d669bbe51f22033f59854e00418a9667f68b01be4e309e?s=96&d=mm&r=g","url":"https:\/\/secure.gravatar.com\/avatar\/9e0c00ca7328b25818d669bbe51f22033f59854e00418a9667f68b01be4e309e?s=96&d=mm&r=g","contentUrl":"https:\/\/secure.gravatar.com\/avatar\/9e0c00ca7328b25818d669bbe51f22033f59854e00418a9667f68b01be4e309e?s=96&d=mm&r=g","caption":"Helene Lemeiter"}}]}},"_links":{"self":[{"href":"https:\/\/www.wcloc.com\/es\/wp-json\/wp\/v2\/posts\/96430","targetHints":{"allow":["GET"]}}],"collection":[{"href":"https:\/\/www.wcloc.com\/es\/wp-json\/wp\/v2\/posts"}],"about":[{"href":"https:\/\/www.wcloc.com\/es\/wp-json\/wp\/v2\/types\/post"}],"author":[{"embeddable":true,"href":"https:\/\/www.wcloc.com\/es\/wp-json\/wp\/v2\/users\/50"}],"replies":[{"embeddable":true,"href":"https:\/\/www.wcloc.com\/es\/wp-json\/wp\/v2\/comments?post=96430"}],"version-history":[{"count":1,"href":"https:\/\/www.wcloc.com\/es\/wp-json\/wp\/v2\/posts\/96430\/revisions"}],"predecessor-version":[{"id":96443,"href":"https:\/\/www.wcloc.com\/es\/wp-json\/wp\/v2\/posts\/96430\/revisions\/96443"}],"wp:featuredmedia":[{"embeddable":true,"href":"https:\/\/www.wcloc.com\/es\/wp-json\/wp\/v2\/media\/96431"}],"wp:attachment":[{"href":"https:\/\/www.wcloc.com\/es\/wp-json\/wp\/v2\/media?parent=96430"}],"wp:term":[{"taxonomy":"category","embeddable":true,"href":"https:\/\/www.wcloc.com\/es\/wp-json\/wp\/v2\/categories?post=96430"},{"taxonomy":"post_tag","embeddable":true,"href":"https:\/\/www.wcloc.com\/es\/wp-json\/wp\/v2\/tags?post=96430"}],"curies":[{"name":"wp","href":"https:\/\/api.w.org\/{rel}","templated":true}]}}