{"id":62854,"date":"2023-03-23T08:38:28","date_gmt":"2023-03-23T07:38:28","guid":{"rendered":"https:\/\/www.wcloc.com\/?p=62854"},"modified":"2025-02-07T17:22:56","modified_gmt":"2025-02-07T16:22:56","slug":"wc-loc-presente-en-la-1o-edicion-del-foro-aespe","status":"publish","type":"post","link":"https:\/\/www.wcloc.com\/es\/wc-loc-presente-en-la-1o-edicion-del-foro-aespe","title":{"rendered":"WC Loc presente en la 1\u00ba edici\u00f3n del FORO AESPE"},"content":{"rendered":"<h2><strong><em>El D\u00eda Mundial del Agua une al sector para compartir y dar valor al Saneamiento port\u00e1til.<\/em><\/strong><\/h2>\n<p>Ayer, D\u00eda Mundial del Agua, se celebr\u00f3 el <a href=\"https:\/\/www.aespe.info\/\" target=\"_blank\" rel=\"noopener\">1\u00ba Foro de AESPE<\/a> (Asociaci\u00f3n Espa\u00f1ola de Saneamiento Port\u00e1til).<br \/>\nUn foro cuyo objetivo es unir a todos los profesionales del saneamiento port\u00e1til, con un programa de mesas redondas, donde cada empresa comparte sus experiencias y dificultades con el objetivo de unir, reforzar y dar valor al sector del saneamiento port\u00e1til, frente a instituciones, empresas, eventos y equipamientos p\u00fablicos.<\/p>\n<p>Un evento que se celebr\u00f3 el 22 de marzo, con motivo del <a href=\"https:\/\/www.un.org\/es\/observances\/water-day\/\" target=\"_blank\" rel=\"noopener\">D\u00eda Mundial del Agua,<\/a> una fecha que nos recuerda a todos (empresas y sociedad) la urgente necesidad de gestionar de forma eficiente los recursos naturales.<\/p>\n<p>Unos recursos naturales, cada vez m\u00e1s escasos, como es el agua, donde en muchas comunidades ya est\u00e1n con medidas restrictivas de <strong>\u201calerta por sequ\u00eda\u201d<\/strong> en una estaci\u00f3n que no deber\u00edamos estar tan preocupados.<\/p>\n<p><strong>Nos enfrentamos a un nuevo siglo lleno de retos, por una parte, una hist\u00f3rica inflaci\u00f3n, incremento en los costes energ\u00e9ticos y escasez de los recursos naturales,\u2026por otra parte, una sociedad (Post-Covid) que ha cambiado sus valores, priorizando la actividad al aire libre, vivir m\u00e1s experiencias y compartir sus vidas.<\/strong><\/p>\n<p><strong>Dos escenarios que nos obligan a gestionar, mejor que nunca, la higiene, salud y bienestar de la sociedad en sus necesidades fisiol\u00f3gicas, con equipos WC eficientes que minimicen el consumo de agua y reduzcan el impacto en el medioambiente.<\/strong><\/p>\n<p>Agradecemos la gran iniciativa a<a href=\"https:\/\/www.aespe.info\/\" target=\"_blank\" rel=\"noopener\"> AESPE<\/a> con este 1\u00ba foro, donde poder trasladar y compartir la experiencia de WC Loc en el dise\u00f1o y gesti\u00f3n de aseos y urinarios eficientes, junto al resto de empresas del sector.<br \/>\nWC Loc, es pionero en su visi\u00f3n <a href=\"https:\/\/www.wcloc.com\/es\/compromisos\">ECO responsable<\/a> con la sociedad y el medioambiente, desde hace m\u00e1s de 25 a\u00f1os, con <a href=\"https:\/\/www.wcloc.com\/es\/c\/alquiler-wc-portatiles-para-eventos\/cabinas-wc-compostaje\">cabinas port\u00e1tiles<\/a> y <a href=\"https:\/\/www.wcloc.com\/es\/c\/alquiler-wc-portatiles-para-eventos\/modulos-eventos\">m\u00f3dulos<\/a> eficientes y sostenibles para la construcci\u00f3n, industria, eventos y espacios p\u00fablicos.<\/p>\n<p>Este mes de marzo en Barcelona se ha limitado el consumo a 230 litros diarios por habitante, unas medidas alarmantes para la estaci\u00f3n del a\u00f1o. Una alarma que nos debe preocupar a todos y mejorar nuestra gesti\u00f3n y responsabilidad diaria, tanto en el trabajo como en nuestro d\u00eda a d\u00eda.<\/p>\n<p><strong>WC Loc, equipos sanitarios de nueva generaci\u00f3n que responden a una la sociedad responsable y comprometida con el medioambiente.<\/strong><\/p>\n<p>&nbsp;<\/p>\n<p><img decoding=\"async\" width=\"2251\" height=\"2250\" class=\"alignnone size-full wp-image-62872\" src=\"https:\/\/www.wcloc.com\/wp-content\/uploads\/2023\/03\/Instagram-WCLoc-02.jpg\" alt=\"WC Loc presente en la 1\u00ba edici\u00f3n del FORO AESPE\" srcset=\"https:\/\/www.wcloc.com\/wp-content\/uploads\/2023\/03\/Instagram-WCLoc-02.jpg 2251w, https:\/\/www.wcloc.com\/wp-content\/uploads\/2023\/03\/Instagram-WCLoc-02-300x300.jpg 300w, https:\/\/www.wcloc.com\/wp-content\/uploads\/2023\/03\/Instagram-WCLoc-02-1024x1024.jpg 1024w, https:\/\/www.wcloc.com\/wp-content\/uploads\/2023\/03\/Instagram-WCLoc-02-150x150.jpg 150w, https:\/\/www.wcloc.com\/wp-content\/uploads\/2023\/03\/Instagram-WCLoc-02-768x768.jpg 768w, https:\/\/www.wcloc.com\/wp-content\/uploads\/2023\/03\/Instagram-WCLoc-02-1536x1536.jpg 1536w, https:\/\/www.wcloc.com\/wp-content\/uploads\/2023\/03\/Instagram-WCLoc-02-2048x2048.jpg 2048w, https:\/\/www.wcloc.com\/wp-content\/uploads\/2023\/03\/Instagram-WCLoc-02-265x266.jpg 265w, https:\/\/www.wcloc.com\/wp-content\/uploads\/2023\/03\/Instagram-WCLoc-02-252x252.jpg 252w\" sizes=\"(max-width: 2251px) 100vw, 2251px\" \/><br \/>\nToni Salinas, Gerente WC Loc<br \/>\nGerard Santasusagna, Responsable Marketing Ventas WC Loc<\/p>\n<p>&nbsp;<\/p>\n","protected":false},"excerpt":{"rendered":"El D\u00eda Mundial del Agua une al sector para compartir y dar valor al Saneamiento port\u00e1til. Ayer, D\u00eda Mundial del Agua, se celebr\u00f3 el 1\u00ba Foro de AESPE (Asociaci\u00f3n Espa\u00f1ola de Saneamiento Port\u00e1til). Un foro cuyo objetivo es unir a todos los profesionales del saneamiento port\u00e1til, con un programa de mesas redondas, donde cada empresa [&hellip;]","protected":false},"author":50,"featured_media":62864,"comment_status":"open","ping_status":"open","sticky":false,"template":"","format":"standard","meta":{"_acf_changed":false,"footnotes":""},"categories":[863],"tags":[],"class_list":["post-62854","post","type-post","status-publish","format-standard","has-post-thumbnail","hentry","category-compromiso"],"acf":[],"yoast_head":"<!-- This site is optimized with the Yoast SEO plugin v27.5 - https:\/\/yoast.com\/product\/yoast-seo-wordpress\/ -->\n<title>WC Loc presente en la 1\u00ba edici\u00f3n del FORO AESPE - WC Loc<\/title>\n<meta name=\"description\" content=\"Ayer, D\u00eda Mundial del Agua, se celebr\u00f3 el 1\u00ba Foro de AESPE. WC Loc, es pionero en su visi\u00f3n ECO responsable\" \/>\n<meta name=\"robots\" content=\"index, follow, max-snippet:-1, max-image-preview:large, max-video-preview:-1\" \/>\n<link rel=\"canonical\" href=\"https:\/\/www.wcloc.com\/es\/wc-loc-presente-en-la-1o-edicion-del-foro-aespe\" \/>\n<meta property=\"og:locale\" content=\"es_ES\" \/>\n<meta property=\"og:type\" content=\"article\" \/>\n<meta property=\"og:title\" content=\"WC Loc presente en la 1\u00ba edici\u00f3n del FORO AESPE - WC Loc\" \/>\n<meta property=\"og:description\" content=\"Ayer, D\u00eda Mundial del Agua, se celebr\u00f3 el 1\u00ba Foro de AESPE. WC Loc, es pionero en su visi\u00f3n ECO responsable\" \/>\n<meta property=\"og:url\" content=\"https:\/\/www.wcloc.com\/es\/wc-loc-presente-en-la-1o-edicion-del-foro-aespe\" \/>\n<meta property=\"og:site_name\" content=\"WC Loc\" \/>\n<meta property=\"article:published_time\" content=\"2023-03-23T07:38:28+00:00\" \/>\n<meta property=\"article:modified_time\" content=\"2025-02-07T16:22:56+00:00\" \/>\n<meta property=\"og:image\" content=\"https:\/\/www.wcloc.com\/wp-content\/uploads\/2023\/03\/Instagram-WCLoc-01.jpg\" \/>\n\t<meta property=\"og:image:width\" content=\"2250\" \/>\n\t<meta property=\"og:image:height\" content=\"2250\" \/>\n\t<meta property=\"og:image:type\" content=\"image\/jpeg\" \/>\n<meta name=\"author\" content=\"Helene Lemeiter\" \/>\n<meta name=\"twitter:card\" content=\"summary_large_image\" \/>\n<meta name=\"twitter:label1\" content=\"Escrito por\" \/>\n\t<meta name=\"twitter:data1\" content=\"Helene Lemeiter\" \/>\n\t<meta name=\"twitter:label2\" content=\"Tiempo de lectura\" \/>\n\t<meta name=\"twitter:data2\" content=\"2 minutos\" \/>\n<script type=\"application\/ld+json\" class=\"yoast-schema-graph\">{\"@context\":\"https:\\\/\\\/schema.org\",\"@graph\":[{\"@type\":\"NewsArticle\",\"@id\":\"https:\\\/\\\/www.wcloc.com\\\/es\\\/wc-loc-presente-en-la-1o-edicion-del-foro-aespe#article\",\"isPartOf\":{\"@id\":\"https:\\\/\\\/www.wcloc.com\\\/es\\\/wc-loc-presente-en-la-1o-edicion-del-foro-aespe\"},\"author\":{\"name\":\"Helene Lemeiter\",\"@id\":\"https:\\\/\\\/www.wcloc.com\\\/es#\\\/schema\\\/person\\\/c1d3e5cca8943626b916c68e8645fb02\"},\"headline\":\"WC Loc presente en la 1\u00ba edici\u00f3n del FORO AESPE\",\"datePublished\":\"2023-03-23T07:38:28+00:00\",\"dateModified\":\"2025-02-07T16:22:56+00:00\",\"mainEntityOfPage\":{\"@id\":\"https:\\\/\\\/www.wcloc.com\\\/es\\\/wc-loc-presente-en-la-1o-edicion-del-foro-aespe\"},\"wordCount\":438,\"commentCount\":0,\"publisher\":{\"@id\":\"https:\\\/\\\/www.wcloc.com\\\/es#organization\"},\"image\":{\"@id\":\"https:\\\/\\\/www.wcloc.com\\\/es\\\/wc-loc-presente-en-la-1o-edicion-del-foro-aespe#primaryimage\"},\"thumbnailUrl\":\"https:\\\/\\\/www.wcloc.com\\\/wp-content\\\/uploads\\\/2023\\\/03\\\/Instagram-WCLoc-01.jpg\",\"articleSection\":[\"Compromiso\"],\"inLanguage\":\"es\",\"potentialAction\":[{\"@type\":\"CommentAction\",\"name\":\"Comment\",\"target\":[\"https:\\\/\\\/www.wcloc.com\\\/es\\\/wc-loc-presente-en-la-1o-edicion-del-foro-aespe#respond\"]}]},{\"@type\":\"WebPage\",\"@id\":\"https:\\\/\\\/www.wcloc.com\\\/es\\\/wc-loc-presente-en-la-1o-edicion-del-foro-aespe\",\"url\":\"https:\\\/\\\/www.wcloc.com\\\/es\\\/wc-loc-presente-en-la-1o-edicion-del-foro-aespe\",\"name\":\"WC Loc presente en la 1\u00ba edici\u00f3n del FORO AESPE - WC Loc\",\"isPartOf\":{\"@id\":\"https:\\\/\\\/www.wcloc.com\\\/es#website\"},\"primaryImageOfPage\":{\"@id\":\"https:\\\/\\\/www.wcloc.com\\\/es\\\/wc-loc-presente-en-la-1o-edicion-del-foro-aespe#primaryimage\"},\"image\":{\"@id\":\"https:\\\/\\\/www.wcloc.com\\\/es\\\/wc-loc-presente-en-la-1o-edicion-del-foro-aespe#primaryimage\"},\"thumbnailUrl\":\"https:\\\/\\\/www.wcloc.com\\\/wp-content\\\/uploads\\\/2023\\\/03\\\/Instagram-WCLoc-01.jpg\",\"datePublished\":\"2023-03-23T07:38:28+00:00\",\"dateModified\":\"2025-02-07T16:22:56+00:00\",\"description\":\"Ayer, D\u00eda Mundial del Agua, se celebr\u00f3 el 1\u00ba Foro de AESPE. WC Loc, es pionero en su visi\u00f3n ECO responsable\",\"breadcrumb\":{\"@id\":\"https:\\\/\\\/www.wcloc.com\\\/es\\\/wc-loc-presente-en-la-1o-edicion-del-foro-aespe#breadcrumb\"},\"inLanguage\":\"es\",\"potentialAction\":[{\"@type\":\"ReadAction\",\"target\":[\"https:\\\/\\\/www.wcloc.com\\\/es\\\/wc-loc-presente-en-la-1o-edicion-del-foro-aespe\"]}]},{\"@type\":\"ImageObject\",\"inLanguage\":\"es\",\"@id\":\"https:\\\/\\\/www.wcloc.com\\\/es\\\/wc-loc-presente-en-la-1o-edicion-del-foro-aespe#primaryimage\",\"url\":\"https:\\\/\\\/www.wcloc.com\\\/wp-content\\\/uploads\\\/2023\\\/03\\\/Instagram-WCLoc-01.jpg\",\"contentUrl\":\"https:\\\/\\\/www.wcloc.com\\\/wp-content\\\/uploads\\\/2023\\\/03\\\/Instagram-WCLoc-01.jpg\",\"width\":2250,\"height\":2250,\"caption\":\"WC Loc presente en la 1\u00ba edici\u00f3n del FORO AESPE\"},{\"@type\":\"BreadcrumbList\",\"@id\":\"https:\\\/\\\/www.wcloc.com\\\/es\\\/wc-loc-presente-en-la-1o-edicion-del-foro-aespe#breadcrumb\",\"itemListElement\":[{\"@type\":\"ListItem\",\"position\":1,\"name\":\"Compromiso\",\"item\":\"https:\\\/\\\/www.wcloc.com\\\/es\\\/category\\\/compromiso\"},{\"@type\":\"ListItem\",\"position\":2,\"name\":\"WC Loc presente en la 1\u00ba edici\u00f3n del FORO AESPE\"}]},{\"@type\":\"WebSite\",\"@id\":\"https:\\\/\\\/www.wcloc.com\\\/es#website\",\"url\":\"https:\\\/\\\/www.wcloc.com\\\/es\",\"name\":\"WC Loc\",\"description\":\"Un site utilisant Les sites de platform.enygea.fr\",\"publisher\":{\"@id\":\"https:\\\/\\\/www.wcloc.com\\\/es#organization\"},\"potentialAction\":[{\"@type\":\"SearchAction\",\"target\":{\"@type\":\"EntryPoint\",\"urlTemplate\":\"https:\\\/\\\/www.wcloc.com\\\/es?s={search_term_string}\"},\"query-input\":{\"@type\":\"PropertyValueSpecification\",\"valueRequired\":true,\"valueName\":\"search_term_string\"}}],\"inLanguage\":\"es\"},{\"@type\":\"Organization\",\"@id\":\"https:\\\/\\\/www.wcloc.com\\\/es#organization\",\"name\":\"WC Loc\",\"url\":\"https:\\\/\\\/www.wcloc.com\\\/es\",\"logo\":{\"@type\":\"ImageObject\",\"inLanguage\":\"es\",\"@id\":\"https:\\\/\\\/www.wcloc.com\\\/es#\\\/schema\\\/logo\\\/image\\\/\",\"url\":\"https:\\\/\\\/www.wcloc.com\\\/wp-content\\\/uploads\\\/2023\\\/04\\\/logo.png\",\"contentUrl\":\"https:\\\/\\\/www.wcloc.com\\\/wp-content\\\/uploads\\\/2023\\\/04\\\/logo.png\",\"width\":291,\"height\":71,\"caption\":\"WC Loc\"},\"image\":{\"@id\":\"https:\\\/\\\/www.wcloc.com\\\/es#\\\/schema\\\/logo\\\/image\\\/\"}},{\"@type\":\"Person\",\"@id\":\"https:\\\/\\\/www.wcloc.com\\\/es#\\\/schema\\\/person\\\/c1d3e5cca8943626b916c68e8645fb02\",\"name\":\"Helene Lemeiter\",\"image\":{\"@type\":\"ImageObject\",\"inLanguage\":\"es\",\"@id\":\"https:\\\/\\\/secure.gravatar.com\\\/avatar\\\/9e0c00ca7328b25818d669bbe51f22033f59854e00418a9667f68b01be4e309e?s=96&d=mm&r=g\",\"url\":\"https:\\\/\\\/secure.gravatar.com\\\/avatar\\\/9e0c00ca7328b25818d669bbe51f22033f59854e00418a9667f68b01be4e309e?s=96&d=mm&r=g\",\"contentUrl\":\"https:\\\/\\\/secure.gravatar.com\\\/avatar\\\/9e0c00ca7328b25818d669bbe51f22033f59854e00418a9667f68b01be4e309e?s=96&d=mm&r=g\",\"caption\":\"Helene Lemeiter\"}}]}<\/script>\n<!-- \/ Yoast SEO plugin. -->","yoast_head_json":{"title":"WC Loc presente en la 1\u00ba edici\u00f3n del FORO AESPE - WC Loc","description":"Ayer, D\u00eda Mundial del Agua, se celebr\u00f3 el 1\u00ba Foro de AESPE. WC Loc, es pionero en su visi\u00f3n ECO responsable","robots":{"index":"index","follow":"follow","max-snippet":"max-snippet:-1","max-image-preview":"max-image-preview:large","max-video-preview":"max-video-preview:-1"},"canonical":"https:\/\/www.wcloc.com\/es\/wc-loc-presente-en-la-1o-edicion-del-foro-aespe","og_locale":"es_ES","og_type":"article","og_title":"WC Loc presente en la 1\u00ba edici\u00f3n del FORO AESPE - WC Loc","og_description":"Ayer, D\u00eda Mundial del Agua, se celebr\u00f3 el 1\u00ba Foro de AESPE. WC Loc, es pionero en su visi\u00f3n ECO responsable","og_url":"https:\/\/www.wcloc.com\/es\/wc-loc-presente-en-la-1o-edicion-del-foro-aespe","og_site_name":"WC Loc","article_published_time":"2023-03-23T07:38:28+00:00","article_modified_time":"2025-02-07T16:22:56+00:00","og_image":[{"width":2250,"height":2250,"url":"https:\/\/www.wcloc.com\/wp-content\/uploads\/2023\/03\/Instagram-WCLoc-01.jpg","type":"image\/jpeg"}],"author":"Helene Lemeiter","twitter_card":"summary_large_image","twitter_misc":{"Escrito por":"Helene Lemeiter","Tiempo de lectura":"2 minutos"},"schema":{"@context":"https:\/\/schema.org","@graph":[{"@type":"NewsArticle","@id":"https:\/\/www.wcloc.com\/es\/wc-loc-presente-en-la-1o-edicion-del-foro-aespe#article","isPartOf":{"@id":"https:\/\/www.wcloc.com\/es\/wc-loc-presente-en-la-1o-edicion-del-foro-aespe"},"author":{"name":"Helene Lemeiter","@id":"https:\/\/www.wcloc.com\/es#\/schema\/person\/c1d3e5cca8943626b916c68e8645fb02"},"headline":"WC Loc presente en la 1\u00ba edici\u00f3n del FORO AESPE","datePublished":"2023-03-23T07:38:28+00:00","dateModified":"2025-02-07T16:22:56+00:00","mainEntityOfPage":{"@id":"https:\/\/www.wcloc.com\/es\/wc-loc-presente-en-la-1o-edicion-del-foro-aespe"},"wordCount":438,"commentCount":0,"publisher":{"@id":"https:\/\/www.wcloc.com\/es#organization"},"image":{"@id":"https:\/\/www.wcloc.com\/es\/wc-loc-presente-en-la-1o-edicion-del-foro-aespe#primaryimage"},"thumbnailUrl":"https:\/\/www.wcloc.com\/wp-content\/uploads\/2023\/03\/Instagram-WCLoc-01.jpg","articleSection":["Compromiso"],"inLanguage":"es","potentialAction":[{"@type":"CommentAction","name":"Comment","target":["https:\/\/www.wcloc.com\/es\/wc-loc-presente-en-la-1o-edicion-del-foro-aespe#respond"]}]},{"@type":"WebPage","@id":"https:\/\/www.wcloc.com\/es\/wc-loc-presente-en-la-1o-edicion-del-foro-aespe","url":"https:\/\/www.wcloc.com\/es\/wc-loc-presente-en-la-1o-edicion-del-foro-aespe","name":"WC Loc presente en la 1\u00ba edici\u00f3n del FORO AESPE - WC Loc","isPartOf":{"@id":"https:\/\/www.wcloc.com\/es#website"},"primaryImageOfPage":{"@id":"https:\/\/www.wcloc.com\/es\/wc-loc-presente-en-la-1o-edicion-del-foro-aespe#primaryimage"},"image":{"@id":"https:\/\/www.wcloc.com\/es\/wc-loc-presente-en-la-1o-edicion-del-foro-aespe#primaryimage"},"thumbnailUrl":"https:\/\/www.wcloc.com\/wp-content\/uploads\/2023\/03\/Instagram-WCLoc-01.jpg","datePublished":"2023-03-23T07:38:28+00:00","dateModified":"2025-02-07T16:22:56+00:00","description":"Ayer, D\u00eda Mundial del Agua, se celebr\u00f3 el 1\u00ba Foro de AESPE. WC Loc, es pionero en su visi\u00f3n ECO responsable","breadcrumb":{"@id":"https:\/\/www.wcloc.com\/es\/wc-loc-presente-en-la-1o-edicion-del-foro-aespe#breadcrumb"},"inLanguage":"es","potentialAction":[{"@type":"ReadAction","target":["https:\/\/www.wcloc.com\/es\/wc-loc-presente-en-la-1o-edicion-del-foro-aespe"]}]},{"@type":"ImageObject","inLanguage":"es","@id":"https:\/\/www.wcloc.com\/es\/wc-loc-presente-en-la-1o-edicion-del-foro-aespe#primaryimage","url":"https:\/\/www.wcloc.com\/wp-content\/uploads\/2023\/03\/Instagram-WCLoc-01.jpg","contentUrl":"https:\/\/www.wcloc.com\/wp-content\/uploads\/2023\/03\/Instagram-WCLoc-01.jpg","width":2250,"height":2250,"caption":"WC Loc presente en la 1\u00ba edici\u00f3n del FORO AESPE"},{"@type":"BreadcrumbList","@id":"https:\/\/www.wcloc.com\/es\/wc-loc-presente-en-la-1o-edicion-del-foro-aespe#breadcrumb","itemListElement":[{"@type":"ListItem","position":1,"name":"Compromiso","item":"https:\/\/www.wcloc.com\/es\/category\/compromiso"},{"@type":"ListItem","position":2,"name":"WC Loc presente en la 1\u00ba edici\u00f3n del FORO AESPE"}]},{"@type":"WebSite","@id":"https:\/\/www.wcloc.com\/es#website","url":"https:\/\/www.wcloc.com\/es","name":"WC Loc","description":"Un site utilisant Les sites de platform.enygea.fr","publisher":{"@id":"https:\/\/www.wcloc.com\/es#organization"},"potentialAction":[{"@type":"SearchAction","target":{"@type":"EntryPoint","urlTemplate":"https:\/\/www.wcloc.com\/es?s={search_term_string}"},"query-input":{"@type":"PropertyValueSpecification","valueRequired":true,"valueName":"search_term_string"}}],"inLanguage":"es"},{"@type":"Organization","@id":"https:\/\/www.wcloc.com\/es#organization","name":"WC Loc","url":"https:\/\/www.wcloc.com\/es","logo":{"@type":"ImageObject","inLanguage":"es","@id":"https:\/\/www.wcloc.com\/es#\/schema\/logo\/image\/","url":"https:\/\/www.wcloc.com\/wp-content\/uploads\/2023\/04\/logo.png","contentUrl":"https:\/\/www.wcloc.com\/wp-content\/uploads\/2023\/04\/logo.png","width":291,"height":71,"caption":"WC Loc"},"image":{"@id":"https:\/\/www.wcloc.com\/es#\/schema\/logo\/image\/"}},{"@type":"Person","@id":"https:\/\/www.wcloc.com\/es#\/schema\/person\/c1d3e5cca8943626b916c68e8645fb02","name":"Helene Lemeiter","image":{"@type":"ImageObject","inLanguage":"es","@id":"https:\/\/secure.gravatar.com\/avatar\/9e0c00ca7328b25818d669bbe51f22033f59854e00418a9667f68b01be4e309e?s=96&d=mm&r=g","url":"https:\/\/secure.gravatar.com\/avatar\/9e0c00ca7328b25818d669bbe51f22033f59854e00418a9667f68b01be4e309e?s=96&d=mm&r=g","contentUrl":"https:\/\/secure.gravatar.com\/avatar\/9e0c00ca7328b25818d669bbe51f22033f59854e00418a9667f68b01be4e309e?s=96&d=mm&r=g","caption":"Helene Lemeiter"}}]}},"_links":{"self":[{"href":"https:\/\/www.wcloc.com\/es\/wp-json\/wp\/v2\/posts\/62854","targetHints":{"allow":["GET"]}}],"collection":[{"href":"https:\/\/www.wcloc.com\/es\/wp-json\/wp\/v2\/posts"}],"about":[{"href":"https:\/\/www.wcloc.com\/es\/wp-json\/wp\/v2\/types\/post"}],"author":[{"embeddable":true,"href":"https:\/\/www.wcloc.com\/es\/wp-json\/wp\/v2\/users\/50"}],"replies":[{"embeddable":true,"href":"https:\/\/www.wcloc.com\/es\/wp-json\/wp\/v2\/comments?post=62854"}],"version-history":[{"count":2,"href":"https:\/\/www.wcloc.com\/es\/wp-json\/wp\/v2\/posts\/62854\/revisions"}],"predecessor-version":[{"id":62880,"href":"https:\/\/www.wcloc.com\/es\/wp-json\/wp\/v2\/posts\/62854\/revisions\/62880"}],"wp:featuredmedia":[{"embeddable":true,"href":"https:\/\/www.wcloc.com\/es\/wp-json\/wp\/v2\/media\/62864"}],"wp:attachment":[{"href":"https:\/\/www.wcloc.com\/es\/wp-json\/wp\/v2\/media?parent=62854"}],"wp:term":[{"taxonomy":"category","embeddable":true,"href":"https:\/\/www.wcloc.com\/es\/wp-json\/wp\/v2\/categories?post=62854"},{"taxonomy":"post_tag","embeddable":true,"href":"https:\/\/www.wcloc.com\/es\/wp-json\/wp\/v2\/tags?post=62854"}],"curies":[{"name":"wp","href":"https:\/\/api.w.org\/{rel}","templated":true}]}}