{"id":40380,"date":"2022-04-25T12:38:00","date_gmt":"2022-04-25T10:38:00","guid":{"rendered":"https:\/\/www.wcloc.com\/?p=40380"},"modified":"2025-02-07T17:31:39","modified_gmt":"2025-02-07T16:31:39","slug":"wc-loc-en-la-final-de-la-copa-del-rey-en-sevilla","status":"publish","type":"post","link":"https:\/\/www.wcloc.com\/es\/wc-loc-en-la-final-de-la-copa-del-rey-en-sevilla","title":{"rendered":"WC Loc EN LA FINAL DE LA COPA DEL REY, EN SEVILLA"},"content":{"rendered":"<p><a href=\"https:\/\/www.linkedin.com\/feed\/update\/urn:li:activity:6924301415871885312\/\"><img decoding=\"async\" width=\"476\" height=\"472\" class=\"alignnone size-full wp-image-40381\" src=\"https:\/\/www.wcloc.com\/wp-content\/uploads\/2022\/04\/Captura-de-pantalla-2022-04-25-a-las-12.15.57.png\" alt=\"\" srcset=\"https:\/\/www.wcloc.com\/wp-content\/uploads\/2022\/04\/Captura-de-pantalla-2022-04-25-a-las-12.15.57.png 476w, https:\/\/www.wcloc.com\/wp-content\/uploads\/2022\/04\/Captura-de-pantalla-2022-04-25-a-las-12.15.57-150x150.png 150w, https:\/\/www.wcloc.com\/wp-content\/uploads\/2022\/04\/Captura-de-pantalla-2022-04-25-a-las-12.15.57-300x297.png 300w, https:\/\/www.wcloc.com\/wp-content\/uploads\/2022\/04\/Captura-de-pantalla-2022-04-25-a-las-12.15.57-270x267.png 270w, https:\/\/www.wcloc.com\/wp-content\/uploads\/2022\/04\/Captura-de-pantalla-2022-04-25-a-las-12.15.57-344x342.png 344w\" sizes=\"(max-width: 476px) 100vw, 476px\" \/><\/a><\/p>\n<p>&nbsp;<\/p>\n<p><strong>WC Loc presente con las cabinas aut\u00f3nomas para eventos y equipamientos deportivos en la Final de la Copa del Rey.<\/strong><\/p>\n<p>&nbsp;<\/p>\n<p>Ayer se celebr\u00f3 la Final de la Copa del Rey de f\u00fatbol, en el estadio de La Cartuja de Sevilla.<\/p>\n<p>Un partidazo entre el Betis y el Valencia C.F., donde se proclam\u00f3 campe\u00f3n en los penaltis el Betis, por tercera vez en su historia.<\/p>\n<p>&nbsp;<\/p>\n<p>Un gran evento deportivo que acogi\u00f3 a miles de espectadores, donde WC Loc pudo demostrar la capacidad de servicio para grandes acontecimientos deportivos<\/p>\n<p>con la instalaci\u00f3n en las zonas exteriores del estadio, con las cabinas de higiene de nueva generaci\u00f3n.<\/p>\n<p>Un gran despliegle de nuestro amplio parque de sanitarios y unirarios con:<\/p>\n<p>&nbsp;<\/p>\n<p><a href=\"https:\/\/www.wcloc.com\/es\/p\/cabina-autonoma-wc-portatil-para-obra\"><strong>Cabina WC Aut\u00f3noma<\/strong><\/a><\/p>\n<p><a href=\"https:\/\/www.wcloc.com\/es\/p\/cabina-autonoma-wc-portatil-para-obra\">https:\/\/www.wcloc.com\/es\/p\/cabina-autonoma-wc-portatil-para-obra<\/a><\/p>\n<p>&nbsp;<\/p>\n<p><a href=\"https:\/\/www.wcloc.com\/es\/p\/cabina-wc-portatil-pmr-privilege-para-obra\"><strong>Cabina PMR WC Aut\u00f3noma<\/strong><\/a><\/p>\n<p><a href=\"https:\/\/www.wcloc.com\/es\/p\/cabina-wc-portatil-pmr-privilege-para-obra\">https:\/\/www.wcloc.com\/es\/p\/cabina-wc-portatil-pmr-privilege-para-obra<\/a><\/p>\n<p>&nbsp;<\/p>\n<p><a href=\"https:\/\/www.wcloc.com\/es\/p\/urinario-portatil-4-plazas-autonomo\"><strong>Urinarios 4 plazas aut\u00f3nomo<\/strong><\/a><\/p>\n<p><a href=\"https:\/\/www.wcloc.com\/es\/p\/urinario-portatil-4-plazas-autonomo\">https:\/\/www.wcloc.com\/es\/p\/urinario-portatil-4-plazas-autonomo<\/a><\/p>\n<p>&nbsp;<\/p>\n","protected":false},"excerpt":{"rendered":"&nbsp; WC Loc presente con las cabinas aut\u00f3nomas para eventos y equipamientos deportivos en la Final de la Copa del Rey. &nbsp; Ayer se celebr\u00f3 la Final de la Copa del Rey de f\u00fatbol, en el estadio de La Cartuja de Sevilla. Un partidazo entre el Betis y el Valencia C.F., donde se proclam\u00f3 campe\u00f3n [&hellip;]","protected":false},"author":50,"featured_media":40381,"comment_status":"open","ping_status":"open","sticky":false,"template":"","format":"standard","meta":{"_acf_changed":false,"footnotes":""},"categories":[490],"tags":[],"class_list":["post-40380","post","type-post","status-publish","format-standard","has-post-thumbnail","hentry","category-evento"],"acf":[],"yoast_head":"<!-- This site is optimized with the Yoast SEO plugin v27.4 - https:\/\/yoast.com\/product\/yoast-seo-wordpress\/ -->\n<title>WC Loc EN LA FINAL DE LA COPA DEL REY, EN SEVILLA - WC Loc<\/title>\n<meta name=\"robots\" content=\"index, follow, max-snippet:-1, max-image-preview:large, max-video-preview:-1\" \/>\n<link rel=\"canonical\" href=\"https:\/\/www.wcloc.com\/es\/wc-loc-en-la-final-de-la-copa-del-rey-en-sevilla\" \/>\n<meta property=\"og:locale\" content=\"es_ES\" \/>\n<meta property=\"og:type\" content=\"article\" \/>\n<meta property=\"og:title\" content=\"WC Loc EN LA FINAL DE LA COPA DEL REY, EN SEVILLA - WC Loc\" \/>\n<meta property=\"og:description\" content=\"&nbsp; WC Loc presente con las cabinas aut\u00f3nomas para eventos y equipamientos deportivos en la Final de la Copa del Rey. &nbsp; Ayer se celebr\u00f3 la Final de la Copa del Rey de f\u00fatbol, en el estadio de La Cartuja de Sevilla. Un partidazo entre el Betis y el Valencia C.F., donde se proclam\u00f3 campe\u00f3n [&hellip;]\" \/>\n<meta property=\"og:url\" content=\"https:\/\/www.wcloc.com\/es\/wc-loc-en-la-final-de-la-copa-del-rey-en-sevilla\" \/>\n<meta property=\"og:site_name\" content=\"WC Loc\" \/>\n<meta property=\"article:published_time\" content=\"2022-04-25T10:38:00+00:00\" \/>\n<meta property=\"article:modified_time\" content=\"2025-02-07T16:31:39+00:00\" \/>\n<meta property=\"og:image\" content=\"https:\/\/www.wcloc.com\/wp-content\/uploads\/2022\/04\/Captura-de-pantalla-2022-04-25-a-las-12.15.57.png\" \/>\n\t<meta property=\"og:image:width\" content=\"476\" \/>\n\t<meta property=\"og:image:height\" content=\"472\" \/>\n\t<meta property=\"og:image:type\" content=\"image\/png\" \/>\n<meta name=\"author\" content=\"Helene Lemeiter\" \/>\n<meta name=\"twitter:card\" content=\"summary_large_image\" \/>\n<meta name=\"twitter:label1\" content=\"Escrito por\" \/>\n\t<meta name=\"twitter:data1\" content=\"Helene Lemeiter\" \/>\n\t<meta name=\"twitter:label2\" content=\"Tiempo de lectura\" \/>\n\t<meta name=\"twitter:data2\" content=\"1 minuto\" \/>\n<script type=\"application\/ld+json\" class=\"yoast-schema-graph\">{\"@context\":\"https:\\\/\\\/schema.org\",\"@graph\":[{\"@type\":\"NewsArticle\",\"@id\":\"https:\\\/\\\/www.wcloc.com\\\/es\\\/wc-loc-en-la-final-de-la-copa-del-rey-en-sevilla#article\",\"isPartOf\":{\"@id\":\"https:\\\/\\\/www.wcloc.com\\\/es\\\/wc-loc-en-la-final-de-la-copa-del-rey-en-sevilla\"},\"author\":{\"name\":\"Helene Lemeiter\",\"@id\":\"https:\\\/\\\/www.wcloc.com\\\/es#\\\/schema\\\/person\\\/c1d3e5cca8943626b916c68e8645fb02\"},\"headline\":\"WC Loc EN LA FINAL DE LA COPA DEL REY, EN SEVILLA\",\"datePublished\":\"2022-04-25T10:38:00+00:00\",\"dateModified\":\"2025-02-07T16:31:39+00:00\",\"mainEntityOfPage\":{\"@id\":\"https:\\\/\\\/www.wcloc.com\\\/es\\\/wc-loc-en-la-final-de-la-copa-del-rey-en-sevilla\"},\"wordCount\":176,\"commentCount\":0,\"publisher\":{\"@id\":\"https:\\\/\\\/www.wcloc.com\\\/es#organization\"},\"image\":{\"@id\":\"https:\\\/\\\/www.wcloc.com\\\/es\\\/wc-loc-en-la-final-de-la-copa-del-rey-en-sevilla#primaryimage\"},\"thumbnailUrl\":\"https:\\\/\\\/www.wcloc.com\\\/wp-content\\\/uploads\\\/2022\\\/04\\\/Captura-de-pantalla-2022-04-25-a-las-12.15.57.png\",\"articleSection\":[\"Evento\"],\"inLanguage\":\"es\",\"potentialAction\":[{\"@type\":\"CommentAction\",\"name\":\"Comment\",\"target\":[\"https:\\\/\\\/www.wcloc.com\\\/es\\\/wc-loc-en-la-final-de-la-copa-del-rey-en-sevilla#respond\"]}]},{\"@type\":\"WebPage\",\"@id\":\"https:\\\/\\\/www.wcloc.com\\\/es\\\/wc-loc-en-la-final-de-la-copa-del-rey-en-sevilla\",\"url\":\"https:\\\/\\\/www.wcloc.com\\\/es\\\/wc-loc-en-la-final-de-la-copa-del-rey-en-sevilla\",\"name\":\"WC Loc EN LA FINAL DE LA COPA DEL REY, EN SEVILLA - WC Loc\",\"isPartOf\":{\"@id\":\"https:\\\/\\\/www.wcloc.com\\\/es#website\"},\"primaryImageOfPage\":{\"@id\":\"https:\\\/\\\/www.wcloc.com\\\/es\\\/wc-loc-en-la-final-de-la-copa-del-rey-en-sevilla#primaryimage\"},\"image\":{\"@id\":\"https:\\\/\\\/www.wcloc.com\\\/es\\\/wc-loc-en-la-final-de-la-copa-del-rey-en-sevilla#primaryimage\"},\"thumbnailUrl\":\"https:\\\/\\\/www.wcloc.com\\\/wp-content\\\/uploads\\\/2022\\\/04\\\/Captura-de-pantalla-2022-04-25-a-las-12.15.57.png\",\"datePublished\":\"2022-04-25T10:38:00+00:00\",\"dateModified\":\"2025-02-07T16:31:39+00:00\",\"breadcrumb\":{\"@id\":\"https:\\\/\\\/www.wcloc.com\\\/es\\\/wc-loc-en-la-final-de-la-copa-del-rey-en-sevilla#breadcrumb\"},\"inLanguage\":\"es\",\"potentialAction\":[{\"@type\":\"ReadAction\",\"target\":[\"https:\\\/\\\/www.wcloc.com\\\/es\\\/wc-loc-en-la-final-de-la-copa-del-rey-en-sevilla\"]}]},{\"@type\":\"ImageObject\",\"inLanguage\":\"es\",\"@id\":\"https:\\\/\\\/www.wcloc.com\\\/es\\\/wc-loc-en-la-final-de-la-copa-del-rey-en-sevilla#primaryimage\",\"url\":\"https:\\\/\\\/www.wcloc.com\\\/wp-content\\\/uploads\\\/2022\\\/04\\\/Captura-de-pantalla-2022-04-25-a-las-12.15.57.png\",\"contentUrl\":\"https:\\\/\\\/www.wcloc.com\\\/wp-content\\\/uploads\\\/2022\\\/04\\\/Captura-de-pantalla-2022-04-25-a-las-12.15.57.png\",\"width\":476,\"height\":472},{\"@type\":\"BreadcrumbList\",\"@id\":\"https:\\\/\\\/www.wcloc.com\\\/es\\\/wc-loc-en-la-final-de-la-copa-del-rey-en-sevilla#breadcrumb\",\"itemListElement\":[{\"@type\":\"ListItem\",\"position\":1,\"name\":\"Evento\",\"item\":\"https:\\\/\\\/www.wcloc.com\\\/es\\\/category\\\/evento\"},{\"@type\":\"ListItem\",\"position\":2,\"name\":\"WC Loc EN LA FINAL DE LA COPA DEL REY, EN SEVILLA\"}]},{\"@type\":\"WebSite\",\"@id\":\"https:\\\/\\\/www.wcloc.com\\\/es#website\",\"url\":\"https:\\\/\\\/www.wcloc.com\\\/es\",\"name\":\"WC Loc\",\"description\":\"Un site utilisant Les sites de platform.enygea.fr\",\"publisher\":{\"@id\":\"https:\\\/\\\/www.wcloc.com\\\/es#organization\"},\"potentialAction\":[{\"@type\":\"SearchAction\",\"target\":{\"@type\":\"EntryPoint\",\"urlTemplate\":\"https:\\\/\\\/www.wcloc.com\\\/es?s={search_term_string}\"},\"query-input\":{\"@type\":\"PropertyValueSpecification\",\"valueRequired\":true,\"valueName\":\"search_term_string\"}}],\"inLanguage\":\"es\"},{\"@type\":\"Organization\",\"@id\":\"https:\\\/\\\/www.wcloc.com\\\/es#organization\",\"name\":\"WC Loc\",\"url\":\"https:\\\/\\\/www.wcloc.com\\\/es\",\"logo\":{\"@type\":\"ImageObject\",\"inLanguage\":\"es\",\"@id\":\"https:\\\/\\\/www.wcloc.com\\\/es#\\\/schema\\\/logo\\\/image\\\/\",\"url\":\"https:\\\/\\\/www.wcloc.com\\\/wp-content\\\/uploads\\\/2023\\\/04\\\/logo.png\",\"contentUrl\":\"https:\\\/\\\/www.wcloc.com\\\/wp-content\\\/uploads\\\/2023\\\/04\\\/logo.png\",\"width\":291,\"height\":71,\"caption\":\"WC Loc\"},\"image\":{\"@id\":\"https:\\\/\\\/www.wcloc.com\\\/es#\\\/schema\\\/logo\\\/image\\\/\"}},{\"@type\":\"Person\",\"@id\":\"https:\\\/\\\/www.wcloc.com\\\/es#\\\/schema\\\/person\\\/c1d3e5cca8943626b916c68e8645fb02\",\"name\":\"Helene Lemeiter\",\"image\":{\"@type\":\"ImageObject\",\"inLanguage\":\"es\",\"@id\":\"https:\\\/\\\/secure.gravatar.com\\\/avatar\\\/9e0c00ca7328b25818d669bbe51f22033f59854e00418a9667f68b01be4e309e?s=96&d=mm&r=g\",\"url\":\"https:\\\/\\\/secure.gravatar.com\\\/avatar\\\/9e0c00ca7328b25818d669bbe51f22033f59854e00418a9667f68b01be4e309e?s=96&d=mm&r=g\",\"contentUrl\":\"https:\\\/\\\/secure.gravatar.com\\\/avatar\\\/9e0c00ca7328b25818d669bbe51f22033f59854e00418a9667f68b01be4e309e?s=96&d=mm&r=g\",\"caption\":\"Helene Lemeiter\"}}]}<\/script>\n<!-- \/ Yoast SEO plugin. -->","yoast_head_json":{"title":"WC Loc EN LA FINAL DE LA COPA DEL REY, EN SEVILLA - WC Loc","robots":{"index":"index","follow":"follow","max-snippet":"max-snippet:-1","max-image-preview":"max-image-preview:large","max-video-preview":"max-video-preview:-1"},"canonical":"https:\/\/www.wcloc.com\/es\/wc-loc-en-la-final-de-la-copa-del-rey-en-sevilla","og_locale":"es_ES","og_type":"article","og_title":"WC Loc EN LA FINAL DE LA COPA DEL REY, EN SEVILLA - WC Loc","og_description":"&nbsp; WC Loc presente con las cabinas aut\u00f3nomas para eventos y equipamientos deportivos en la Final de la Copa del Rey. &nbsp; Ayer se celebr\u00f3 la Final de la Copa del Rey de f\u00fatbol, en el estadio de La Cartuja de Sevilla. Un partidazo entre el Betis y el Valencia C.F., donde se proclam\u00f3 campe\u00f3n [&hellip;]","og_url":"https:\/\/www.wcloc.com\/es\/wc-loc-en-la-final-de-la-copa-del-rey-en-sevilla","og_site_name":"WC Loc","article_published_time":"2022-04-25T10:38:00+00:00","article_modified_time":"2025-02-07T16:31:39+00:00","og_image":[{"width":476,"height":472,"url":"https:\/\/www.wcloc.com\/wp-content\/uploads\/2022\/04\/Captura-de-pantalla-2022-04-25-a-las-12.15.57.png","type":"image\/png"}],"author":"Helene Lemeiter","twitter_card":"summary_large_image","twitter_misc":{"Escrito por":"Helene Lemeiter","Tiempo de lectura":"1 minuto"},"schema":{"@context":"https:\/\/schema.org","@graph":[{"@type":"NewsArticle","@id":"https:\/\/www.wcloc.com\/es\/wc-loc-en-la-final-de-la-copa-del-rey-en-sevilla#article","isPartOf":{"@id":"https:\/\/www.wcloc.com\/es\/wc-loc-en-la-final-de-la-copa-del-rey-en-sevilla"},"author":{"name":"Helene Lemeiter","@id":"https:\/\/www.wcloc.com\/es#\/schema\/person\/c1d3e5cca8943626b916c68e8645fb02"},"headline":"WC Loc EN LA FINAL DE LA COPA DEL REY, EN SEVILLA","datePublished":"2022-04-25T10:38:00+00:00","dateModified":"2025-02-07T16:31:39+00:00","mainEntityOfPage":{"@id":"https:\/\/www.wcloc.com\/es\/wc-loc-en-la-final-de-la-copa-del-rey-en-sevilla"},"wordCount":176,"commentCount":0,"publisher":{"@id":"https:\/\/www.wcloc.com\/es#organization"},"image":{"@id":"https:\/\/www.wcloc.com\/es\/wc-loc-en-la-final-de-la-copa-del-rey-en-sevilla#primaryimage"},"thumbnailUrl":"https:\/\/www.wcloc.com\/wp-content\/uploads\/2022\/04\/Captura-de-pantalla-2022-04-25-a-las-12.15.57.png","articleSection":["Evento"],"inLanguage":"es","potentialAction":[{"@type":"CommentAction","name":"Comment","target":["https:\/\/www.wcloc.com\/es\/wc-loc-en-la-final-de-la-copa-del-rey-en-sevilla#respond"]}]},{"@type":"WebPage","@id":"https:\/\/www.wcloc.com\/es\/wc-loc-en-la-final-de-la-copa-del-rey-en-sevilla","url":"https:\/\/www.wcloc.com\/es\/wc-loc-en-la-final-de-la-copa-del-rey-en-sevilla","name":"WC Loc EN LA FINAL DE LA COPA DEL REY, EN SEVILLA - WC Loc","isPartOf":{"@id":"https:\/\/www.wcloc.com\/es#website"},"primaryImageOfPage":{"@id":"https:\/\/www.wcloc.com\/es\/wc-loc-en-la-final-de-la-copa-del-rey-en-sevilla#primaryimage"},"image":{"@id":"https:\/\/www.wcloc.com\/es\/wc-loc-en-la-final-de-la-copa-del-rey-en-sevilla#primaryimage"},"thumbnailUrl":"https:\/\/www.wcloc.com\/wp-content\/uploads\/2022\/04\/Captura-de-pantalla-2022-04-25-a-las-12.15.57.png","datePublished":"2022-04-25T10:38:00+00:00","dateModified":"2025-02-07T16:31:39+00:00","breadcrumb":{"@id":"https:\/\/www.wcloc.com\/es\/wc-loc-en-la-final-de-la-copa-del-rey-en-sevilla#breadcrumb"},"inLanguage":"es","potentialAction":[{"@type":"ReadAction","target":["https:\/\/www.wcloc.com\/es\/wc-loc-en-la-final-de-la-copa-del-rey-en-sevilla"]}]},{"@type":"ImageObject","inLanguage":"es","@id":"https:\/\/www.wcloc.com\/es\/wc-loc-en-la-final-de-la-copa-del-rey-en-sevilla#primaryimage","url":"https:\/\/www.wcloc.com\/wp-content\/uploads\/2022\/04\/Captura-de-pantalla-2022-04-25-a-las-12.15.57.png","contentUrl":"https:\/\/www.wcloc.com\/wp-content\/uploads\/2022\/04\/Captura-de-pantalla-2022-04-25-a-las-12.15.57.png","width":476,"height":472},{"@type":"BreadcrumbList","@id":"https:\/\/www.wcloc.com\/es\/wc-loc-en-la-final-de-la-copa-del-rey-en-sevilla#breadcrumb","itemListElement":[{"@type":"ListItem","position":1,"name":"Evento","item":"https:\/\/www.wcloc.com\/es\/category\/evento"},{"@type":"ListItem","position":2,"name":"WC Loc EN LA FINAL DE LA COPA DEL REY, EN SEVILLA"}]},{"@type":"WebSite","@id":"https:\/\/www.wcloc.com\/es#website","url":"https:\/\/www.wcloc.com\/es","name":"WC Loc","description":"Un site utilisant Les sites de platform.enygea.fr","publisher":{"@id":"https:\/\/www.wcloc.com\/es#organization"},"potentialAction":[{"@type":"SearchAction","target":{"@type":"EntryPoint","urlTemplate":"https:\/\/www.wcloc.com\/es?s={search_term_string}"},"query-input":{"@type":"PropertyValueSpecification","valueRequired":true,"valueName":"search_term_string"}}],"inLanguage":"es"},{"@type":"Organization","@id":"https:\/\/www.wcloc.com\/es#organization","name":"WC Loc","url":"https:\/\/www.wcloc.com\/es","logo":{"@type":"ImageObject","inLanguage":"es","@id":"https:\/\/www.wcloc.com\/es#\/schema\/logo\/image\/","url":"https:\/\/www.wcloc.com\/wp-content\/uploads\/2023\/04\/logo.png","contentUrl":"https:\/\/www.wcloc.com\/wp-content\/uploads\/2023\/04\/logo.png","width":291,"height":71,"caption":"WC Loc"},"image":{"@id":"https:\/\/www.wcloc.com\/es#\/schema\/logo\/image\/"}},{"@type":"Person","@id":"https:\/\/www.wcloc.com\/es#\/schema\/person\/c1d3e5cca8943626b916c68e8645fb02","name":"Helene Lemeiter","image":{"@type":"ImageObject","inLanguage":"es","@id":"https:\/\/secure.gravatar.com\/avatar\/9e0c00ca7328b25818d669bbe51f22033f59854e00418a9667f68b01be4e309e?s=96&d=mm&r=g","url":"https:\/\/secure.gravatar.com\/avatar\/9e0c00ca7328b25818d669bbe51f22033f59854e00418a9667f68b01be4e309e?s=96&d=mm&r=g","contentUrl":"https:\/\/secure.gravatar.com\/avatar\/9e0c00ca7328b25818d669bbe51f22033f59854e00418a9667f68b01be4e309e?s=96&d=mm&r=g","caption":"Helene Lemeiter"}}]}},"_links":{"self":[{"href":"https:\/\/www.wcloc.com\/es\/wp-json\/wp\/v2\/posts\/40380","targetHints":{"allow":["GET"]}}],"collection":[{"href":"https:\/\/www.wcloc.com\/es\/wp-json\/wp\/v2\/posts"}],"about":[{"href":"https:\/\/www.wcloc.com\/es\/wp-json\/wp\/v2\/types\/post"}],"author":[{"embeddable":true,"href":"https:\/\/www.wcloc.com\/es\/wp-json\/wp\/v2\/users\/50"}],"replies":[{"embeddable":true,"href":"https:\/\/www.wcloc.com\/es\/wp-json\/wp\/v2\/comments?post=40380"}],"version-history":[{"count":3,"href":"https:\/\/www.wcloc.com\/es\/wp-json\/wp\/v2\/posts\/40380\/revisions"}],"predecessor-version":[{"id":40392,"href":"https:\/\/www.wcloc.com\/es\/wp-json\/wp\/v2\/posts\/40380\/revisions\/40392"}],"wp:featuredmedia":[{"embeddable":true,"href":"https:\/\/www.wcloc.com\/es\/wp-json\/wp\/v2\/media\/40381"}],"wp:attachment":[{"href":"https:\/\/www.wcloc.com\/es\/wp-json\/wp\/v2\/media?parent=40380"}],"wp:term":[{"taxonomy":"category","embeddable":true,"href":"https:\/\/www.wcloc.com\/es\/wp-json\/wp\/v2\/categories?post=40380"},{"taxonomy":"post_tag","embeddable":true,"href":"https:\/\/www.wcloc.com\/es\/wp-json\/wp\/v2\/tags?post=40380"}],"curies":[{"name":"wp","href":"https:\/\/api.w.org\/{rel}","templated":true}]}}