{"id":40208,"date":"2022-04-16T15:55:47","date_gmt":"2022-04-16T13:55:47","guid":{"rendered":"https:\/\/www.wcloc.com\/?p=40208"},"modified":"2025-02-07T17:31:44","modified_gmt":"2025-02-07T16:31:44","slug":"wc-loc-en-todas-las-calles-esta-semana-santa","status":"publish","type":"post","link":"https:\/\/www.wcloc.com\/es\/wc-loc-en-todas-las-calles-esta-semana-santa","title":{"rendered":"WC Loc en todas las calles esta Semana Santa"},"content":{"rendered":"<h2>Gracias a vuestra confianza, nuestras cabinas WC Loc hoy ya est\u00e1n presentes en las principales ciudades, desde las soleadas calles de M\u00e1laga hasta las concurridas calles de Bilbao. Cabinas de nueva generaci\u00f3n, eficientes y aut\u00f3nomas, para cubrir las diferentes actividades culturales, religiosas y populares que acoger\u00e1n c\u00e9ntricas ciudades y peque\u00f1as poblaciones durante esta Semana Santa.<\/h2>\n<p>&nbsp;<\/p>\n<h2><\/h2>\n<h2>ESPECIAL CIUDADES- CABINAS WC<br \/>\n<em>100% AUT\u00d3NOMAS, SIN CONEXI\u00d3N<\/em><\/h2>\n<p><strong>Eficientes, higi\u00e9nicas y sostenibles<\/strong><\/p>\n<p>Descubre nuestra gama que redefine el dise\u00f1o y usabilidad de los ba\u00f1os p\u00fablicos port\u00e1tiles en las calles, parques y jardines, equipamientos deportivos, pol\u00edgonos y eventos p\u00fablicos.<\/p>\n<p>&nbsp;<\/p>\n<p class=\"ref\"><strong>CABINA PRIVILEGE AUT\u00d3NOMA<\/strong><\/p>\n<p>Nuestro incondicional sanitario aut\u00f3nomo con lavamanos, dispensador de jab\u00f3n, dispensador de toallas de mano y de papel. Incorpora espejo y luz autom\u00e1tica solar.<\/p>\n<p><a href=\"https:\/\/www.wcloc.com\/es\/p\/cabina-wc-portatil-privilege-autonoma\">VER FICHA<\/a><\/p>\n<p>&nbsp;<\/p>\n<h3>MADAME PEE<\/h3>\n<p>Nuestro sanitario dise\u00f1ado para la mujer, que triunfa en todas las ciudades.<br \/>\n<em><strong><a href=\"https:\/\/u9x2j5p7.rocketcdn.me\/wp-content\/uploads\/2019\/07\/ficha-urinario-madame-pee-wcloc.pdf\" target=\"_blank\" rel=\"noopener\">M\u00c1S INFORMACI\u00d3N<\/a><\/strong><\/em><\/p>\n<p>&nbsp;<\/p>\n<h3>CABINA WC SECO PARA<br \/>\nPERSONAS CON MOVILIDAD REDUCIDA (PMR)<\/h3>\n<p>Ergon\u00f3mico y espacioso, equipado con 2 barras de apoyo<br \/>\nAcceso para sillas de ruedas<br \/>\n<em><strong><a href=\"https:\/\/u9x2j5p7.rocketcdn.me\/wp-content\/uploads\/2019\/07\/Ficha-Sanitario_Seco_Compostaje_PMR.pdf\" target=\"_blank\" rel=\"noopener\">M\u00c1S INFORMACI\u00d3N<\/a><\/strong><\/em><\/p>\n<p>&nbsp;<\/p>\n<h3>CABINA WC SECO<\/h3>\n<p>Con un acabado en madera y con la posibilidad de dise\u00f1arla personalizada, pintada a rayas para las playas o con dise\u00f1os ecol\u00f3gicos para fomentar la protecci\u00f3n y cuidado del medioambiente.<br \/>\n<a href=\"https:\/\/www.wcloc.com\/es\/16291\" target=\"_blank\" rel=\"noopener\"><strong>Descubre toda nuestra gama de compostaje<\/strong><\/a><br \/>\n<em><strong><a href=\"https:\/\/u9x2j5p7.rocketcdn.me\/wp-content\/uploads\/2021\/08\/catalogo-wcloc-ciudades-2.pdf\" target=\"_blank\" rel=\"noopener\">VER FICHA<\/a><\/strong><\/em><\/p>\n<p>&nbsp;<\/p>\n<h3>NUEVO URINARIO MR PEE<\/h3>\n<p>Dise\u00f1o y funcionalidad incomparables!<br \/>\n<em><strong><a href=\"https:\/\/u9x2j5p7.rocketcdn.me\/wp-content\/uploads\/2021\/09\/ficha-urinario-mister-pee-wcloc.pdf\" target=\"_blank\" rel=\"noopener\">VER FICHA<\/a><\/strong><\/em><\/p>\n<p><em><strong><a href=\"https:\/\/u9x2j5p7.rocketcdn.me\/wp-content\/uploads\/2021\/07\/ficha-city-bus-wcloc.pdf\" target=\"_blank\" rel=\"noopener\">VER CAT\u00c1LOGO<\/a><\/strong><\/em><\/p>\n<p>&nbsp;<\/p>\n<p><img decoding=\"async\" width=\"2000\" height=\"900\" class=\"alignnone size-full wp-image-40234\" src=\"https:\/\/www.wcloc.com\/wp-content\/uploads\/2022\/04\/loc-calles-1.jpg\" alt=\"\" srcset=\"https:\/\/www.wcloc.com\/wp-content\/uploads\/2022\/04\/loc-calles-1.jpg 2000w, https:\/\/www.wcloc.com\/wp-content\/uploads\/2022\/04\/loc-calles-1-300x135.jpg 300w, https:\/\/www.wcloc.com\/wp-content\/uploads\/2022\/04\/loc-calles-1-768x346.jpg 768w, https:\/\/www.wcloc.com\/wp-content\/uploads\/2022\/04\/loc-calles-1-1024x461.jpg 1024w, https:\/\/www.wcloc.com\/wp-content\/uploads\/2022\/04\/loc-calles-1-1536x691.jpg 1536w\" sizes=\"(max-width: 2000px) 100vw, 2000px\" \/><\/p>\n<p><img decoding=\"async\" width=\"2048\" height=\"1536\" class=\"alignnone size-full wp-image-40209\" src=\"https:\/\/www.wcloc.com\/wp-content\/uploads\/2022\/04\/SEM-SANTA-VASCO-LOC.jpg\" alt=\"\" srcset=\"https:\/\/www.wcloc.com\/wp-content\/uploads\/2022\/04\/SEM-SANTA-VASCO-LOC.jpg 2048w, https:\/\/www.wcloc.com\/wp-content\/uploads\/2022\/04\/SEM-SANTA-VASCO-LOC-300x225.jpg 300w, https:\/\/www.wcloc.com\/wp-content\/uploads\/2022\/04\/SEM-SANTA-VASCO-LOC-768x576.jpg 768w, https:\/\/www.wcloc.com\/wp-content\/uploads\/2022\/04\/SEM-SANTA-VASCO-LOC-1024x768.jpg 1024w, https:\/\/www.wcloc.com\/wp-content\/uploads\/2022\/04\/SEM-SANTA-VASCO-LOC-1536x1152.jpg 1536w\" sizes=\"(max-width: 2048px) 100vw, 2048px\" \/><img decoding=\"async\" width=\"1387\" height=\"899\" class=\"alignnone size-full wp-image-40226\" src=\"https:\/\/www.wcloc.com\/wp-content\/uploads\/2022\/04\/WCLOC-EVENTOS-SEM.SANTA_.jpg\" alt=\"\" srcset=\"https:\/\/www.wcloc.com\/wp-content\/uploads\/2022\/04\/WCLOC-EVENTOS-SEM.SANTA_.jpg 1387w, https:\/\/www.wcloc.com\/wp-content\/uploads\/2022\/04\/WCLOC-EVENTOS-SEM.SANTA_-300x194.jpg 300w, https:\/\/www.wcloc.com\/wp-content\/uploads\/2022\/04\/WCLOC-EVENTOS-SEM.SANTA_-768x498.jpg 768w, https:\/\/www.wcloc.com\/wp-content\/uploads\/2022\/04\/WCLOC-EVENTOS-SEM.SANTA_-1024x664.jpg 1024w\" sizes=\"(max-width: 1387px) 100vw, 1387px\" \/><\/p>\n","protected":false},"excerpt":{"rendered":"Gracias a vuestra confianza, nuestras cabinas WC Loc hoy ya est\u00e1n presentes en las principales ciudades, desde las soleadas calles de M\u00e1laga hasta las concurridas calles de Bilbao. Cabinas de nueva generaci\u00f3n, eficientes y aut\u00f3nomas, para cubrir las diferentes actividades culturales, religiosas y populares que acoger\u00e1n c\u00e9ntricas ciudades y peque\u00f1as poblaciones durante esta Semana Santa. [&hellip;]","protected":false},"author":50,"featured_media":40226,"comment_status":"open","ping_status":"open","sticky":false,"template":"","format":"standard","meta":{"_acf_changed":false,"footnotes":""},"categories":[861],"tags":[],"class_list":["post-40208","post","type-post","status-publish","format-standard","has-post-thumbnail","hentry","category-espacios-publicos"],"acf":[],"yoast_head":"<!-- This site is optimized with the Yoast SEO plugin v27.5 - https:\/\/yoast.com\/product\/yoast-seo-wordpress\/ -->\n<title>WC Loc en todas las calles esta Semana Santa - WC Loc<\/title>\n<meta name=\"robots\" content=\"index, follow, max-snippet:-1, max-image-preview:large, max-video-preview:-1\" \/>\n<link rel=\"canonical\" href=\"https:\/\/www.wcloc.com\/es\/wc-loc-en-todas-las-calles-esta-semana-santa\" \/>\n<meta property=\"og:locale\" content=\"es_ES\" \/>\n<meta property=\"og:type\" content=\"article\" \/>\n<meta property=\"og:title\" content=\"WC Loc en todas las calles esta Semana Santa - WC Loc\" \/>\n<meta property=\"og:description\" content=\"Gracias a vuestra confianza, nuestras cabinas WC Loc hoy ya est\u00e1n presentes en las principales ciudades, desde las soleadas calles de M\u00e1laga hasta las concurridas calles de Bilbao. Cabinas de nueva generaci\u00f3n, eficientes y aut\u00f3nomas, para cubrir las diferentes actividades culturales, religiosas y populares que acoger\u00e1n c\u00e9ntricas ciudades y peque\u00f1as poblaciones durante esta Semana Santa. [&hellip;]\" \/>\n<meta property=\"og:url\" content=\"https:\/\/www.wcloc.com\/es\/wc-loc-en-todas-las-calles-esta-semana-santa\" \/>\n<meta property=\"og:site_name\" content=\"WC Loc\" \/>\n<meta property=\"article:published_time\" content=\"2022-04-16T13:55:47+00:00\" \/>\n<meta property=\"article:modified_time\" content=\"2025-02-07T16:31:44+00:00\" \/>\n<meta property=\"og:image\" content=\"https:\/\/www.wcloc.com\/wp-content\/uploads\/2022\/04\/WCLOC-EVENTOS-SEM.SANTA_.jpg\" \/>\n\t<meta property=\"og:image:width\" content=\"1387\" \/>\n\t<meta property=\"og:image:height\" content=\"899\" \/>\n\t<meta property=\"og:image:type\" content=\"image\/jpeg\" \/>\n<meta name=\"author\" content=\"Helene Lemeiter\" \/>\n<meta name=\"twitter:card\" content=\"summary_large_image\" \/>\n<meta name=\"twitter:label1\" content=\"Escrito por\" \/>\n\t<meta name=\"twitter:data1\" content=\"Helene Lemeiter\" \/>\n\t<meta name=\"twitter:label2\" content=\"Tiempo de lectura\" \/>\n\t<meta name=\"twitter:data2\" content=\"2 minutos\" \/>\n<script type=\"application\/ld+json\" class=\"yoast-schema-graph\">{\"@context\":\"https:\\\/\\\/schema.org\",\"@graph\":[{\"@type\":\"NewsArticle\",\"@id\":\"https:\\\/\\\/www.wcloc.com\\\/es\\\/wc-loc-en-todas-las-calles-esta-semana-santa#article\",\"isPartOf\":{\"@id\":\"https:\\\/\\\/www.wcloc.com\\\/es\\\/wc-loc-en-todas-las-calles-esta-semana-santa\"},\"author\":{\"name\":\"Helene Lemeiter\",\"@id\":\"https:\\\/\\\/www.wcloc.com\\\/es#\\\/schema\\\/person\\\/c1d3e5cca8943626b916c68e8645fb02\"},\"headline\":\"WC Loc en todas las calles esta Semana Santa\",\"datePublished\":\"2022-04-16T13:55:47+00:00\",\"dateModified\":\"2025-02-07T16:31:44+00:00\",\"mainEntityOfPage\":{\"@id\":\"https:\\\/\\\/www.wcloc.com\\\/es\\\/wc-loc-en-todas-las-calles-esta-semana-santa\"},\"wordCount\":261,\"commentCount\":0,\"publisher\":{\"@id\":\"https:\\\/\\\/www.wcloc.com\\\/es#organization\"},\"image\":{\"@id\":\"https:\\\/\\\/www.wcloc.com\\\/es\\\/wc-loc-en-todas-las-calles-esta-semana-santa#primaryimage\"},\"thumbnailUrl\":\"https:\\\/\\\/www.wcloc.com\\\/wp-content\\\/uploads\\\/2022\\\/04\\\/WCLOC-EVENTOS-SEM.SANTA_.jpg\",\"articleSection\":[\"Espacios p\u00fablicos\"],\"inLanguage\":\"es\",\"potentialAction\":[{\"@type\":\"CommentAction\",\"name\":\"Comment\",\"target\":[\"https:\\\/\\\/www.wcloc.com\\\/es\\\/wc-loc-en-todas-las-calles-esta-semana-santa#respond\"]}]},{\"@type\":\"WebPage\",\"@id\":\"https:\\\/\\\/www.wcloc.com\\\/es\\\/wc-loc-en-todas-las-calles-esta-semana-santa\",\"url\":\"https:\\\/\\\/www.wcloc.com\\\/es\\\/wc-loc-en-todas-las-calles-esta-semana-santa\",\"name\":\"WC Loc en todas las calles esta Semana Santa - WC Loc\",\"isPartOf\":{\"@id\":\"https:\\\/\\\/www.wcloc.com\\\/es#website\"},\"primaryImageOfPage\":{\"@id\":\"https:\\\/\\\/www.wcloc.com\\\/es\\\/wc-loc-en-todas-las-calles-esta-semana-santa#primaryimage\"},\"image\":{\"@id\":\"https:\\\/\\\/www.wcloc.com\\\/es\\\/wc-loc-en-todas-las-calles-esta-semana-santa#primaryimage\"},\"thumbnailUrl\":\"https:\\\/\\\/www.wcloc.com\\\/wp-content\\\/uploads\\\/2022\\\/04\\\/WCLOC-EVENTOS-SEM.SANTA_.jpg\",\"datePublished\":\"2022-04-16T13:55:47+00:00\",\"dateModified\":\"2025-02-07T16:31:44+00:00\",\"breadcrumb\":{\"@id\":\"https:\\\/\\\/www.wcloc.com\\\/es\\\/wc-loc-en-todas-las-calles-esta-semana-santa#breadcrumb\"},\"inLanguage\":\"es\",\"potentialAction\":[{\"@type\":\"ReadAction\",\"target\":[\"https:\\\/\\\/www.wcloc.com\\\/es\\\/wc-loc-en-todas-las-calles-esta-semana-santa\"]}]},{\"@type\":\"ImageObject\",\"inLanguage\":\"es\",\"@id\":\"https:\\\/\\\/www.wcloc.com\\\/es\\\/wc-loc-en-todas-las-calles-esta-semana-santa#primaryimage\",\"url\":\"https:\\\/\\\/www.wcloc.com\\\/wp-content\\\/uploads\\\/2022\\\/04\\\/WCLOC-EVENTOS-SEM.SANTA_.jpg\",\"contentUrl\":\"https:\\\/\\\/www.wcloc.com\\\/wp-content\\\/uploads\\\/2022\\\/04\\\/WCLOC-EVENTOS-SEM.SANTA_.jpg\",\"width\":1387,\"height\":899},{\"@type\":\"BreadcrumbList\",\"@id\":\"https:\\\/\\\/www.wcloc.com\\\/es\\\/wc-loc-en-todas-las-calles-esta-semana-santa#breadcrumb\",\"itemListElement\":[{\"@type\":\"ListItem\",\"position\":1,\"name\":\"Espacios p\u00fablicos\",\"item\":\"https:\\\/\\\/www.wcloc.com\\\/es\\\/category\\\/espacios-publicos\"},{\"@type\":\"ListItem\",\"position\":2,\"name\":\"WC Loc en todas las calles esta Semana Santa\"}]},{\"@type\":\"WebSite\",\"@id\":\"https:\\\/\\\/www.wcloc.com\\\/es#website\",\"url\":\"https:\\\/\\\/www.wcloc.com\\\/es\",\"name\":\"WC Loc\",\"description\":\"Un site utilisant Les sites de platform.enygea.fr\",\"publisher\":{\"@id\":\"https:\\\/\\\/www.wcloc.com\\\/es#organization\"},\"potentialAction\":[{\"@type\":\"SearchAction\",\"target\":{\"@type\":\"EntryPoint\",\"urlTemplate\":\"https:\\\/\\\/www.wcloc.com\\\/es?s={search_term_string}\"},\"query-input\":{\"@type\":\"PropertyValueSpecification\",\"valueRequired\":true,\"valueName\":\"search_term_string\"}}],\"inLanguage\":\"es\"},{\"@type\":\"Organization\",\"@id\":\"https:\\\/\\\/www.wcloc.com\\\/es#organization\",\"name\":\"WC Loc\",\"url\":\"https:\\\/\\\/www.wcloc.com\\\/es\",\"logo\":{\"@type\":\"ImageObject\",\"inLanguage\":\"es\",\"@id\":\"https:\\\/\\\/www.wcloc.com\\\/es#\\\/schema\\\/logo\\\/image\\\/\",\"url\":\"https:\\\/\\\/www.wcloc.com\\\/wp-content\\\/uploads\\\/2023\\\/04\\\/logo.png\",\"contentUrl\":\"https:\\\/\\\/www.wcloc.com\\\/wp-content\\\/uploads\\\/2023\\\/04\\\/logo.png\",\"width\":291,\"height\":71,\"caption\":\"WC Loc\"},\"image\":{\"@id\":\"https:\\\/\\\/www.wcloc.com\\\/es#\\\/schema\\\/logo\\\/image\\\/\"}},{\"@type\":\"Person\",\"@id\":\"https:\\\/\\\/www.wcloc.com\\\/es#\\\/schema\\\/person\\\/c1d3e5cca8943626b916c68e8645fb02\",\"name\":\"Helene Lemeiter\",\"image\":{\"@type\":\"ImageObject\",\"inLanguage\":\"es\",\"@id\":\"https:\\\/\\\/secure.gravatar.com\\\/avatar\\\/9e0c00ca7328b25818d669bbe51f22033f59854e00418a9667f68b01be4e309e?s=96&d=mm&r=g\",\"url\":\"https:\\\/\\\/secure.gravatar.com\\\/avatar\\\/9e0c00ca7328b25818d669bbe51f22033f59854e00418a9667f68b01be4e309e?s=96&d=mm&r=g\",\"contentUrl\":\"https:\\\/\\\/secure.gravatar.com\\\/avatar\\\/9e0c00ca7328b25818d669bbe51f22033f59854e00418a9667f68b01be4e309e?s=96&d=mm&r=g\",\"caption\":\"Helene Lemeiter\"}}]}<\/script>\n<!-- \/ Yoast SEO plugin. -->","yoast_head_json":{"title":"WC Loc en todas las calles esta Semana Santa - WC Loc","robots":{"index":"index","follow":"follow","max-snippet":"max-snippet:-1","max-image-preview":"max-image-preview:large","max-video-preview":"max-video-preview:-1"},"canonical":"https:\/\/www.wcloc.com\/es\/wc-loc-en-todas-las-calles-esta-semana-santa","og_locale":"es_ES","og_type":"article","og_title":"WC Loc en todas las calles esta Semana Santa - WC Loc","og_description":"Gracias a vuestra confianza, nuestras cabinas WC Loc hoy ya est\u00e1n presentes en las principales ciudades, desde las soleadas calles de M\u00e1laga hasta las concurridas calles de Bilbao. Cabinas de nueva generaci\u00f3n, eficientes y aut\u00f3nomas, para cubrir las diferentes actividades culturales, religiosas y populares que acoger\u00e1n c\u00e9ntricas ciudades y peque\u00f1as poblaciones durante esta Semana Santa. [&hellip;]","og_url":"https:\/\/www.wcloc.com\/es\/wc-loc-en-todas-las-calles-esta-semana-santa","og_site_name":"WC Loc","article_published_time":"2022-04-16T13:55:47+00:00","article_modified_time":"2025-02-07T16:31:44+00:00","og_image":[{"width":1387,"height":899,"url":"https:\/\/www.wcloc.com\/wp-content\/uploads\/2022\/04\/WCLOC-EVENTOS-SEM.SANTA_.jpg","type":"image\/jpeg"}],"author":"Helene Lemeiter","twitter_card":"summary_large_image","twitter_misc":{"Escrito por":"Helene Lemeiter","Tiempo de lectura":"2 minutos"},"schema":{"@context":"https:\/\/schema.org","@graph":[{"@type":"NewsArticle","@id":"https:\/\/www.wcloc.com\/es\/wc-loc-en-todas-las-calles-esta-semana-santa#article","isPartOf":{"@id":"https:\/\/www.wcloc.com\/es\/wc-loc-en-todas-las-calles-esta-semana-santa"},"author":{"name":"Helene Lemeiter","@id":"https:\/\/www.wcloc.com\/es#\/schema\/person\/c1d3e5cca8943626b916c68e8645fb02"},"headline":"WC Loc en todas las calles esta Semana Santa","datePublished":"2022-04-16T13:55:47+00:00","dateModified":"2025-02-07T16:31:44+00:00","mainEntityOfPage":{"@id":"https:\/\/www.wcloc.com\/es\/wc-loc-en-todas-las-calles-esta-semana-santa"},"wordCount":261,"commentCount":0,"publisher":{"@id":"https:\/\/www.wcloc.com\/es#organization"},"image":{"@id":"https:\/\/www.wcloc.com\/es\/wc-loc-en-todas-las-calles-esta-semana-santa#primaryimage"},"thumbnailUrl":"https:\/\/www.wcloc.com\/wp-content\/uploads\/2022\/04\/WCLOC-EVENTOS-SEM.SANTA_.jpg","articleSection":["Espacios p\u00fablicos"],"inLanguage":"es","potentialAction":[{"@type":"CommentAction","name":"Comment","target":["https:\/\/www.wcloc.com\/es\/wc-loc-en-todas-las-calles-esta-semana-santa#respond"]}]},{"@type":"WebPage","@id":"https:\/\/www.wcloc.com\/es\/wc-loc-en-todas-las-calles-esta-semana-santa","url":"https:\/\/www.wcloc.com\/es\/wc-loc-en-todas-las-calles-esta-semana-santa","name":"WC Loc en todas las calles esta Semana Santa - WC Loc","isPartOf":{"@id":"https:\/\/www.wcloc.com\/es#website"},"primaryImageOfPage":{"@id":"https:\/\/www.wcloc.com\/es\/wc-loc-en-todas-las-calles-esta-semana-santa#primaryimage"},"image":{"@id":"https:\/\/www.wcloc.com\/es\/wc-loc-en-todas-las-calles-esta-semana-santa#primaryimage"},"thumbnailUrl":"https:\/\/www.wcloc.com\/wp-content\/uploads\/2022\/04\/WCLOC-EVENTOS-SEM.SANTA_.jpg","datePublished":"2022-04-16T13:55:47+00:00","dateModified":"2025-02-07T16:31:44+00:00","breadcrumb":{"@id":"https:\/\/www.wcloc.com\/es\/wc-loc-en-todas-las-calles-esta-semana-santa#breadcrumb"},"inLanguage":"es","potentialAction":[{"@type":"ReadAction","target":["https:\/\/www.wcloc.com\/es\/wc-loc-en-todas-las-calles-esta-semana-santa"]}]},{"@type":"ImageObject","inLanguage":"es","@id":"https:\/\/www.wcloc.com\/es\/wc-loc-en-todas-las-calles-esta-semana-santa#primaryimage","url":"https:\/\/www.wcloc.com\/wp-content\/uploads\/2022\/04\/WCLOC-EVENTOS-SEM.SANTA_.jpg","contentUrl":"https:\/\/www.wcloc.com\/wp-content\/uploads\/2022\/04\/WCLOC-EVENTOS-SEM.SANTA_.jpg","width":1387,"height":899},{"@type":"BreadcrumbList","@id":"https:\/\/www.wcloc.com\/es\/wc-loc-en-todas-las-calles-esta-semana-santa#breadcrumb","itemListElement":[{"@type":"ListItem","position":1,"name":"Espacios p\u00fablicos","item":"https:\/\/www.wcloc.com\/es\/category\/espacios-publicos"},{"@type":"ListItem","position":2,"name":"WC Loc en todas las calles esta Semana Santa"}]},{"@type":"WebSite","@id":"https:\/\/www.wcloc.com\/es#website","url":"https:\/\/www.wcloc.com\/es","name":"WC Loc","description":"Un site utilisant Les sites de platform.enygea.fr","publisher":{"@id":"https:\/\/www.wcloc.com\/es#organization"},"potentialAction":[{"@type":"SearchAction","target":{"@type":"EntryPoint","urlTemplate":"https:\/\/www.wcloc.com\/es?s={search_term_string}"},"query-input":{"@type":"PropertyValueSpecification","valueRequired":true,"valueName":"search_term_string"}}],"inLanguage":"es"},{"@type":"Organization","@id":"https:\/\/www.wcloc.com\/es#organization","name":"WC Loc","url":"https:\/\/www.wcloc.com\/es","logo":{"@type":"ImageObject","inLanguage":"es","@id":"https:\/\/www.wcloc.com\/es#\/schema\/logo\/image\/","url":"https:\/\/www.wcloc.com\/wp-content\/uploads\/2023\/04\/logo.png","contentUrl":"https:\/\/www.wcloc.com\/wp-content\/uploads\/2023\/04\/logo.png","width":291,"height":71,"caption":"WC Loc"},"image":{"@id":"https:\/\/www.wcloc.com\/es#\/schema\/logo\/image\/"}},{"@type":"Person","@id":"https:\/\/www.wcloc.com\/es#\/schema\/person\/c1d3e5cca8943626b916c68e8645fb02","name":"Helene Lemeiter","image":{"@type":"ImageObject","inLanguage":"es","@id":"https:\/\/secure.gravatar.com\/avatar\/9e0c00ca7328b25818d669bbe51f22033f59854e00418a9667f68b01be4e309e?s=96&d=mm&r=g","url":"https:\/\/secure.gravatar.com\/avatar\/9e0c00ca7328b25818d669bbe51f22033f59854e00418a9667f68b01be4e309e?s=96&d=mm&r=g","contentUrl":"https:\/\/secure.gravatar.com\/avatar\/9e0c00ca7328b25818d669bbe51f22033f59854e00418a9667f68b01be4e309e?s=96&d=mm&r=g","caption":"Helene Lemeiter"}}]}},"_links":{"self":[{"href":"https:\/\/www.wcloc.com\/es\/wp-json\/wp\/v2\/posts\/40208","targetHints":{"allow":["GET"]}}],"collection":[{"href":"https:\/\/www.wcloc.com\/es\/wp-json\/wp\/v2\/posts"}],"about":[{"href":"https:\/\/www.wcloc.com\/es\/wp-json\/wp\/v2\/types\/post"}],"author":[{"embeddable":true,"href":"https:\/\/www.wcloc.com\/es\/wp-json\/wp\/v2\/users\/50"}],"replies":[{"embeddable":true,"href":"https:\/\/www.wcloc.com\/es\/wp-json\/wp\/v2\/comments?post=40208"}],"version-history":[{"count":3,"href":"https:\/\/www.wcloc.com\/es\/wp-json\/wp\/v2\/posts\/40208\/revisions"}],"predecessor-version":[{"id":40243,"href":"https:\/\/www.wcloc.com\/es\/wp-json\/wp\/v2\/posts\/40208\/revisions\/40243"}],"wp:featuredmedia":[{"embeddable":true,"href":"https:\/\/www.wcloc.com\/es\/wp-json\/wp\/v2\/media\/40226"}],"wp:attachment":[{"href":"https:\/\/www.wcloc.com\/es\/wp-json\/wp\/v2\/media?parent=40208"}],"wp:term":[{"taxonomy":"category","embeddable":true,"href":"https:\/\/www.wcloc.com\/es\/wp-json\/wp\/v2\/categories?post=40208"},{"taxonomy":"post_tag","embeddable":true,"href":"https:\/\/www.wcloc.com\/es\/wp-json\/wp\/v2\/tags?post=40208"}],"curies":[{"name":"wp","href":"https:\/\/api.w.org\/{rel}","templated":true}]}}