{"id":32702,"date":"2021-11-08T13:01:09","date_gmt":"2021-11-08T12:01:09","guid":{"rendered":"https:\/\/www.wcloc.com\/?p=32702"},"modified":"2025-02-07T17:34:12","modified_gmt":"2025-02-07T16:34:12","slug":"modulos-pop3-by-wcloc-el-protagonista-del-primavera-sound-de-benidorm","status":"publish","type":"post","link":"https:\/\/www.wcloc.com\/es\/modulos-pop3-by-wcloc-el-protagonista-del-primavera-sound-de-benidorm","title":{"rendered":"M\u00f3dulos POP3 by WC Loc, El protagonista del Primavera Sound de Benidorm"},"content":{"rendered":"<p><a href=\"https:\/\/www.wcloc.com\/es\">Wcloc<\/a> ha sido el responsable de la gesti\u00f3n de wc, lavamanos y equipos de higiene en el esperado Primavera Sound de Benidorm.<br \/>\nEl pasado fin de semana, se celebr\u00f3 el gran festival de m\u00fasica al aire libre, en una entorno inigualable.<\/p>\n<p><strong><a href=\"https:\/\/www.wcloc.com\/es\">Wcloc<\/a> sorprendi\u00f3 a tod@s con los nuevos wc de vac\u00edo <a href=\"https:\/\/www.wcloc.com\/es\/p\/modulo-portatil-vacio-pop-rack-3\">POP3<\/a>,<\/strong><br \/>\n<strong>Modernos, visuales, c\u00f3modos y sobre todo,<\/strong><br \/>\n<strong>limpios y sin olor,<\/strong><br \/>\nRigor en el mantenimiento y la \u00faltima generaci\u00f3n de wc,<br \/>\nes el sello de identidad de Wcloc.<\/p>\n<p>Adem\u00e1s, del <a href=\"https:\/\/www.wcloc.com\/es\/p\/modulo-portatil-vacio-pop-rack-3\">POP3<\/a> de Wcloc, tambi\u00e9n se instalaron <a href=\"https:\/\/www.wcloc.com\/es\/p\/cabina-wc-portatil-pmr-privilege-autonoma\">wc PMR<\/a>,<br \/>\nmodernos wc para personas con movilidad reducida,<br \/>\npr\u00e1cticos<a href=\"https:\/\/www.wcloc.com\/es\/p\/lavamanos-portatil-r12-conectable\"> lavamanos de 12 grifos<\/a>, dosificadores de gel hidroalcoh\u00f3lico<br \/>\nen una impecable instalaci\u00f3n.<\/p>\n<p><a href=\"https:\/\/u9x2j5p7.rocketcdn.me\/wp-content\/uploads\/2019\/07\/ficha-wc-rack-pop-wcloc.pdf\"><strong>VER FICHA POP3<\/strong><\/a><\/p>\n<p>&nbsp;<\/p>\n<p><img decoding=\"async\" class=\"alignnone wp-image-32703 size-full\" src=\"https:\/\/www.wcloc.com\/wp-content\/uploads\/2021\/11\/mail-pop3-festivales-02.jpg\" alt=\"POP3 Primavera Sound\" width=\"800\" height=\"300\" srcset=\"https:\/\/www.wcloc.com\/wp-content\/uploads\/2021\/11\/mail-pop3-festivales-02.jpg 800w, https:\/\/www.wcloc.com\/wp-content\/uploads\/2021\/11\/mail-pop3-festivales-02-300x113.jpg 300w, https:\/\/www.wcloc.com\/wp-content\/uploads\/2021\/11\/mail-pop3-festivales-02-768x288.jpg 768w\" sizes=\"(max-width: 800px) 100vw, 800px\" \/><\/p>\n<p>&nbsp;<\/p>\n<p>Wcloc consolida sus equipos wc de \u00faltima generaci\u00f3n en los festivales musicales m\u00e1s importantes del momento<br \/>\n<strong><a href=\"https:\/\/www.wegow.com\/es-es\/festivales\/brunch-on-the-beach-2021\" target=\"_blank\" rel=\"noopener\">Brunch-on the beach-Barcelona<\/a><\/strong><br \/>\n<strong>y en benidorm en el esperado Primavera Sound<\/strong><\/p>\n<p>&nbsp;<\/p>\n<p><img decoding=\"async\" class=\"alignnone wp-image-32734 size-full\" src=\"https:\/\/www.wcloc.com\/wp-content\/uploads\/2021\/11\/1636231826147.jpg\" alt=\"POP3 Primavera Sound\" width=\"1024\" height=\"768\" srcset=\"https:\/\/www.wcloc.com\/wp-content\/uploads\/2021\/11\/1636231826147.jpg 1024w, https:\/\/www.wcloc.com\/wp-content\/uploads\/2021\/11\/1636231826147-300x225.jpg 300w, https:\/\/www.wcloc.com\/wp-content\/uploads\/2021\/11\/1636231826147-768x576.jpg 768w\" sizes=\"(max-width: 1024px) 100vw, 1024px\" \/><\/p>\n","protected":false},"excerpt":{"rendered":"Wcloc ha sido el responsable de la gesti\u00f3n de wc, lavamanos y equipos de higiene en el esperado Primavera Sound de Benidorm. El pasado fin de semana, se celebr\u00f3 el gran festival de m\u00fasica al aire libre, en una entorno inigualable. Wcloc sorprendi\u00f3 a tod@s con los nuevos wc de vac\u00edo POP3, Modernos, visuales, c\u00f3modos [&hellip;]","protected":false},"author":50,"featured_media":32719,"comment_status":"open","ping_status":"open","sticky":false,"template":"","format":"standard","meta":{"_acf_changed":false,"footnotes":""},"categories":[490,485,882],"tags":[],"class_list":["post-32702","post","type-post","status-publish","format-standard","has-post-thumbnail","hentry","category-evento","category-festivales","category-productos-novedades"],"acf":[],"yoast_head":"<!-- This site is optimized with the Yoast SEO plugin v27.4 - https:\/\/yoast.com\/product\/yoast-seo-wordpress\/ -->\n<title>M\u00f3dulos POP3 by WC Loc, El protagonista del Primavera Sound de Benidorm - WC Loc<\/title>\n<meta name=\"description\" content=\"M\u00f3dulos POP3 by Wcloc, responsable de la gesti\u00f3n de wc, lavamanos y equipos de higiene en el esperado Primavera Sound de Benidorm.\" \/>\n<meta name=\"robots\" content=\"index, follow, max-snippet:-1, max-image-preview:large, max-video-preview:-1\" \/>\n<link rel=\"canonical\" href=\"https:\/\/www.wcloc.com\/es\/modulos-pop3-by-wcloc-el-protagonista-del-primavera-sound-de-benidorm\" \/>\n<meta property=\"og:locale\" content=\"es_ES\" \/>\n<meta property=\"og:type\" content=\"article\" \/>\n<meta property=\"og:title\" content=\"M\u00f3dulos POP3 by WC Loc, El protagonista del Primavera Sound de Benidorm - WC Loc\" \/>\n<meta property=\"og:description\" content=\"M\u00f3dulos POP3 by Wcloc, responsable de la gesti\u00f3n de wc, lavamanos y equipos de higiene en el esperado Primavera Sound de Benidorm.\" \/>\n<meta property=\"og:url\" content=\"https:\/\/www.wcloc.com\/es\/modulos-pop3-by-wcloc-el-protagonista-del-primavera-sound-de-benidorm\" \/>\n<meta property=\"og:site_name\" content=\"WC Loc\" \/>\n<meta property=\"article:published_time\" content=\"2021-11-08T12:01:09+00:00\" \/>\n<meta property=\"article:modified_time\" content=\"2025-02-07T16:34:12+00:00\" \/>\n<meta property=\"og:image\" content=\"https:\/\/www.wcloc.com\/wp-content\/uploads\/2021\/11\/1-2.jpg\" \/>\n\t<meta property=\"og:image:width\" content=\"1500\" \/>\n\t<meta property=\"og:image:height\" content=\"1500\" \/>\n\t<meta property=\"og:image:type\" content=\"image\/jpeg\" \/>\n<meta name=\"author\" content=\"Helene Lemeiter\" \/>\n<meta name=\"twitter:card\" content=\"summary_large_image\" \/>\n<meta name=\"twitter:label1\" content=\"Escrito por\" \/>\n\t<meta name=\"twitter:data1\" content=\"Helene Lemeiter\" \/>\n\t<meta name=\"twitter:label2\" content=\"Tiempo de lectura\" \/>\n\t<meta name=\"twitter:data2\" content=\"2 minutos\" \/>\n<script type=\"application\/ld+json\" class=\"yoast-schema-graph\">{\"@context\":\"https:\\\/\\\/schema.org\",\"@graph\":[{\"@type\":\"NewsArticle\",\"@id\":\"https:\\\/\\\/www.wcloc.com\\\/es\\\/modulos-pop3-by-wcloc-el-protagonista-del-primavera-sound-de-benidorm#article\",\"isPartOf\":{\"@id\":\"https:\\\/\\\/www.wcloc.com\\\/es\\\/modulos-pop3-by-wcloc-el-protagonista-del-primavera-sound-de-benidorm\"},\"author\":{\"name\":\"Helene Lemeiter\",\"@id\":\"https:\\\/\\\/www.wcloc.com\\\/es#\\\/schema\\\/person\\\/c1d3e5cca8943626b916c68e8645fb02\"},\"headline\":\"M\u00f3dulos POP3 by WC Loc, El protagonista del Primavera Sound de Benidorm\",\"datePublished\":\"2021-11-08T12:01:09+00:00\",\"dateModified\":\"2025-02-07T16:34:12+00:00\",\"mainEntityOfPage\":{\"@id\":\"https:\\\/\\\/www.wcloc.com\\\/es\\\/modulos-pop3-by-wcloc-el-protagonista-del-primavera-sound-de-benidorm\"},\"wordCount\":167,\"commentCount\":0,\"publisher\":{\"@id\":\"https:\\\/\\\/www.wcloc.com\\\/es#organization\"},\"image\":{\"@id\":\"https:\\\/\\\/www.wcloc.com\\\/es\\\/modulos-pop3-by-wcloc-el-protagonista-del-primavera-sound-de-benidorm#primaryimage\"},\"thumbnailUrl\":\"https:\\\/\\\/www.wcloc.com\\\/wp-content\\\/uploads\\\/2021\\\/11\\\/1-2.jpg\",\"articleSection\":[\"Evento\",\"Festivales\",\"Productos\\\/Novedades\"],\"inLanguage\":\"es\",\"potentialAction\":[{\"@type\":\"CommentAction\",\"name\":\"Comment\",\"target\":[\"https:\\\/\\\/www.wcloc.com\\\/es\\\/modulos-pop3-by-wcloc-el-protagonista-del-primavera-sound-de-benidorm#respond\"]}]},{\"@type\":\"WebPage\",\"@id\":\"https:\\\/\\\/www.wcloc.com\\\/es\\\/modulos-pop3-by-wcloc-el-protagonista-del-primavera-sound-de-benidorm\",\"url\":\"https:\\\/\\\/www.wcloc.com\\\/es\\\/modulos-pop3-by-wcloc-el-protagonista-del-primavera-sound-de-benidorm\",\"name\":\"M\u00f3dulos POP3 by WC Loc, El protagonista del Primavera Sound de Benidorm - WC Loc\",\"isPartOf\":{\"@id\":\"https:\\\/\\\/www.wcloc.com\\\/es#website\"},\"primaryImageOfPage\":{\"@id\":\"https:\\\/\\\/www.wcloc.com\\\/es\\\/modulos-pop3-by-wcloc-el-protagonista-del-primavera-sound-de-benidorm#primaryimage\"},\"image\":{\"@id\":\"https:\\\/\\\/www.wcloc.com\\\/es\\\/modulos-pop3-by-wcloc-el-protagonista-del-primavera-sound-de-benidorm#primaryimage\"},\"thumbnailUrl\":\"https:\\\/\\\/www.wcloc.com\\\/wp-content\\\/uploads\\\/2021\\\/11\\\/1-2.jpg\",\"datePublished\":\"2021-11-08T12:01:09+00:00\",\"dateModified\":\"2025-02-07T16:34:12+00:00\",\"description\":\"M\u00f3dulos POP3 by Wcloc, responsable de la gesti\u00f3n de wc, lavamanos y equipos de higiene en el esperado Primavera Sound de Benidorm.\",\"breadcrumb\":{\"@id\":\"https:\\\/\\\/www.wcloc.com\\\/es\\\/modulos-pop3-by-wcloc-el-protagonista-del-primavera-sound-de-benidorm#breadcrumb\"},\"inLanguage\":\"es\",\"potentialAction\":[{\"@type\":\"ReadAction\",\"target\":[\"https:\\\/\\\/www.wcloc.com\\\/es\\\/modulos-pop3-by-wcloc-el-protagonista-del-primavera-sound-de-benidorm\"]}]},{\"@type\":\"ImageObject\",\"inLanguage\":\"es\",\"@id\":\"https:\\\/\\\/www.wcloc.com\\\/es\\\/modulos-pop3-by-wcloc-el-protagonista-del-primavera-sound-de-benidorm#primaryimage\",\"url\":\"https:\\\/\\\/www.wcloc.com\\\/wp-content\\\/uploads\\\/2021\\\/11\\\/1-2.jpg\",\"contentUrl\":\"https:\\\/\\\/www.wcloc.com\\\/wp-content\\\/uploads\\\/2021\\\/11\\\/1-2.jpg\",\"width\":1500,\"height\":1500,\"caption\":\"POP3 Primavera Sound\"},{\"@type\":\"BreadcrumbList\",\"@id\":\"https:\\\/\\\/www.wcloc.com\\\/es\\\/modulos-pop3-by-wcloc-el-protagonista-del-primavera-sound-de-benidorm#breadcrumb\",\"itemListElement\":[{\"@type\":\"ListItem\",\"position\":1,\"name\":\"Evento\",\"item\":\"https:\\\/\\\/www.wcloc.com\\\/es\\\/category\\\/evento\"},{\"@type\":\"ListItem\",\"position\":2,\"name\":\"M\u00f3dulos POP3 by WC Loc, El protagonista del Primavera Sound de Benidorm\"}]},{\"@type\":\"WebSite\",\"@id\":\"https:\\\/\\\/www.wcloc.com\\\/es#website\",\"url\":\"https:\\\/\\\/www.wcloc.com\\\/es\",\"name\":\"WC Loc\",\"description\":\"Un site utilisant Les sites de platform.enygea.fr\",\"publisher\":{\"@id\":\"https:\\\/\\\/www.wcloc.com\\\/es#organization\"},\"potentialAction\":[{\"@type\":\"SearchAction\",\"target\":{\"@type\":\"EntryPoint\",\"urlTemplate\":\"https:\\\/\\\/www.wcloc.com\\\/es?s={search_term_string}\"},\"query-input\":{\"@type\":\"PropertyValueSpecification\",\"valueRequired\":true,\"valueName\":\"search_term_string\"}}],\"inLanguage\":\"es\"},{\"@type\":\"Organization\",\"@id\":\"https:\\\/\\\/www.wcloc.com\\\/es#organization\",\"name\":\"WC Loc\",\"url\":\"https:\\\/\\\/www.wcloc.com\\\/es\",\"logo\":{\"@type\":\"ImageObject\",\"inLanguage\":\"es\",\"@id\":\"https:\\\/\\\/www.wcloc.com\\\/es#\\\/schema\\\/logo\\\/image\\\/\",\"url\":\"https:\\\/\\\/www.wcloc.com\\\/wp-content\\\/uploads\\\/2023\\\/04\\\/logo.png\",\"contentUrl\":\"https:\\\/\\\/www.wcloc.com\\\/wp-content\\\/uploads\\\/2023\\\/04\\\/logo.png\",\"width\":291,\"height\":71,\"caption\":\"WC Loc\"},\"image\":{\"@id\":\"https:\\\/\\\/www.wcloc.com\\\/es#\\\/schema\\\/logo\\\/image\\\/\"}},{\"@type\":\"Person\",\"@id\":\"https:\\\/\\\/www.wcloc.com\\\/es#\\\/schema\\\/person\\\/c1d3e5cca8943626b916c68e8645fb02\",\"name\":\"Helene Lemeiter\",\"image\":{\"@type\":\"ImageObject\",\"inLanguage\":\"es\",\"@id\":\"https:\\\/\\\/secure.gravatar.com\\\/avatar\\\/9e0c00ca7328b25818d669bbe51f22033f59854e00418a9667f68b01be4e309e?s=96&d=mm&r=g\",\"url\":\"https:\\\/\\\/secure.gravatar.com\\\/avatar\\\/9e0c00ca7328b25818d669bbe51f22033f59854e00418a9667f68b01be4e309e?s=96&d=mm&r=g\",\"contentUrl\":\"https:\\\/\\\/secure.gravatar.com\\\/avatar\\\/9e0c00ca7328b25818d669bbe51f22033f59854e00418a9667f68b01be4e309e?s=96&d=mm&r=g\",\"caption\":\"Helene Lemeiter\"}}]}<\/script>\n<!-- \/ Yoast SEO plugin. -->","yoast_head_json":{"title":"M\u00f3dulos POP3 by WC Loc, El protagonista del Primavera Sound de Benidorm - WC Loc","description":"M\u00f3dulos POP3 by Wcloc, responsable de la gesti\u00f3n de wc, lavamanos y equipos de higiene en el esperado Primavera Sound de Benidorm.","robots":{"index":"index","follow":"follow","max-snippet":"max-snippet:-1","max-image-preview":"max-image-preview:large","max-video-preview":"max-video-preview:-1"},"canonical":"https:\/\/www.wcloc.com\/es\/modulos-pop3-by-wcloc-el-protagonista-del-primavera-sound-de-benidorm","og_locale":"es_ES","og_type":"article","og_title":"M\u00f3dulos POP3 by WC Loc, El protagonista del Primavera Sound de Benidorm - WC Loc","og_description":"M\u00f3dulos POP3 by Wcloc, responsable de la gesti\u00f3n de wc, lavamanos y equipos de higiene en el esperado Primavera Sound de Benidorm.","og_url":"https:\/\/www.wcloc.com\/es\/modulos-pop3-by-wcloc-el-protagonista-del-primavera-sound-de-benidorm","og_site_name":"WC Loc","article_published_time":"2021-11-08T12:01:09+00:00","article_modified_time":"2025-02-07T16:34:12+00:00","og_image":[{"width":1500,"height":1500,"url":"https:\/\/www.wcloc.com\/wp-content\/uploads\/2021\/11\/1-2.jpg","type":"image\/jpeg"}],"author":"Helene Lemeiter","twitter_card":"summary_large_image","twitter_misc":{"Escrito por":"Helene Lemeiter","Tiempo de lectura":"2 minutos"},"schema":{"@context":"https:\/\/schema.org","@graph":[{"@type":"NewsArticle","@id":"https:\/\/www.wcloc.com\/es\/modulos-pop3-by-wcloc-el-protagonista-del-primavera-sound-de-benidorm#article","isPartOf":{"@id":"https:\/\/www.wcloc.com\/es\/modulos-pop3-by-wcloc-el-protagonista-del-primavera-sound-de-benidorm"},"author":{"name":"Helene Lemeiter","@id":"https:\/\/www.wcloc.com\/es#\/schema\/person\/c1d3e5cca8943626b916c68e8645fb02"},"headline":"M\u00f3dulos POP3 by WC Loc, El protagonista del Primavera Sound de Benidorm","datePublished":"2021-11-08T12:01:09+00:00","dateModified":"2025-02-07T16:34:12+00:00","mainEntityOfPage":{"@id":"https:\/\/www.wcloc.com\/es\/modulos-pop3-by-wcloc-el-protagonista-del-primavera-sound-de-benidorm"},"wordCount":167,"commentCount":0,"publisher":{"@id":"https:\/\/www.wcloc.com\/es#organization"},"image":{"@id":"https:\/\/www.wcloc.com\/es\/modulos-pop3-by-wcloc-el-protagonista-del-primavera-sound-de-benidorm#primaryimage"},"thumbnailUrl":"https:\/\/www.wcloc.com\/wp-content\/uploads\/2021\/11\/1-2.jpg","articleSection":["Evento","Festivales","Productos\/Novedades"],"inLanguage":"es","potentialAction":[{"@type":"CommentAction","name":"Comment","target":["https:\/\/www.wcloc.com\/es\/modulos-pop3-by-wcloc-el-protagonista-del-primavera-sound-de-benidorm#respond"]}]},{"@type":"WebPage","@id":"https:\/\/www.wcloc.com\/es\/modulos-pop3-by-wcloc-el-protagonista-del-primavera-sound-de-benidorm","url":"https:\/\/www.wcloc.com\/es\/modulos-pop3-by-wcloc-el-protagonista-del-primavera-sound-de-benidorm","name":"M\u00f3dulos POP3 by WC Loc, El protagonista del Primavera Sound de Benidorm - WC Loc","isPartOf":{"@id":"https:\/\/www.wcloc.com\/es#website"},"primaryImageOfPage":{"@id":"https:\/\/www.wcloc.com\/es\/modulos-pop3-by-wcloc-el-protagonista-del-primavera-sound-de-benidorm#primaryimage"},"image":{"@id":"https:\/\/www.wcloc.com\/es\/modulos-pop3-by-wcloc-el-protagonista-del-primavera-sound-de-benidorm#primaryimage"},"thumbnailUrl":"https:\/\/www.wcloc.com\/wp-content\/uploads\/2021\/11\/1-2.jpg","datePublished":"2021-11-08T12:01:09+00:00","dateModified":"2025-02-07T16:34:12+00:00","description":"M\u00f3dulos POP3 by Wcloc, responsable de la gesti\u00f3n de wc, lavamanos y equipos de higiene en el esperado Primavera Sound de Benidorm.","breadcrumb":{"@id":"https:\/\/www.wcloc.com\/es\/modulos-pop3-by-wcloc-el-protagonista-del-primavera-sound-de-benidorm#breadcrumb"},"inLanguage":"es","potentialAction":[{"@type":"ReadAction","target":["https:\/\/www.wcloc.com\/es\/modulos-pop3-by-wcloc-el-protagonista-del-primavera-sound-de-benidorm"]}]},{"@type":"ImageObject","inLanguage":"es","@id":"https:\/\/www.wcloc.com\/es\/modulos-pop3-by-wcloc-el-protagonista-del-primavera-sound-de-benidorm#primaryimage","url":"https:\/\/www.wcloc.com\/wp-content\/uploads\/2021\/11\/1-2.jpg","contentUrl":"https:\/\/www.wcloc.com\/wp-content\/uploads\/2021\/11\/1-2.jpg","width":1500,"height":1500,"caption":"POP3 Primavera Sound"},{"@type":"BreadcrumbList","@id":"https:\/\/www.wcloc.com\/es\/modulos-pop3-by-wcloc-el-protagonista-del-primavera-sound-de-benidorm#breadcrumb","itemListElement":[{"@type":"ListItem","position":1,"name":"Evento","item":"https:\/\/www.wcloc.com\/es\/category\/evento"},{"@type":"ListItem","position":2,"name":"M\u00f3dulos POP3 by WC Loc, El protagonista del Primavera Sound de Benidorm"}]},{"@type":"WebSite","@id":"https:\/\/www.wcloc.com\/es#website","url":"https:\/\/www.wcloc.com\/es","name":"WC Loc","description":"Un site utilisant Les sites de platform.enygea.fr","publisher":{"@id":"https:\/\/www.wcloc.com\/es#organization"},"potentialAction":[{"@type":"SearchAction","target":{"@type":"EntryPoint","urlTemplate":"https:\/\/www.wcloc.com\/es?s={search_term_string}"},"query-input":{"@type":"PropertyValueSpecification","valueRequired":true,"valueName":"search_term_string"}}],"inLanguage":"es"},{"@type":"Organization","@id":"https:\/\/www.wcloc.com\/es#organization","name":"WC Loc","url":"https:\/\/www.wcloc.com\/es","logo":{"@type":"ImageObject","inLanguage":"es","@id":"https:\/\/www.wcloc.com\/es#\/schema\/logo\/image\/","url":"https:\/\/www.wcloc.com\/wp-content\/uploads\/2023\/04\/logo.png","contentUrl":"https:\/\/www.wcloc.com\/wp-content\/uploads\/2023\/04\/logo.png","width":291,"height":71,"caption":"WC Loc"},"image":{"@id":"https:\/\/www.wcloc.com\/es#\/schema\/logo\/image\/"}},{"@type":"Person","@id":"https:\/\/www.wcloc.com\/es#\/schema\/person\/c1d3e5cca8943626b916c68e8645fb02","name":"Helene Lemeiter","image":{"@type":"ImageObject","inLanguage":"es","@id":"https:\/\/secure.gravatar.com\/avatar\/9e0c00ca7328b25818d669bbe51f22033f59854e00418a9667f68b01be4e309e?s=96&d=mm&r=g","url":"https:\/\/secure.gravatar.com\/avatar\/9e0c00ca7328b25818d669bbe51f22033f59854e00418a9667f68b01be4e309e?s=96&d=mm&r=g","contentUrl":"https:\/\/secure.gravatar.com\/avatar\/9e0c00ca7328b25818d669bbe51f22033f59854e00418a9667f68b01be4e309e?s=96&d=mm&r=g","caption":"Helene Lemeiter"}}]}},"_links":{"self":[{"href":"https:\/\/www.wcloc.com\/es\/wp-json\/wp\/v2\/posts\/32702","targetHints":{"allow":["GET"]}}],"collection":[{"href":"https:\/\/www.wcloc.com\/es\/wp-json\/wp\/v2\/posts"}],"about":[{"href":"https:\/\/www.wcloc.com\/es\/wp-json\/wp\/v2\/types\/post"}],"author":[{"embeddable":true,"href":"https:\/\/www.wcloc.com\/es\/wp-json\/wp\/v2\/users\/50"}],"replies":[{"embeddable":true,"href":"https:\/\/www.wcloc.com\/es\/wp-json\/wp\/v2\/comments?post=32702"}],"version-history":[{"count":4,"href":"https:\/\/www.wcloc.com\/es\/wp-json\/wp\/v2\/posts\/32702\/revisions"}],"predecessor-version":[{"id":87889,"href":"https:\/\/www.wcloc.com\/es\/wp-json\/wp\/v2\/posts\/32702\/revisions\/87889"}],"wp:featuredmedia":[{"embeddable":true,"href":"https:\/\/www.wcloc.com\/es\/wp-json\/wp\/v2\/media\/32719"}],"wp:attachment":[{"href":"https:\/\/www.wcloc.com\/es\/wp-json\/wp\/v2\/media?parent=32702"}],"wp:term":[{"taxonomy":"category","embeddable":true,"href":"https:\/\/www.wcloc.com\/es\/wp-json\/wp\/v2\/categories?post=32702"},{"taxonomy":"post_tag","embeddable":true,"href":"https:\/\/www.wcloc.com\/es\/wp-json\/wp\/v2\/tags?post=32702"}],"curies":[{"name":"wp","href":"https:\/\/api.w.org\/{rel}","templated":true}]}}