{"id":144746,"date":"2026-03-13T11:10:22","date_gmt":"2026-03-13T10:10:22","guid":{"rendered":"https:\/\/www.wcloc.com\/?p=144746"},"modified":"2026-03-13T11:42:02","modified_gmt":"2026-03-13T10:42:02","slug":"preparados-para-la-fiesta-en-la-montana","status":"publish","type":"post","link":"https:\/\/www.wcloc.com\/es\/preparados-para-la-fiesta-en-la-montana","title":{"rendered":"Preparados para \u00abLA FIESTA EN LA MONTA\u00d1A\u00bb"},"content":{"rendered":"<p>Este fin de semana se celebran dos importantes eventos musicales, que reflejan nuestra alta capacidad en servicio, operativa y log\u00edstica, cubriendo con cabinas, urinarios y m\u00f3dulos estas dos citas del Pirineo catal\u00e1n.<\/p>\n<p><a href=\"http:\/\/www.polarsound.es\"><img decoding=\"async\" class=\"wp-image-144768 alignnone\" src=\"https:\/\/www.wcloc.com\/wp-content\/uploads\/2026\/03\/177ff826-8d70-11f0-b4b3-b26529526013-300x300.jpg\" alt=\"\" width=\"209\" height=\"209\" srcset=\"https:\/\/www.wcloc.com\/wp-content\/uploads\/2026\/03\/177ff826-8d70-11f0-b4b3-b26529526013-300x300.jpg 300w, https:\/\/www.wcloc.com\/wp-content\/uploads\/2026\/03\/177ff826-8d70-11f0-b4b3-b26529526013-150x150.jpg 150w, https:\/\/www.wcloc.com\/wp-content\/uploads\/2026\/03\/177ff826-8d70-11f0-b4b3-b26529526013-265x266.jpg 265w, https:\/\/www.wcloc.com\/wp-content\/uploads\/2026\/03\/177ff826-8d70-11f0-b4b3-b26529526013-252x252.jpg 252w, https:\/\/www.wcloc.com\/wp-content\/uploads\/2026\/03\/177ff826-8d70-11f0-b4b3-b26529526013-344x342.jpg 344w, https:\/\/www.wcloc.com\/wp-content\/uploads\/2026\/03\/177ff826-8d70-11f0-b4b3-b26529526013-571x573.jpg 571w, https:\/\/www.wcloc.com\/wp-content\/uploads\/2026\/03\/177ff826-8d70-11f0-b4b3-b26529526013.avif 720w\" sizes=\"(max-width: 209px) 100vw, 209px\" \/><\/a><\/p>\n<p>El <a href=\"https:\/\/polarsound.es\/\">Polar Sound 2026<\/a> en la cota 1.500 de la exclusiva estaci\u00f3n de esqu\u00ed de <a href=\"https:\/\/www.baqueira.es\/\">Baqueira Beret<\/a>, con una <strong>previsi\u00f3n de 18.000 asistentes, y todas las entradas vendidas.<\/strong><\/p>\n<p>Dos d\u00edas para vibrar con un reconocido cartel de Djs y m\u00fasica rock, bajo una impecable gesti\u00f3n de la organizaci\u00f3n con el foco a la sostenibilidad y al menor impacto en el medioambiente.<\/p>\n<p><a href=\"https:\/\/snowrowfestival.com\/es\"><img decoding=\"async\" width=\"300\" height=\"169\" class=\"size-medium wp-image-144758 alignnone\" src=\"https:\/\/www.wcloc.com\/wp-content\/uploads\/2026\/03\/elrow-2026-300x169.webp\" alt=\"\" srcset=\"https:\/\/www.wcloc.com\/wp-content\/uploads\/2026\/03\/elrow-2026-300x169.webp 300w, https:\/\/www.wcloc.com\/wp-content\/uploads\/2026\/03\/elrow-2026-1024x576.webp 1024w, https:\/\/www.wcloc.com\/wp-content\/uploads\/2026\/03\/elrow-2026-768x432.webp 768w, https:\/\/www.wcloc.com\/wp-content\/uploads\/2026\/03\/elrow-2026.webp 1080w\" sizes=\"(max-width: 300px) 100vw, 300px\" \/><\/a><\/p>\n<p>En paralelo, en el espectacular paraje de Grau Roig, del dominio de ski <a href=\"https:\/\/visitandorra.com\/es\/esqui\/estacion-de-esqui-de-grandvalira\/\">GranValira-Andorra<\/a>, 4 d\u00edas sin descanso, se celebra el <a href=\"https:\/\/snowrowfestival.com\/es\">Snowrow<\/a>, bajo las importantes firmas- <a href=\"https:\/\/elrow.com\/es\">ELROW<\/a> y <a href=\"https:\/\/brunchelectronikfestival.com\/\">Brunch Electronik<\/a>, que re\u00fanen al m\u00e1s completo reportorio de alta nivel en m\u00fascia Techno y el Tech-House, a lo largo de todo el d\u00eda,<strong> con una previsi\u00f3n de superar los 8.000 asistentes\/d\u00eda<\/strong>. Un evento que acoge a un 40% de asistentes internacionales, provenientes de m\u00e1s de 15 pa\u00edses.<\/p>\n<p>Sin duda un desaf\u00edo que el evento gestiona con un s\u00f3lido plan de sostenibilidad espec\u00edfico llamado \u00abCompromiso Verde\u00bb, dise\u00f1ado para proteger el entorno natural de alta monta\u00f1a de Grandvalira.<\/p>\n<p><a href=\"https:\/\/www.instagram.com\/happeeservices\/\"><img decoding=\"async\" class=\"alignnone wp-image-144778\" src=\"https:\/\/www.wcloc.com\/wp-content\/uploads\/2026\/03\/47f9f144-28df-4650-a81b-d72db3d0f261-300x169.jpg\" alt=\"\" width=\"327\" height=\"184\" srcset=\"https:\/\/www.wcloc.com\/wp-content\/uploads\/2026\/03\/47f9f144-28df-4650-a81b-d72db3d0f261-300x169.jpg 300w, https:\/\/www.wcloc.com\/wp-content\/uploads\/2026\/03\/47f9f144-28df-4650-a81b-d72db3d0f261-1024x576.jpg 1024w, https:\/\/www.wcloc.com\/wp-content\/uploads\/2026\/03\/47f9f144-28df-4650-a81b-d72db3d0f261-768x432.jpg 768w, https:\/\/www.wcloc.com\/wp-content\/uploads\/2026\/03\/47f9f144-28df-4650-a81b-d72db3d0f261-1536x864.jpg 1536w, https:\/\/www.wcloc.com\/wp-content\/uploads\/2026\/03\/47f9f144-28df-4650-a81b-d72db3d0f261.jpg 2048w\" sizes=\"(max-width: 327px) 100vw, 327px\" \/><\/a><\/p>\n<p><b><a style=\"padding: 10px 20px 10px 20px;background-color: #008b92;color: white;text-decoration: none;font-weight: bold;border-radius: 30px;text-align: center\" href=\"https:\/\/www.wcloc.com\/wp-content\/uploads\/2025\/08\/CAB-EXCL-WC-CABINA-WC-AUTONOMA-EXCLUSIVE.pdf\" target=\"_blank\" rel=\"noopener\"><span dir=\"auto\" style=\"vertical-align: inherit\">CABINA WC AUT\u00d3NOMA EXCLUSIVE<\/span><\/a><\/b><\/p>\n<p><a href=\"https:\/\/www.instagram.com\/wcloc_es\/\"><img decoding=\"async\" class=\"alignnone wp-image-144788 size-medium\" src=\"https:\/\/www.wcloc.com\/wp-content\/uploads\/2026\/03\/64eba191-f9cb-4dc3-9578-d430e31c9516-e1773390988714-300x185.jpg\" alt=\"\" width=\"300\" height=\"185\" srcset=\"https:\/\/www.wcloc.com\/wp-content\/uploads\/2026\/03\/64eba191-f9cb-4dc3-9578-d430e31c9516-e1773390988714-300x185.jpg 300w, https:\/\/www.wcloc.com\/wp-content\/uploads\/2026\/03\/64eba191-f9cb-4dc3-9578-d430e31c9516-e1773390988714-1024x630.jpg 1024w, https:\/\/www.wcloc.com\/wp-content\/uploads\/2026\/03\/64eba191-f9cb-4dc3-9578-d430e31c9516-e1773390988714-768x472.jpg 768w, https:\/\/www.wcloc.com\/wp-content\/uploads\/2026\/03\/64eba191-f9cb-4dc3-9578-d430e31c9516-e1773390988714-1536x945.jpg 1536w, https:\/\/www.wcloc.com\/wp-content\/uploads\/2026\/03\/64eba191-f9cb-4dc3-9578-d430e31c9516-e1773390988714.jpg 1600w\" sizes=\"(max-width: 300px) 100vw, 300px\" \/><\/a><\/p>\n<p><b><a style=\"padding: 10px 20px 10px 20px;background-color: #008b92;color: white;text-decoration: none;font-weight: bold;border-radius: 30px;text-align: center\" href=\"https:\/\/www.wcloc.com\/wp-content\/uploads\/2025\/10\/CAB-PRI-cabina-privilege.pdf\" target=\"_blank\" rel=\"noopener\"><span dir=\"auto\" style=\"vertical-align: inherit\">CABINA WC AUT\u00d3NOMA PRIVILEGE<\/span><\/a><\/b><\/p>\n<p>Estamos muy orgullosos de cubrir estas dos citas en estos dos parajes \u00fanicos naturales, con nuestra gama de cabinas y urinarios que responden a las altas exigencias en sostenibilidad y compromiso con el medioambiente.<\/p>\n<p>&nbsp;<\/p>\n","protected":false},"excerpt":{"rendered":"Este fin de semana se celebran dos importantes eventos musicales, que reflejan nuestra alta capacidad en servicio, operativa y log\u00edstica, cubriendo con cabinas, urinarios y m\u00f3dulos estas dos citas del Pirineo catal\u00e1n. El Polar Sound 2026 en la cota 1.500 de la exclusiva estaci\u00f3n de esqu\u00ed de Baqueira Beret, con una previsi\u00f3n de 18.000 asistentes, [&hellip;]","protected":false},"author":62,"featured_media":144778,"comment_status":"open","ping_status":"open","sticky":false,"template":"","format":"standard","meta":{"_acf_changed":false,"footnotes":""},"categories":[330],"tags":[],"class_list":["post-144746","post","type-post","status-publish","format-standard","has-post-thumbnail","hentry","category-sin-categorizar"],"acf":[],"yoast_head":"<!-- This site is optimized with the Yoast SEO plugin v27.5 - https:\/\/yoast.com\/product\/yoast-seo-wordpress\/ -->\n<title>Preparados para &quot;LA FIESTA EN LA MONTA\u00d1A&quot; - WC Loc<\/title>\n<meta name=\"description\" content=\"Dos importantes eventos musicales, que reflejan nuestra alta capacidad en servicio, operativa y log\u00edstica con cabinas y urinarios.\" \/>\n<meta name=\"robots\" content=\"index, follow, max-snippet:-1, max-image-preview:large, max-video-preview:-1\" \/>\n<link rel=\"canonical\" href=\"https:\/\/www.wcloc.com\/es\/preparados-para-la-fiesta-en-la-montana\" \/>\n<meta property=\"og:locale\" content=\"es_ES\" \/>\n<meta property=\"og:type\" content=\"article\" \/>\n<meta property=\"og:title\" content=\"Preparados para &quot;LA FIESTA EN LA MONTA\u00d1A&quot; - WC Loc\" \/>\n<meta property=\"og:description\" content=\"Dos importantes eventos musicales, que reflejan nuestra alta capacidad en servicio, operativa y log\u00edstica con cabinas y urinarios.\" \/>\n<meta property=\"og:url\" content=\"https:\/\/www.wcloc.com\/es\/preparados-para-la-fiesta-en-la-montana\" \/>\n<meta property=\"og:site_name\" content=\"WC Loc\" \/>\n<meta property=\"article:published_time\" content=\"2026-03-13T10:10:22+00:00\" \/>\n<meta property=\"article:modified_time\" content=\"2026-03-13T10:42:02+00:00\" \/>\n<meta property=\"og:image\" content=\"https:\/\/www.wcloc.com\/wp-content\/uploads\/2026\/03\/47f9f144-28df-4650-a81b-d72db3d0f261.jpg\" \/>\n\t<meta property=\"og:image:width\" content=\"2048\" \/>\n\t<meta property=\"og:image:height\" content=\"1152\" \/>\n\t<meta property=\"og:image:type\" content=\"image\/jpeg\" \/>\n<meta name=\"author\" content=\"Alba Lara\" \/>\n<meta name=\"twitter:card\" content=\"summary_large_image\" \/>\n<meta name=\"twitter:label1\" content=\"Escrito por\" \/>\n\t<meta name=\"twitter:data1\" content=\"Alba Lara\" \/>\n\t<meta name=\"twitter:label2\" content=\"Tiempo de lectura\" \/>\n\t<meta name=\"twitter:data2\" content=\"1 minuto\" \/>\n<script type=\"application\/ld+json\" class=\"yoast-schema-graph\">{\"@context\":\"https:\\\/\\\/schema.org\",\"@graph\":[{\"@type\":\"NewsArticle\",\"@id\":\"https:\\\/\\\/www.wcloc.com\\\/es\\\/preparados-para-la-fiesta-en-la-montana#article\",\"isPartOf\":{\"@id\":\"https:\\\/\\\/www.wcloc.com\\\/es\\\/preparados-para-la-fiesta-en-la-montana\"},\"author\":{\"name\":\"Alba Lara\",\"@id\":\"https:\\\/\\\/www.wcloc.com\\\/es#\\\/schema\\\/person\\\/48e865c52aeea8fa74328f525545292a\"},\"headline\":\"Preparados para \u00abLA FIESTA EN LA MONTA\u00d1A\u00bb\",\"datePublished\":\"2026-03-13T10:10:22+00:00\",\"dateModified\":\"2026-03-13T10:42:02+00:00\",\"mainEntityOfPage\":{\"@id\":\"https:\\\/\\\/www.wcloc.com\\\/es\\\/preparados-para-la-fiesta-en-la-montana\"},\"wordCount\":268,\"commentCount\":0,\"publisher\":{\"@id\":\"https:\\\/\\\/www.wcloc.com\\\/es#organization\"},\"image\":{\"@id\":\"https:\\\/\\\/www.wcloc.com\\\/es\\\/preparados-para-la-fiesta-en-la-montana#primaryimage\"},\"thumbnailUrl\":\"https:\\\/\\\/www.wcloc.com\\\/wp-content\\\/uploads\\\/2026\\\/03\\\/47f9f144-28df-4650-a81b-d72db3d0f261.jpg\",\"articleSection\":[\"Sin categorizar\"],\"inLanguage\":\"es\",\"potentialAction\":[{\"@type\":\"CommentAction\",\"name\":\"Comment\",\"target\":[\"https:\\\/\\\/www.wcloc.com\\\/es\\\/preparados-para-la-fiesta-en-la-montana#respond\"]}]},{\"@type\":\"WebPage\",\"@id\":\"https:\\\/\\\/www.wcloc.com\\\/es\\\/preparados-para-la-fiesta-en-la-montana\",\"url\":\"https:\\\/\\\/www.wcloc.com\\\/es\\\/preparados-para-la-fiesta-en-la-montana\",\"name\":\"Preparados para \\\"LA FIESTA EN LA MONTA\u00d1A\\\" - WC Loc\",\"isPartOf\":{\"@id\":\"https:\\\/\\\/www.wcloc.com\\\/es#website\"},\"primaryImageOfPage\":{\"@id\":\"https:\\\/\\\/www.wcloc.com\\\/es\\\/preparados-para-la-fiesta-en-la-montana#primaryimage\"},\"image\":{\"@id\":\"https:\\\/\\\/www.wcloc.com\\\/es\\\/preparados-para-la-fiesta-en-la-montana#primaryimage\"},\"thumbnailUrl\":\"https:\\\/\\\/www.wcloc.com\\\/wp-content\\\/uploads\\\/2026\\\/03\\\/47f9f144-28df-4650-a81b-d72db3d0f261.jpg\",\"datePublished\":\"2026-03-13T10:10:22+00:00\",\"dateModified\":\"2026-03-13T10:42:02+00:00\",\"description\":\"Dos importantes eventos musicales, que reflejan nuestra alta capacidad en servicio, operativa y log\u00edstica con cabinas y urinarios.\",\"breadcrumb\":{\"@id\":\"https:\\\/\\\/www.wcloc.com\\\/es\\\/preparados-para-la-fiesta-en-la-montana#breadcrumb\"},\"inLanguage\":\"es\",\"potentialAction\":[{\"@type\":\"ReadAction\",\"target\":[\"https:\\\/\\\/www.wcloc.com\\\/es\\\/preparados-para-la-fiesta-en-la-montana\"]}]},{\"@type\":\"ImageObject\",\"inLanguage\":\"es\",\"@id\":\"https:\\\/\\\/www.wcloc.com\\\/es\\\/preparados-para-la-fiesta-en-la-montana#primaryimage\",\"url\":\"https:\\\/\\\/www.wcloc.com\\\/wp-content\\\/uploads\\\/2026\\\/03\\\/47f9f144-28df-4650-a81b-d72db3d0f261.jpg\",\"contentUrl\":\"https:\\\/\\\/www.wcloc.com\\\/wp-content\\\/uploads\\\/2026\\\/03\\\/47f9f144-28df-4650-a81b-d72db3d0f261.jpg\",\"width\":2048,\"height\":1152},{\"@type\":\"BreadcrumbList\",\"@id\":\"https:\\\/\\\/www.wcloc.com\\\/es\\\/preparados-para-la-fiesta-en-la-montana#breadcrumb\",\"itemListElement\":[{\"@type\":\"ListItem\",\"position\":1,\"name\":\"Sin categorizar\",\"item\":\"https:\\\/\\\/www.wcloc.com\\\/es\\\/category\\\/sin-categorizar\"},{\"@type\":\"ListItem\",\"position\":2,\"name\":\"Preparados para \u00abLA FIESTA EN LA MONTA\u00d1A\u00bb\"}]},{\"@type\":\"WebSite\",\"@id\":\"https:\\\/\\\/www.wcloc.com\\\/es#website\",\"url\":\"https:\\\/\\\/www.wcloc.com\\\/es\",\"name\":\"WC Loc\",\"description\":\"Un site utilisant Les sites de platform.enygea.fr\",\"publisher\":{\"@id\":\"https:\\\/\\\/www.wcloc.com\\\/es#organization\"},\"potentialAction\":[{\"@type\":\"SearchAction\",\"target\":{\"@type\":\"EntryPoint\",\"urlTemplate\":\"https:\\\/\\\/www.wcloc.com\\\/es?s={search_term_string}\"},\"query-input\":{\"@type\":\"PropertyValueSpecification\",\"valueRequired\":true,\"valueName\":\"search_term_string\"}}],\"inLanguage\":\"es\"},{\"@type\":\"Organization\",\"@id\":\"https:\\\/\\\/www.wcloc.com\\\/es#organization\",\"name\":\"WC Loc\",\"url\":\"https:\\\/\\\/www.wcloc.com\\\/es\",\"logo\":{\"@type\":\"ImageObject\",\"inLanguage\":\"es\",\"@id\":\"https:\\\/\\\/www.wcloc.com\\\/es#\\\/schema\\\/logo\\\/image\\\/\",\"url\":\"https:\\\/\\\/www.wcloc.com\\\/wp-content\\\/uploads\\\/2023\\\/04\\\/logo.png\",\"contentUrl\":\"https:\\\/\\\/www.wcloc.com\\\/wp-content\\\/uploads\\\/2023\\\/04\\\/logo.png\",\"width\":291,\"height\":71,\"caption\":\"WC Loc\"},\"image\":{\"@id\":\"https:\\\/\\\/www.wcloc.com\\\/es#\\\/schema\\\/logo\\\/image\\\/\"}},{\"@type\":\"Person\",\"@id\":\"https:\\\/\\\/www.wcloc.com\\\/es#\\\/schema\\\/person\\\/48e865c52aeea8fa74328f525545292a\",\"name\":\"Alba Lara\",\"image\":{\"@type\":\"ImageObject\",\"inLanguage\":\"es\",\"@id\":\"https:\\\/\\\/secure.gravatar.com\\\/avatar\\\/1fa63d6e2ac7ee4726d560c10bd6aaa3a56b19960107df8373ef257bfe5791db?s=96&d=mm&r=g\",\"url\":\"https:\\\/\\\/secure.gravatar.com\\\/avatar\\\/1fa63d6e2ac7ee4726d560c10bd6aaa3a56b19960107df8373ef257bfe5791db?s=96&d=mm&r=g\",\"contentUrl\":\"https:\\\/\\\/secure.gravatar.com\\\/avatar\\\/1fa63d6e2ac7ee4726d560c10bd6aaa3a56b19960107df8373ef257bfe5791db?s=96&d=mm&r=g\",\"caption\":\"Alba Lara\"}}]}<\/script>\n<!-- \/ Yoast SEO plugin. -->","yoast_head_json":{"title":"Preparados para \"LA FIESTA EN LA MONTA\u00d1A\" - WC Loc","description":"Dos importantes eventos musicales, que reflejan nuestra alta capacidad en servicio, operativa y log\u00edstica con cabinas y urinarios.","robots":{"index":"index","follow":"follow","max-snippet":"max-snippet:-1","max-image-preview":"max-image-preview:large","max-video-preview":"max-video-preview:-1"},"canonical":"https:\/\/www.wcloc.com\/es\/preparados-para-la-fiesta-en-la-montana","og_locale":"es_ES","og_type":"article","og_title":"Preparados para \"LA FIESTA EN LA MONTA\u00d1A\" - WC Loc","og_description":"Dos importantes eventos musicales, que reflejan nuestra alta capacidad en servicio, operativa y log\u00edstica con cabinas y urinarios.","og_url":"https:\/\/www.wcloc.com\/es\/preparados-para-la-fiesta-en-la-montana","og_site_name":"WC Loc","article_published_time":"2026-03-13T10:10:22+00:00","article_modified_time":"2026-03-13T10:42:02+00:00","og_image":[{"width":2048,"height":1152,"url":"https:\/\/www.wcloc.com\/wp-content\/uploads\/2026\/03\/47f9f144-28df-4650-a81b-d72db3d0f261.jpg","type":"image\/jpeg"}],"author":"Alba Lara","twitter_card":"summary_large_image","twitter_misc":{"Escrito por":"Alba Lara","Tiempo de lectura":"1 minuto"},"schema":{"@context":"https:\/\/schema.org","@graph":[{"@type":"NewsArticle","@id":"https:\/\/www.wcloc.com\/es\/preparados-para-la-fiesta-en-la-montana#article","isPartOf":{"@id":"https:\/\/www.wcloc.com\/es\/preparados-para-la-fiesta-en-la-montana"},"author":{"name":"Alba Lara","@id":"https:\/\/www.wcloc.com\/es#\/schema\/person\/48e865c52aeea8fa74328f525545292a"},"headline":"Preparados para \u00abLA FIESTA EN LA MONTA\u00d1A\u00bb","datePublished":"2026-03-13T10:10:22+00:00","dateModified":"2026-03-13T10:42:02+00:00","mainEntityOfPage":{"@id":"https:\/\/www.wcloc.com\/es\/preparados-para-la-fiesta-en-la-montana"},"wordCount":268,"commentCount":0,"publisher":{"@id":"https:\/\/www.wcloc.com\/es#organization"},"image":{"@id":"https:\/\/www.wcloc.com\/es\/preparados-para-la-fiesta-en-la-montana#primaryimage"},"thumbnailUrl":"https:\/\/www.wcloc.com\/wp-content\/uploads\/2026\/03\/47f9f144-28df-4650-a81b-d72db3d0f261.jpg","articleSection":["Sin categorizar"],"inLanguage":"es","potentialAction":[{"@type":"CommentAction","name":"Comment","target":["https:\/\/www.wcloc.com\/es\/preparados-para-la-fiesta-en-la-montana#respond"]}]},{"@type":"WebPage","@id":"https:\/\/www.wcloc.com\/es\/preparados-para-la-fiesta-en-la-montana","url":"https:\/\/www.wcloc.com\/es\/preparados-para-la-fiesta-en-la-montana","name":"Preparados para \"LA FIESTA EN LA MONTA\u00d1A\" - WC Loc","isPartOf":{"@id":"https:\/\/www.wcloc.com\/es#website"},"primaryImageOfPage":{"@id":"https:\/\/www.wcloc.com\/es\/preparados-para-la-fiesta-en-la-montana#primaryimage"},"image":{"@id":"https:\/\/www.wcloc.com\/es\/preparados-para-la-fiesta-en-la-montana#primaryimage"},"thumbnailUrl":"https:\/\/www.wcloc.com\/wp-content\/uploads\/2026\/03\/47f9f144-28df-4650-a81b-d72db3d0f261.jpg","datePublished":"2026-03-13T10:10:22+00:00","dateModified":"2026-03-13T10:42:02+00:00","description":"Dos importantes eventos musicales, que reflejan nuestra alta capacidad en servicio, operativa y log\u00edstica con cabinas y urinarios.","breadcrumb":{"@id":"https:\/\/www.wcloc.com\/es\/preparados-para-la-fiesta-en-la-montana#breadcrumb"},"inLanguage":"es","potentialAction":[{"@type":"ReadAction","target":["https:\/\/www.wcloc.com\/es\/preparados-para-la-fiesta-en-la-montana"]}]},{"@type":"ImageObject","inLanguage":"es","@id":"https:\/\/www.wcloc.com\/es\/preparados-para-la-fiesta-en-la-montana#primaryimage","url":"https:\/\/www.wcloc.com\/wp-content\/uploads\/2026\/03\/47f9f144-28df-4650-a81b-d72db3d0f261.jpg","contentUrl":"https:\/\/www.wcloc.com\/wp-content\/uploads\/2026\/03\/47f9f144-28df-4650-a81b-d72db3d0f261.jpg","width":2048,"height":1152},{"@type":"BreadcrumbList","@id":"https:\/\/www.wcloc.com\/es\/preparados-para-la-fiesta-en-la-montana#breadcrumb","itemListElement":[{"@type":"ListItem","position":1,"name":"Sin categorizar","item":"https:\/\/www.wcloc.com\/es\/category\/sin-categorizar"},{"@type":"ListItem","position":2,"name":"Preparados para \u00abLA FIESTA EN LA MONTA\u00d1A\u00bb"}]},{"@type":"WebSite","@id":"https:\/\/www.wcloc.com\/es#website","url":"https:\/\/www.wcloc.com\/es","name":"WC Loc","description":"Un site utilisant Les sites de platform.enygea.fr","publisher":{"@id":"https:\/\/www.wcloc.com\/es#organization"},"potentialAction":[{"@type":"SearchAction","target":{"@type":"EntryPoint","urlTemplate":"https:\/\/www.wcloc.com\/es?s={search_term_string}"},"query-input":{"@type":"PropertyValueSpecification","valueRequired":true,"valueName":"search_term_string"}}],"inLanguage":"es"},{"@type":"Organization","@id":"https:\/\/www.wcloc.com\/es#organization","name":"WC Loc","url":"https:\/\/www.wcloc.com\/es","logo":{"@type":"ImageObject","inLanguage":"es","@id":"https:\/\/www.wcloc.com\/es#\/schema\/logo\/image\/","url":"https:\/\/www.wcloc.com\/wp-content\/uploads\/2023\/04\/logo.png","contentUrl":"https:\/\/www.wcloc.com\/wp-content\/uploads\/2023\/04\/logo.png","width":291,"height":71,"caption":"WC Loc"},"image":{"@id":"https:\/\/www.wcloc.com\/es#\/schema\/logo\/image\/"}},{"@type":"Person","@id":"https:\/\/www.wcloc.com\/es#\/schema\/person\/48e865c52aeea8fa74328f525545292a","name":"Alba Lara","image":{"@type":"ImageObject","inLanguage":"es","@id":"https:\/\/secure.gravatar.com\/avatar\/1fa63d6e2ac7ee4726d560c10bd6aaa3a56b19960107df8373ef257bfe5791db?s=96&d=mm&r=g","url":"https:\/\/secure.gravatar.com\/avatar\/1fa63d6e2ac7ee4726d560c10bd6aaa3a56b19960107df8373ef257bfe5791db?s=96&d=mm&r=g","contentUrl":"https:\/\/secure.gravatar.com\/avatar\/1fa63d6e2ac7ee4726d560c10bd6aaa3a56b19960107df8373ef257bfe5791db?s=96&d=mm&r=g","caption":"Alba Lara"}}]}},"_links":{"self":[{"href":"https:\/\/www.wcloc.com\/es\/wp-json\/wp\/v2\/posts\/144746","targetHints":{"allow":["GET"]}}],"collection":[{"href":"https:\/\/www.wcloc.com\/es\/wp-json\/wp\/v2\/posts"}],"about":[{"href":"https:\/\/www.wcloc.com\/es\/wp-json\/wp\/v2\/types\/post"}],"author":[{"embeddable":true,"href":"https:\/\/www.wcloc.com\/es\/wp-json\/wp\/v2\/users\/62"}],"replies":[{"embeddable":true,"href":"https:\/\/www.wcloc.com\/es\/wp-json\/wp\/v2\/comments?post=144746"}],"version-history":[{"count":4,"href":"https:\/\/www.wcloc.com\/es\/wp-json\/wp\/v2\/posts\/144746\/revisions"}],"predecessor-version":[{"id":144853,"href":"https:\/\/www.wcloc.com\/es\/wp-json\/wp\/v2\/posts\/144746\/revisions\/144853"}],"wp:featuredmedia":[{"embeddable":true,"href":"https:\/\/www.wcloc.com\/es\/wp-json\/wp\/v2\/media\/144778"}],"wp:attachment":[{"href":"https:\/\/www.wcloc.com\/es\/wp-json\/wp\/v2\/media?parent=144746"}],"wp:term":[{"taxonomy":"category","embeddable":true,"href":"https:\/\/www.wcloc.com\/es\/wp-json\/wp\/v2\/categories?post=144746"},{"taxonomy":"post_tag","embeddable":true,"href":"https:\/\/www.wcloc.com\/es\/wp-json\/wp\/v2\/tags?post=144746"}],"curies":[{"name":"wp","href":"https:\/\/api.w.org\/{rel}","templated":true}]}}