{"id":142585,"date":"2026-01-29T10:55:10","date_gmt":"2026-01-29T09:55:10","guid":{"rendered":"https:\/\/www.wcloc.com\/?p=142585"},"modified":"2026-01-29T15:43:44","modified_gmt":"2026-01-29T14:43:44","slug":"largometraje-berrido-de-los-silencios","status":"publish","type":"post","link":"https:\/\/www.wcloc.com\/es\/largometraje-berrido-de-los-silencios","title":{"rendered":"WC Loc, colaborador en el largometraje \u201cEl berrido de los silencios\u201d de Jaime Ord\u00f3\u00f1ez"},"content":{"rendered":"<h2><strong>WC Loc en escena<\/strong><\/h2>\n<p><strong>Nuestra empresa colabora en el largometraje \u201cEl berrido de los silencios\u201d de Jaime Ord\u00f3\u00f1ez donde <\/strong><strong><span data-olk-copy-source=\"MessageBody\">la pel\u00edcula ha entrado ya en el tercio final de rodaje.<\/span><\/strong><\/p>\n<p>El cine, la cultura y la colaboraci\u00f3n se unen en el primer largometraje del actor Jaime Ord\u00f3\u00f1ez, en su primera pel\u00edcula como director y guionista.<\/p>\n<p>El actor <strong>Jaime Ord\u00f3\u00f1ez <\/strong>es colaborador habitual de <strong>Jos\u00e9 Mota<\/strong>\u00a0y ha trabajado en numerosas producciones dirigidas por <strong>\u00c1lex de la Iglesia<\/strong>, como <em>Las brujas de Zugarramurdi<\/em>, <em>Mi gran noche<\/em>, <em>El Bar<\/em>\u00a0o <em>30 monedas<\/em> (<a href=\"https:\/\/www.bing.com\/ck\/a?!&amp;&amp;p=28d671a6618726c68dbdf63a72f849447113b8d69f8bb79e8c9590e567597f5fJmltdHM9MTc2OTY0NDgwMA&amp;ptn=3&amp;ver=2&amp;hsh=4&amp;fclid=2ff5de57-e417-6641-3392-c8bfe5dd6709&amp;psq=hbo+max&amp;u=a1aHR0cHM6Ly93d3cuaGJvbWF4LmNvbS9lcy9lcw\">HBO Max<\/a>). Tambi\u00e9n ha participado en series de <a href=\"https:\/\/www.bing.com\/ck\/a?!&amp;&amp;p=55ada78752d0a2412812dc931d2f2c978cc4c028f310389055e8b516cc8d45b4JmltdHM9MTc2OTY0NDgwMA&amp;ptn=3&amp;ver=2&amp;hsh=4&amp;fclid=2ff5de57-e417-6641-3392-c8bfe5dd6709&amp;psq=netflix+espa%c3%b1a&amp;u=a1aHR0cHM6Ly93d3cubmV0ZmxpeC5jb20vZXMv\">Netflix<\/a> y <a href=\"https:\/\/www.bing.com\/ck\/a?!&amp;&amp;p=e245ba709d31f8594837e0847699f74ac8dbbadf262e5c8c7e34c77d9acb4730JmltdHM9MTc2OTY0NDgwMA&amp;ptn=3&amp;ver=2&amp;hsh=4&amp;fclid=2ff5de57-e417-6641-3392-c8bfe5dd6709&amp;psq=atresplayer+espa%c3%b1a&amp;u=a1aHR0cHM6Ly93d3cuYXRyZXNwbGF5ZXIuY29tLw\">Atresplayer<\/a>.<\/p>\n<p><img decoding=\"async\" class=\"alignnone wp-image-142626\" src=\"https:\/\/www.wcloc.com\/wp-content\/uploads\/2026\/01\/Imagen2-1-300x165.png\" alt=\"\" width=\"451\" height=\"248\" srcset=\"https:\/\/www.wcloc.com\/wp-content\/uploads\/2026\/01\/Imagen2-1-300x165.png 300w, https:\/\/www.wcloc.com\/wp-content\/uploads\/2026\/01\/Imagen2-1.png 698w\" sizes=\"(max-width: 451px) 100vw, 451px\" \/><\/p>\n<p>Desde hace seis a\u00f1os, Jaime desarrolla de manera <strong>totalmente independiente, altruista y sin financiaci\u00f3n econ\u00f3mica<\/strong>\u00a0su primer largometraje como director y guionista, titulado <strong>\u201cEl berrido de los silencios\u201d<\/strong>. Se trata de un proyecto muy singular que rinde homenaje al cine cl\u00e1sico a trav\u00e9s de escenas ic\u00f3nicas, con un enfoque de humor absurdo y surrealista, y que ya cuenta con m\u00e1s de 50 referencias cinematogr\u00e1ficas y numerosas localizaciones.<\/p>\n<p>La pel\u00edcula se rueda \u00edntegramente en <strong>M\u00e1laga<\/strong>, su tierra natal, con el apoyo log\u00edstico del Ayuntamiento y la Diputaci\u00f3n, y ya se encuentra con m\u00e1s de <strong>dos tercios del rodaje completados<\/strong>. Adem\u00e1s, incluye cameos de actores y profesionales muy conocidos del cine y la televisi\u00f3n.<\/p>\n<p><img decoding=\"async\" class=\"alignnone wp-image-142656\" src=\"https:\/\/www.wcloc.com\/wp-content\/uploads\/2026\/01\/Imagen3-300x161.png\" alt=\"\" width=\"449\" height=\"241\" srcset=\"https:\/\/www.wcloc.com\/wp-content\/uploads\/2026\/01\/Imagen3-300x161.png 300w, https:\/\/www.wcloc.com\/wp-content\/uploads\/2026\/01\/Imagen3.png 698w\" sizes=\"(max-width: 449px) 100vw, 449px\" \/><\/p>\n<h3><strong><u>Colaboraci\u00f3n empresarial local, en escena<\/u><\/strong><\/h3>\n<p>El proyecto se sostiene mediante un <strong>modelo pionero de colaboraci\u00f3n por trueque<\/strong>, en el que empresas aportan productos o servicios sin intercambio econ\u00f3mico. A d\u00eda de hoy han participado m\u00e1s de <strong>500 empresas<\/strong>, muchas de ellas referentes en su sector, a cambio de visibilidad y acciones de comunicaci\u00f3n: publicaciones en redes sociales con la imagen del actor, menciones online, cesi\u00f3n de imagen para RRSS y web, y agradecimientos en los cr\u00e9ditos finales de la pel\u00edcula.<\/p>\n<p><strong><em>\u201c<\/em><\/strong><strong><em>Su compromiso incluye equipos de nueva generaci\u00f3n, optimizaci\u00f3n del agua, flota renovada, formaciones continuas y acciones medioambientales, destacando innovaciones como MadamePee y la l\u00ednea ECO.<\/em><\/strong><\/p>\n<p><strong><em>Destacan por su innovaci\u00f3n, sostenibilidad y calidad de servicio.<\/em><\/strong><\/p>\n<p><strong><em>Muchas gracias a WC Loc por sumarse a este proyecto cediendo sus incre\u00edbles remolques premium sanitarios que nos permitieron mantener un set profesional, c\u00f3modo y digno de una aut\u00e9ntica producci\u00f3n cinematogr\u00e1fica\u201d<\/em><\/strong><\/p>\n<p><strong><em>Javier Ord\u00f3\u00f1ez<\/em><\/strong><\/p>\n<p><img decoding=\"async\" class=\"alignnone wp-image-142636\" src=\"https:\/\/www.wcloc.com\/wp-content\/uploads\/2026\/01\/Imagen5-300x174.png\" alt=\"\" width=\"433\" height=\"251\" srcset=\"https:\/\/www.wcloc.com\/wp-content\/uploads\/2026\/01\/Imagen5-300x174.png 300w, https:\/\/www.wcloc.com\/wp-content\/uploads\/2026\/01\/Imagen5.png 698w\" sizes=\"(max-width: 433px) 100vw, 433px\" \/><\/p>\n<p>En WC Loc estamos muy orgullosos de formar parte de este pionero proyecto colaborativo, aportando nuestro servicio y gesti\u00f3n de la higiene durante este innovador largometraje con nuestros remolques de la <a href=\"https:\/\/www.wcloc.com\/es\/c\/alquiler-wc-portatiles-para-eventos\/gama-village\">gama VIP<\/a>, disfrutando de la oportunidad de vivir un gran rodaje con reconocidos actores, bajo la direcci\u00f3n de Jaime Ord\u00f3\u00f1ez, al que agradecemos enormemente su importante testimonio en la excelencia de nuestro servicio.<\/p>\n<p><strong>WC Loc ha formado parte en el rodaje nocturno para la escena final de <em>Casablanca<\/em>, grabado en el Real Aeroclub de V\u00e9lez-M\u00e1laga que se rod\u00f3 durante los d\u00edas de Navidad del a\u00f1o pasado, con un equipo t\u00e9cnico y art\u00edstico de m\u00e1s 65 personas.\u00a0 Una experiencia \u00fanica que vivimos y compartimos con este gran equipo de actores y profesionales del cine espa\u00f1ol, donde adem\u00e1s <span data-olk-copy-source=\"MessageBody\">la pel\u00edcula ha entrado ya en el tercio final de rodaje y el prop\u00f3sito de Jaime es poder terminar de rodarla a finales del 26- principios del 27.<\/span><\/strong><\/p>\n<p><img decoding=\"async\" class=\"alignnone wp-image-142646\" src=\"https:\/\/www.wcloc.com\/wp-content\/uploads\/2026\/01\/Imagen4-300x198.png\" alt=\"\" width=\"430\" height=\"284\" srcset=\"https:\/\/www.wcloc.com\/wp-content\/uploads\/2026\/01\/Imagen4-300x198.png 300w, https:\/\/www.wcloc.com\/wp-content\/uploads\/2026\/01\/Imagen4-580x384.png 580w, https:\/\/www.wcloc.com\/wp-content\/uploads\/2026\/01\/Imagen4.png 698w\" sizes=\"(max-width: 430px) 100vw, 430px\" \/><\/p>\n<p><em>Fotograf\u00edas realizadas por franco_films87<\/em><\/p>\n<p><a style=\"padding: 10px 20px 10px 20px;background-color: #008b92;color: white;text-decoration: none;font-weight: bold;border-radius: 30px;text-align: center\" href=\"https:\/\/www.instagram.com\/p\/DUC5I1zj2Hz\/?utm_source=ig_web_copy_link&amp;igsh=MzRlODBiNWFlZA==\" target=\"_blank\" rel=\"noopener\"><span dir=\"auto\" style=\"vertical-align: inherit\">VER\u00a0 LA PUBLICACI\u00d3N COMPLETA<\/span><\/a><\/p>\n<p>&nbsp;<\/p>\n<p>&nbsp;<\/p>\n","protected":false},"excerpt":{"rendered":"WC Loc en escena Nuestra empresa colabora en el largometraje \u201cEl berrido de los silencios\u201d de Jaime Ord\u00f3\u00f1ez donde la pel\u00edcula ha entrado ya en el tercio final de rodaje. El cine, la cultura y la colaboraci\u00f3n se unen en el primer largometraje del actor Jaime Ord\u00f3\u00f1ez, en su primera pel\u00edcula como director y guionista. [&hellip;]","protected":false},"author":62,"featured_media":142616,"comment_status":"open","ping_status":"open","sticky":false,"template":"","format":"standard","meta":{"_acf_changed":false,"footnotes":""},"categories":[863,861,488,910],"tags":[],"class_list":["post-142585","post","type-post","status-publish","format-standard","has-post-thumbnail","hentry","category-compromiso","category-espacios-publicos","category-evento-vip","category-prensa"],"acf":[],"yoast_head":"<!-- This site is optimized with the Yoast SEO plugin v27.5 - https:\/\/yoast.com\/product\/yoast-seo-wordpress\/ -->\n<title>WC Loc colabora en &quot;El berrido de los silencios de Jaime Ordo\u00f1ez&quot; - WC Loc<\/title>\n<meta name=\"description\" content=\"WC Loc ha formado parte en el rodaje nocturno para la escena final de Casablanca,\u00a0grabado en el Real Aeroclub de V\u00e9lez-M\u00e1laga.\" \/>\n<meta name=\"robots\" content=\"index, follow, max-snippet:-1, max-image-preview:large, max-video-preview:-1\" \/>\n<link rel=\"canonical\" href=\"https:\/\/www.wcloc.com\/es\/largometraje-berrido-de-los-silencios\" \/>\n<meta property=\"og:locale\" content=\"es_ES\" \/>\n<meta property=\"og:type\" content=\"article\" \/>\n<meta property=\"og:title\" content=\"WC Loc colabora en &quot;El berrido de los silencios de Jaime Ordo\u00f1ez&quot; - WC Loc\" \/>\n<meta property=\"og:description\" content=\"WC Loc ha formado parte en el rodaje nocturno para la escena final de Casablanca,\u00a0grabado en el Real Aeroclub de V\u00e9lez-M\u00e1laga.\" \/>\n<meta property=\"og:url\" content=\"https:\/\/www.wcloc.com\/es\/largometraje-berrido-de-los-silencios\" \/>\n<meta property=\"og:site_name\" content=\"WC Loc\" \/>\n<meta property=\"article:published_time\" content=\"2026-01-29T09:55:10+00:00\" \/>\n<meta property=\"article:modified_time\" content=\"2026-01-29T14:43:44+00:00\" \/>\n<meta property=\"og:image\" content=\"https:\/\/www.wcloc.com\/wp-content\/uploads\/2026\/01\/Imagen1.png\" \/>\n\t<meta property=\"og:image:width\" content=\"462\" \/>\n\t<meta property=\"og:image:height\" content=\"299\" \/>\n\t<meta property=\"og:image:type\" content=\"image\/png\" \/>\n<meta name=\"author\" content=\"Alba Lara\" \/>\n<meta name=\"twitter:card\" content=\"summary_large_image\" \/>\n<meta name=\"twitter:label1\" content=\"Escrito por\" \/>\n\t<meta name=\"twitter:data1\" content=\"Alba Lara\" \/>\n\t<meta name=\"twitter:label2\" content=\"Tiempo de lectura\" \/>\n\t<meta name=\"twitter:data2\" content=\"3 minutos\" \/>\n<script type=\"application\/ld+json\" class=\"yoast-schema-graph\">{\"@context\":\"https:\\\/\\\/schema.org\",\"@graph\":[{\"@type\":\"NewsArticle\",\"@id\":\"https:\\\/\\\/www.wcloc.com\\\/es\\\/largometraje-berrido-de-los-silencios#article\",\"isPartOf\":{\"@id\":\"https:\\\/\\\/www.wcloc.com\\\/es\\\/largometraje-berrido-de-los-silencios\"},\"author\":{\"name\":\"Alba Lara\",\"@id\":\"https:\\\/\\\/www.wcloc.com\\\/es#\\\/schema\\\/person\\\/48e865c52aeea8fa74328f525545292a\"},\"headline\":\"WC Loc, colaborador en el largometraje \u201cEl berrido de los silencios\u201d de Jaime Ord\u00f3\u00f1ez\",\"datePublished\":\"2026-01-29T09:55:10+00:00\",\"dateModified\":\"2026-01-29T14:43:44+00:00\",\"mainEntityOfPage\":{\"@id\":\"https:\\\/\\\/www.wcloc.com\\\/es\\\/largometraje-berrido-de-los-silencios\"},\"wordCount\":593,\"commentCount\":0,\"publisher\":{\"@id\":\"https:\\\/\\\/www.wcloc.com\\\/es#organization\"},\"image\":{\"@id\":\"https:\\\/\\\/www.wcloc.com\\\/es\\\/largometraje-berrido-de-los-silencios#primaryimage\"},\"thumbnailUrl\":\"https:\\\/\\\/www.wcloc.com\\\/wp-content\\\/uploads\\\/2026\\\/01\\\/Imagen1.png\",\"articleSection\":[\"Compromiso\",\"Espacios p\u00fablicos\",\"Evento VIP\",\"Prensa\"],\"inLanguage\":\"es\",\"potentialAction\":[{\"@type\":\"CommentAction\",\"name\":\"Comment\",\"target\":[\"https:\\\/\\\/www.wcloc.com\\\/es\\\/largometraje-berrido-de-los-silencios#respond\"]}]},{\"@type\":\"WebPage\",\"@id\":\"https:\\\/\\\/www.wcloc.com\\\/es\\\/largometraje-berrido-de-los-silencios\",\"url\":\"https:\\\/\\\/www.wcloc.com\\\/es\\\/largometraje-berrido-de-los-silencios\",\"name\":\"WC Loc colabora en \\\"El berrido de los silencios de Jaime Ordo\u00f1ez\\\" - WC Loc\",\"isPartOf\":{\"@id\":\"https:\\\/\\\/www.wcloc.com\\\/es#website\"},\"primaryImageOfPage\":{\"@id\":\"https:\\\/\\\/www.wcloc.com\\\/es\\\/largometraje-berrido-de-los-silencios#primaryimage\"},\"image\":{\"@id\":\"https:\\\/\\\/www.wcloc.com\\\/es\\\/largometraje-berrido-de-los-silencios#primaryimage\"},\"thumbnailUrl\":\"https:\\\/\\\/www.wcloc.com\\\/wp-content\\\/uploads\\\/2026\\\/01\\\/Imagen1.png\",\"datePublished\":\"2026-01-29T09:55:10+00:00\",\"dateModified\":\"2026-01-29T14:43:44+00:00\",\"description\":\"WC Loc ha formado parte en el rodaje nocturno para la escena final de Casablanca,\u00a0grabado en el Real Aeroclub de V\u00e9lez-M\u00e1laga.\",\"breadcrumb\":{\"@id\":\"https:\\\/\\\/www.wcloc.com\\\/es\\\/largometraje-berrido-de-los-silencios#breadcrumb\"},\"inLanguage\":\"es\",\"potentialAction\":[{\"@type\":\"ReadAction\",\"target\":[\"https:\\\/\\\/www.wcloc.com\\\/es\\\/largometraje-berrido-de-los-silencios\"]}]},{\"@type\":\"ImageObject\",\"inLanguage\":\"es\",\"@id\":\"https:\\\/\\\/www.wcloc.com\\\/es\\\/largometraje-berrido-de-los-silencios#primaryimage\",\"url\":\"https:\\\/\\\/www.wcloc.com\\\/wp-content\\\/uploads\\\/2026\\\/01\\\/Imagen1.png\",\"contentUrl\":\"https:\\\/\\\/www.wcloc.com\\\/wp-content\\\/uploads\\\/2026\\\/01\\\/Imagen1.png\",\"width\":462,\"height\":299},{\"@type\":\"BreadcrumbList\",\"@id\":\"https:\\\/\\\/www.wcloc.com\\\/es\\\/largometraje-berrido-de-los-silencios#breadcrumb\",\"itemListElement\":[{\"@type\":\"ListItem\",\"position\":1,\"name\":\"Compromiso\",\"item\":\"https:\\\/\\\/www.wcloc.com\\\/es\\\/category\\\/compromiso\"},{\"@type\":\"ListItem\",\"position\":2,\"name\":\"WC Loc, colaborador en el largometraje \u201cEl berrido de los silencios\u201d de Jaime Ord\u00f3\u00f1ez\"}]},{\"@type\":\"WebSite\",\"@id\":\"https:\\\/\\\/www.wcloc.com\\\/es#website\",\"url\":\"https:\\\/\\\/www.wcloc.com\\\/es\",\"name\":\"WC Loc\",\"description\":\"Un site utilisant Les sites de platform.enygea.fr\",\"publisher\":{\"@id\":\"https:\\\/\\\/www.wcloc.com\\\/es#organization\"},\"potentialAction\":[{\"@type\":\"SearchAction\",\"target\":{\"@type\":\"EntryPoint\",\"urlTemplate\":\"https:\\\/\\\/www.wcloc.com\\\/es?s={search_term_string}\"},\"query-input\":{\"@type\":\"PropertyValueSpecification\",\"valueRequired\":true,\"valueName\":\"search_term_string\"}}],\"inLanguage\":\"es\"},{\"@type\":\"Organization\",\"@id\":\"https:\\\/\\\/www.wcloc.com\\\/es#organization\",\"name\":\"WC Loc\",\"url\":\"https:\\\/\\\/www.wcloc.com\\\/es\",\"logo\":{\"@type\":\"ImageObject\",\"inLanguage\":\"es\",\"@id\":\"https:\\\/\\\/www.wcloc.com\\\/es#\\\/schema\\\/logo\\\/image\\\/\",\"url\":\"https:\\\/\\\/www.wcloc.com\\\/wp-content\\\/uploads\\\/2023\\\/04\\\/logo.png\",\"contentUrl\":\"https:\\\/\\\/www.wcloc.com\\\/wp-content\\\/uploads\\\/2023\\\/04\\\/logo.png\",\"width\":291,\"height\":71,\"caption\":\"WC Loc\"},\"image\":{\"@id\":\"https:\\\/\\\/www.wcloc.com\\\/es#\\\/schema\\\/logo\\\/image\\\/\"}},{\"@type\":\"Person\",\"@id\":\"https:\\\/\\\/www.wcloc.com\\\/es#\\\/schema\\\/person\\\/48e865c52aeea8fa74328f525545292a\",\"name\":\"Alba Lara\",\"image\":{\"@type\":\"ImageObject\",\"inLanguage\":\"es\",\"@id\":\"https:\\\/\\\/secure.gravatar.com\\\/avatar\\\/1fa63d6e2ac7ee4726d560c10bd6aaa3a56b19960107df8373ef257bfe5791db?s=96&d=mm&r=g\",\"url\":\"https:\\\/\\\/secure.gravatar.com\\\/avatar\\\/1fa63d6e2ac7ee4726d560c10bd6aaa3a56b19960107df8373ef257bfe5791db?s=96&d=mm&r=g\",\"contentUrl\":\"https:\\\/\\\/secure.gravatar.com\\\/avatar\\\/1fa63d6e2ac7ee4726d560c10bd6aaa3a56b19960107df8373ef257bfe5791db?s=96&d=mm&r=g\",\"caption\":\"Alba Lara\"}}]}<\/script>\n<!-- \/ Yoast SEO plugin. -->","yoast_head_json":{"title":"WC Loc colabora en \"El berrido de los silencios de Jaime Ordo\u00f1ez\" - WC Loc","description":"WC Loc ha formado parte en el rodaje nocturno para la escena final de Casablanca,\u00a0grabado en el Real Aeroclub de V\u00e9lez-M\u00e1laga.","robots":{"index":"index","follow":"follow","max-snippet":"max-snippet:-1","max-image-preview":"max-image-preview:large","max-video-preview":"max-video-preview:-1"},"canonical":"https:\/\/www.wcloc.com\/es\/largometraje-berrido-de-los-silencios","og_locale":"es_ES","og_type":"article","og_title":"WC Loc colabora en \"El berrido de los silencios de Jaime Ordo\u00f1ez\" - WC Loc","og_description":"WC Loc ha formado parte en el rodaje nocturno para la escena final de Casablanca,\u00a0grabado en el Real Aeroclub de V\u00e9lez-M\u00e1laga.","og_url":"https:\/\/www.wcloc.com\/es\/largometraje-berrido-de-los-silencios","og_site_name":"WC Loc","article_published_time":"2026-01-29T09:55:10+00:00","article_modified_time":"2026-01-29T14:43:44+00:00","og_image":[{"width":462,"height":299,"url":"https:\/\/www.wcloc.com\/wp-content\/uploads\/2026\/01\/Imagen1.png","type":"image\/png"}],"author":"Alba Lara","twitter_card":"summary_large_image","twitter_misc":{"Escrito por":"Alba Lara","Tiempo de lectura":"3 minutos"},"schema":{"@context":"https:\/\/schema.org","@graph":[{"@type":"NewsArticle","@id":"https:\/\/www.wcloc.com\/es\/largometraje-berrido-de-los-silencios#article","isPartOf":{"@id":"https:\/\/www.wcloc.com\/es\/largometraje-berrido-de-los-silencios"},"author":{"name":"Alba Lara","@id":"https:\/\/www.wcloc.com\/es#\/schema\/person\/48e865c52aeea8fa74328f525545292a"},"headline":"WC Loc, colaborador en el largometraje \u201cEl berrido de los silencios\u201d de Jaime Ord\u00f3\u00f1ez","datePublished":"2026-01-29T09:55:10+00:00","dateModified":"2026-01-29T14:43:44+00:00","mainEntityOfPage":{"@id":"https:\/\/www.wcloc.com\/es\/largometraje-berrido-de-los-silencios"},"wordCount":593,"commentCount":0,"publisher":{"@id":"https:\/\/www.wcloc.com\/es#organization"},"image":{"@id":"https:\/\/www.wcloc.com\/es\/largometraje-berrido-de-los-silencios#primaryimage"},"thumbnailUrl":"https:\/\/www.wcloc.com\/wp-content\/uploads\/2026\/01\/Imagen1.png","articleSection":["Compromiso","Espacios p\u00fablicos","Evento VIP","Prensa"],"inLanguage":"es","potentialAction":[{"@type":"CommentAction","name":"Comment","target":["https:\/\/www.wcloc.com\/es\/largometraje-berrido-de-los-silencios#respond"]}]},{"@type":"WebPage","@id":"https:\/\/www.wcloc.com\/es\/largometraje-berrido-de-los-silencios","url":"https:\/\/www.wcloc.com\/es\/largometraje-berrido-de-los-silencios","name":"WC Loc colabora en \"El berrido de los silencios de Jaime Ordo\u00f1ez\" - WC Loc","isPartOf":{"@id":"https:\/\/www.wcloc.com\/es#website"},"primaryImageOfPage":{"@id":"https:\/\/www.wcloc.com\/es\/largometraje-berrido-de-los-silencios#primaryimage"},"image":{"@id":"https:\/\/www.wcloc.com\/es\/largometraje-berrido-de-los-silencios#primaryimage"},"thumbnailUrl":"https:\/\/www.wcloc.com\/wp-content\/uploads\/2026\/01\/Imagen1.png","datePublished":"2026-01-29T09:55:10+00:00","dateModified":"2026-01-29T14:43:44+00:00","description":"WC Loc ha formado parte en el rodaje nocturno para la escena final de Casablanca,\u00a0grabado en el Real Aeroclub de V\u00e9lez-M\u00e1laga.","breadcrumb":{"@id":"https:\/\/www.wcloc.com\/es\/largometraje-berrido-de-los-silencios#breadcrumb"},"inLanguage":"es","potentialAction":[{"@type":"ReadAction","target":["https:\/\/www.wcloc.com\/es\/largometraje-berrido-de-los-silencios"]}]},{"@type":"ImageObject","inLanguage":"es","@id":"https:\/\/www.wcloc.com\/es\/largometraje-berrido-de-los-silencios#primaryimage","url":"https:\/\/www.wcloc.com\/wp-content\/uploads\/2026\/01\/Imagen1.png","contentUrl":"https:\/\/www.wcloc.com\/wp-content\/uploads\/2026\/01\/Imagen1.png","width":462,"height":299},{"@type":"BreadcrumbList","@id":"https:\/\/www.wcloc.com\/es\/largometraje-berrido-de-los-silencios#breadcrumb","itemListElement":[{"@type":"ListItem","position":1,"name":"Compromiso","item":"https:\/\/www.wcloc.com\/es\/category\/compromiso"},{"@type":"ListItem","position":2,"name":"WC Loc, colaborador en el largometraje \u201cEl berrido de los silencios\u201d de Jaime Ord\u00f3\u00f1ez"}]},{"@type":"WebSite","@id":"https:\/\/www.wcloc.com\/es#website","url":"https:\/\/www.wcloc.com\/es","name":"WC Loc","description":"Un site utilisant Les sites de platform.enygea.fr","publisher":{"@id":"https:\/\/www.wcloc.com\/es#organization"},"potentialAction":[{"@type":"SearchAction","target":{"@type":"EntryPoint","urlTemplate":"https:\/\/www.wcloc.com\/es?s={search_term_string}"},"query-input":{"@type":"PropertyValueSpecification","valueRequired":true,"valueName":"search_term_string"}}],"inLanguage":"es"},{"@type":"Organization","@id":"https:\/\/www.wcloc.com\/es#organization","name":"WC Loc","url":"https:\/\/www.wcloc.com\/es","logo":{"@type":"ImageObject","inLanguage":"es","@id":"https:\/\/www.wcloc.com\/es#\/schema\/logo\/image\/","url":"https:\/\/www.wcloc.com\/wp-content\/uploads\/2023\/04\/logo.png","contentUrl":"https:\/\/www.wcloc.com\/wp-content\/uploads\/2023\/04\/logo.png","width":291,"height":71,"caption":"WC Loc"},"image":{"@id":"https:\/\/www.wcloc.com\/es#\/schema\/logo\/image\/"}},{"@type":"Person","@id":"https:\/\/www.wcloc.com\/es#\/schema\/person\/48e865c52aeea8fa74328f525545292a","name":"Alba Lara","image":{"@type":"ImageObject","inLanguage":"es","@id":"https:\/\/secure.gravatar.com\/avatar\/1fa63d6e2ac7ee4726d560c10bd6aaa3a56b19960107df8373ef257bfe5791db?s=96&d=mm&r=g","url":"https:\/\/secure.gravatar.com\/avatar\/1fa63d6e2ac7ee4726d560c10bd6aaa3a56b19960107df8373ef257bfe5791db?s=96&d=mm&r=g","contentUrl":"https:\/\/secure.gravatar.com\/avatar\/1fa63d6e2ac7ee4726d560c10bd6aaa3a56b19960107df8373ef257bfe5791db?s=96&d=mm&r=g","caption":"Alba Lara"}}]}},"_links":{"self":[{"href":"https:\/\/www.wcloc.com\/es\/wp-json\/wp\/v2\/posts\/142585","targetHints":{"allow":["GET"]}}],"collection":[{"href":"https:\/\/www.wcloc.com\/es\/wp-json\/wp\/v2\/posts"}],"about":[{"href":"https:\/\/www.wcloc.com\/es\/wp-json\/wp\/v2\/types\/post"}],"author":[{"embeddable":true,"href":"https:\/\/www.wcloc.com\/es\/wp-json\/wp\/v2\/users\/62"}],"replies":[{"embeddable":true,"href":"https:\/\/www.wcloc.com\/es\/wp-json\/wp\/v2\/comments?post=142585"}],"version-history":[{"count":3,"href":"https:\/\/www.wcloc.com\/es\/wp-json\/wp\/v2\/posts\/142585\/revisions"}],"predecessor-version":[{"id":142793,"href":"https:\/\/www.wcloc.com\/es\/wp-json\/wp\/v2\/posts\/142585\/revisions\/142793"}],"wp:featuredmedia":[{"embeddable":true,"href":"https:\/\/www.wcloc.com\/es\/wp-json\/wp\/v2\/media\/142616"}],"wp:attachment":[{"href":"https:\/\/www.wcloc.com\/es\/wp-json\/wp\/v2\/media?parent=142585"}],"wp:term":[{"taxonomy":"category","embeddable":true,"href":"https:\/\/www.wcloc.com\/es\/wp-json\/wp\/v2\/categories?post=142585"},{"taxonomy":"post_tag","embeddable":true,"href":"https:\/\/www.wcloc.com\/es\/wp-json\/wp\/v2\/tags?post=142585"}],"curies":[{"name":"wp","href":"https:\/\/api.w.org\/{rel}","templated":true}]}}