{"id":139546,"date":"2025-11-18T14:36:15","date_gmt":"2025-11-18T13:36:15","guid":{"rendered":"https:\/\/www.wcloc.com\/?p=139546"},"modified":"2025-11-18T14:36:15","modified_gmt":"2025-11-18T13:36:15","slug":"dia-mundial-del-retrete","status":"publish","type":"post","link":"https:\/\/www.wcloc.com\/es\/dia-mundial-del-retrete","title":{"rendered":"Compromiso de WC Loc por el D\u00eda Mundial del Retrete"},"content":{"rendered":"<p>Hoy es el D\u00eda Mundial del Retrete, una iniciativa de <a href=\"https:\/\/www.bing.com\/ck\/a?!&amp;&amp;p=02333a3a64baaadccd03e8429846030cada0db2dd68488f2a0ed6aaf8bcc6770JmltdHM9MTc2MzQyNDAwMA&amp;ptn=3&amp;ver=2&amp;hsh=4&amp;fclid=33c81416-dfb0-648b-3c1c-02b2de04657d&amp;psq=naciones+unidas&amp;u=a1aHR0cHM6Ly93d3cudW4ub3JnL2VzLw\">Naciones Unidas<\/a> que conciencia a la sociedad sobre las m\u00e1s 3.500 millones de personas que viven sin un acceso b\u00e1sico a un WC.<\/p>\n<p>En WC Loc somos conscientes de las p\u00e9simas condiciones que viven muchos pueblos y ciudades del mundo, que sufren un alarmante \u00edndice de mortalidad infantil y graves enfermedades por no tener acceso a una higiene b\u00e1sica y digna.<\/p>\n<p>Somos expertos en la higiene, y nuestro compromiso debe ser un referente en acciones solidarias. Un compromiso que reforzamos y avanzamos este a\u00f1o, donde destacamos las siguientes acciones:<\/p>\n<h2><strong>Comit\u00e9 RSC internacional by WC Loc<\/strong><\/h2>\n<h3><strong><em>\u201c<\/em><\/strong><strong><em>Visi\u00f3n y capacidad Global\u201d<\/em><\/strong><\/h3>\n<p>Este a\u00f1o hemos celebrado el 1\u00ba Comit\u00e9 internacional RSC by WC Loc con la participaci\u00f3n de todos los pa\u00edses del <a href=\"https:\/\/www.bing.com\/ck\/a?!&amp;&amp;p=89633d2346ca85a707bfd14414e6e26a5102390e5834f33ef249e001c8147d36JmltdHM9MTc2MzQyNDAwMA&amp;ptn=3&amp;ver=2&amp;hsh=4&amp;fclid=33c81416-dfb0-648b-3c1c-02b2de04657d&amp;psq=grupo+enygea&amp;u=a1aHR0cHM6Ly93d3cuZW55Z2VhLmNvbS9lcy8\">grupo Enygea<\/a> (Francia, Espa\u00f1a, B\u00e9lgica, Luxemburgo, Rep\u00fablica Checa, Portugal, Italia y Canad\u00e1).<\/p>\n<p>Un encuentro internacional que organizaremos cada a\u00f1o, con el foco a desarrollar acciones solidarias que mejoren la higiene, tanto en nuestras \u00e1reas de actuaci\u00f3n como en otros pa\u00edses del Mundo.<\/p>\n<h2><strong>Nos unimos a \u201cla Alianza para la Vacunaci\u00f3n Infantil\u201d<\/strong><\/h2>\n<h3><strong>WC Loc Espa\u00f1a se suma a esta necesaria acci\u00f3n solidaria, a trav\u00e9s de la <\/strong><a href=\"https:\/\/www.bing.com\/ck\/a?!&amp;&amp;p=1408acc4290e5b2ab7736a09d9f3e2e31517bd111f68b534b2977bce40fde741JmltdHM9MTc2MzQyNDAwMA&amp;ptn=3&amp;ver=2&amp;hsh=4&amp;fclid=33c81416-dfb0-648b-3c1c-02b2de04657d&amp;psq=fundacion+la+caixa&amp;u=a1aHR0cHM6Ly9mdW5kYWNpb25sYWNhaXhhLm9yZy9lcy8\"><strong>Fundaci\u00f3n \u201dla Caixa\u201d <\/strong><\/a>en su lucha para que ning\u00fan ni\u00f1o muera por falta de acceso a vacunas.<\/h3>\n<p>La Fundaci\u00f3n \u201dla Caixa\u201d incorpor\u00f3 el 2008 \u201c<em>La Alianza para la Vacunaci\u00f3n Infantil<\/em>\u201d, en colaboraci\u00f3n con Gavi, the Vaccine Alliance, el primer partenariado p\u00fablico-privado del mundo dedicado a proteger la salud aumentando el acceso a vacunas en los pa\u00edses m\u00e1s pobres. La Alianza para la Vacunaci\u00f3n Infantil tambi\u00e9n cuenta con el apoyo de la Fundaci\u00f3n Gates y la colaboraci\u00f3n de ISGlobal (Instituto de Salud Global de Barcelona) como socio cient\u00edfico y acad\u00e9mico.<\/p>\n<h2><strong>Corremos por una \u201chigiene digna\u201d<\/strong><\/h2>\n<h3><strong>Un a\u00f1o m\u00e1s, nuestro equipo participa en \u201c<a href=\"https:\/\/www.bing.com\/ck\/a?!&amp;&amp;p=2b8d1e6397903fef30ee022fd851478d1e3bbbb280d05f577b312ebc6557d165JmltdHM9MTc2MzQyNDAwMA&amp;ptn=3&amp;ver=2&amp;hsh=4&amp;fclid=33c81416-dfb0-648b-3c1c-02b2de04657d&amp;psq=urgent+run+paris&amp;u=a1aHR0cHM6Ly93d3cudXJnZW50cnVucGFyaXMuZnIv\">Urgent Run Par\u00eds<\/a>\u201d<\/strong><\/h3>\n<p>Un espectacular evento solidario que recorre 5 o 10 km por la ciudad de Par\u00eds, con el objetivo de recaudar fondos para facilitar el acceso a los WC y mejorar la higiene a diferentes poblaciones de alrededor del mundo.<\/p>\n<p>Este a\u00f1o los fondos recaudados se destinar\u00e1n a los habitantes de la regi\u00f3n de Murun, en Mongolia.<\/p>\n<p>Una carrera solidaria, que este a\u00f1o cumple 10 a\u00f1os, que nos enorgullece compartir con todo el grupo Enygea, que ha permitido mejorar la higiene con la construcci\u00f3n de lavabos, urinarios y lavamanos en Senegal, Costa de Marfil, Ben\u00edn, Togo, Mal\u00ed, Madagascar y Mongolia.<\/p>\n<h3><strong>En WC Loc trabajamos cada d\u00eda para garantizar un futuro m\u00e1s saludable, sostenible y accesible para todos, <\/strong><strong>siendo miembro activo de <a href=\"https:\/\/www.aespe.info\/\">AESPE<\/a> (Asociaci\u00f3n Espa\u00f1ola de Saneamiento Port\u00e1til).<\/strong><\/h3>\n<p>Un compromiso que se refleja en el desarrollo de nuevos equipos ECO-eficientes y sostenibles que reduzcan el consumo de agua, junto a activo programa de iniciativas para fomentar y concienciar un mejor acceso a los WC.<\/p>\n<p><a style=\"padding: 10px 20px 10px 20px;background-color: #008b92;color: white;text-decoration: none;font-weight: bold;border-radius: 30px;text-align: center\" href=\"https:\/\/www.wcloc.com\/es\/primer-comite-rse-internacional\" target=\"_blank\" rel=\"noopener\"><span dir=\"auto\" style=\"vertical-align: inherit\">Descubre nuestro primer Comit\u00e9 RSE Internacional<\/span><\/a><\/p>\n","protected":false},"excerpt":{"rendered":"Hoy es el D\u00eda Mundial del Retrete, una iniciativa de Naciones Unidas que conciencia a la sociedad sobre las m\u00e1s 3.500 millones de personas que viven sin un acceso b\u00e1sico a un WC. En WC Loc somos conscientes de las p\u00e9simas condiciones que viven muchos pueblos y ciudades del mundo, que sufren un alarmante \u00edndice [&hellip;]","protected":false},"author":62,"featured_media":139547,"comment_status":"open","ping_status":"open","sticky":false,"template":"","format":"standard","meta":{"_acf_changed":false,"footnotes":""},"categories":[863,910,882],"tags":[],"class_list":["post-139546","post","type-post","status-publish","format-standard","has-post-thumbnail","hentry","category-compromiso","category-prensa","category-productos-novedades"],"acf":[],"yoast_head":"<!-- This site is optimized with the Yoast SEO plugin v27.4 - https:\/\/yoast.com\/product\/yoast-seo-wordpress\/ -->\n<title>Compromiso de WC Loc por el D\u00eda Mundial del Retrete - WC Loc<\/title>\n<meta name=\"description\" content=\"En WC Loc somos conscientes de las condiciones de lugares del mundo que sufren una mortalidad y enfermedades por no tener acceso a ba\u00f1os.\" \/>\n<meta name=\"robots\" content=\"index, follow, max-snippet:-1, max-image-preview:large, max-video-preview:-1\" \/>\n<link rel=\"canonical\" href=\"https:\/\/www.wcloc.com\/es\/dia-mundial-del-retrete\" \/>\n<meta property=\"og:locale\" content=\"es_ES\" \/>\n<meta property=\"og:type\" content=\"article\" \/>\n<meta property=\"og:title\" content=\"Compromiso de WC Loc por el D\u00eda Mundial del Retrete - WC Loc\" \/>\n<meta property=\"og:description\" content=\"En WC Loc somos conscientes de las condiciones de lugares del mundo que sufren una mortalidad y enfermedades por no tener acceso a ba\u00f1os.\" \/>\n<meta property=\"og:url\" content=\"https:\/\/www.wcloc.com\/es\/dia-mundial-del-retrete\" \/>\n<meta property=\"og:site_name\" content=\"WC Loc\" \/>\n<meta property=\"article:published_time\" content=\"2025-11-18T13:36:15+00:00\" \/>\n<meta property=\"og:image\" content=\"https:\/\/www.wcloc.com\/wp-content\/uploads\/2025\/11\/dia-retrete-blog.png\" \/>\n\t<meta property=\"og:image:width\" content=\"1080\" \/>\n\t<meta property=\"og:image:height\" content=\"1080\" \/>\n\t<meta property=\"og:image:type\" content=\"image\/png\" \/>\n<meta name=\"author\" content=\"Alba Lara\" \/>\n<meta name=\"twitter:card\" content=\"summary_large_image\" \/>\n<meta name=\"twitter:label1\" content=\"Escrito por\" \/>\n\t<meta name=\"twitter:data1\" content=\"Alba Lara\" \/>\n\t<meta name=\"twitter:label2\" content=\"Tiempo de lectura\" \/>\n\t<meta name=\"twitter:data2\" content=\"3 minutos\" \/>\n<script type=\"application\/ld+json\" class=\"yoast-schema-graph\">{\"@context\":\"https:\\\/\\\/schema.org\",\"@graph\":[{\"@type\":\"NewsArticle\",\"@id\":\"https:\\\/\\\/www.wcloc.com\\\/es\\\/dia-mundial-del-retrete#article\",\"isPartOf\":{\"@id\":\"https:\\\/\\\/www.wcloc.com\\\/es\\\/dia-mundial-del-retrete\"},\"author\":{\"name\":\"Alba Lara\",\"@id\":\"https:\\\/\\\/www.wcloc.com\\\/es#\\\/schema\\\/person\\\/48e865c52aeea8fa74328f525545292a\"},\"headline\":\"Compromiso de WC Loc por el D\u00eda Mundial del Retrete\",\"datePublished\":\"2025-11-18T13:36:15+00:00\",\"mainEntityOfPage\":{\"@id\":\"https:\\\/\\\/www.wcloc.com\\\/es\\\/dia-mundial-del-retrete\"},\"wordCount\":522,\"commentCount\":0,\"publisher\":{\"@id\":\"https:\\\/\\\/www.wcloc.com\\\/es#organization\"},\"image\":{\"@id\":\"https:\\\/\\\/www.wcloc.com\\\/es\\\/dia-mundial-del-retrete#primaryimage\"},\"thumbnailUrl\":\"https:\\\/\\\/www.wcloc.com\\\/wp-content\\\/uploads\\\/2025\\\/11\\\/dia-retrete-blog.png\",\"articleSection\":[\"Compromiso\",\"Prensa\",\"Productos\\\/Novedades\"],\"inLanguage\":\"es\",\"potentialAction\":[{\"@type\":\"CommentAction\",\"name\":\"Comment\",\"target\":[\"https:\\\/\\\/www.wcloc.com\\\/es\\\/dia-mundial-del-retrete#respond\"]}]},{\"@type\":\"WebPage\",\"@id\":\"https:\\\/\\\/www.wcloc.com\\\/es\\\/dia-mundial-del-retrete\",\"url\":\"https:\\\/\\\/www.wcloc.com\\\/es\\\/dia-mundial-del-retrete\",\"name\":\"Compromiso de WC Loc por el D\u00eda Mundial del Retrete - WC Loc\",\"isPartOf\":{\"@id\":\"https:\\\/\\\/www.wcloc.com\\\/es#website\"},\"primaryImageOfPage\":{\"@id\":\"https:\\\/\\\/www.wcloc.com\\\/es\\\/dia-mundial-del-retrete#primaryimage\"},\"image\":{\"@id\":\"https:\\\/\\\/www.wcloc.com\\\/es\\\/dia-mundial-del-retrete#primaryimage\"},\"thumbnailUrl\":\"https:\\\/\\\/www.wcloc.com\\\/wp-content\\\/uploads\\\/2025\\\/11\\\/dia-retrete-blog.png\",\"datePublished\":\"2025-11-18T13:36:15+00:00\",\"description\":\"En WC Loc somos conscientes de las condiciones de lugares del mundo que sufren una mortalidad y enfermedades por no tener acceso a ba\u00f1os.\",\"breadcrumb\":{\"@id\":\"https:\\\/\\\/www.wcloc.com\\\/es\\\/dia-mundial-del-retrete#breadcrumb\"},\"inLanguage\":\"es\",\"potentialAction\":[{\"@type\":\"ReadAction\",\"target\":[\"https:\\\/\\\/www.wcloc.com\\\/es\\\/dia-mundial-del-retrete\"]}]},{\"@type\":\"ImageObject\",\"inLanguage\":\"es\",\"@id\":\"https:\\\/\\\/www.wcloc.com\\\/es\\\/dia-mundial-del-retrete#primaryimage\",\"url\":\"https:\\\/\\\/www.wcloc.com\\\/wp-content\\\/uploads\\\/2025\\\/11\\\/dia-retrete-blog.png\",\"contentUrl\":\"https:\\\/\\\/www.wcloc.com\\\/wp-content\\\/uploads\\\/2025\\\/11\\\/dia-retrete-blog.png\",\"width\":1080,\"height\":1080},{\"@type\":\"BreadcrumbList\",\"@id\":\"https:\\\/\\\/www.wcloc.com\\\/es\\\/dia-mundial-del-retrete#breadcrumb\",\"itemListElement\":[{\"@type\":\"ListItem\",\"position\":1,\"name\":\"Productos\\\/Novedades\",\"item\":\"https:\\\/\\\/www.wcloc.com\\\/es\\\/category\\\/productos-novedades\"},{\"@type\":\"ListItem\",\"position\":2,\"name\":\"Compromiso de WC Loc por el D\u00eda Mundial del Retrete\"}]},{\"@type\":\"WebSite\",\"@id\":\"https:\\\/\\\/www.wcloc.com\\\/es#website\",\"url\":\"https:\\\/\\\/www.wcloc.com\\\/es\",\"name\":\"WC Loc\",\"description\":\"Un site utilisant Les sites de platform.enygea.fr\",\"publisher\":{\"@id\":\"https:\\\/\\\/www.wcloc.com\\\/es#organization\"},\"potentialAction\":[{\"@type\":\"SearchAction\",\"target\":{\"@type\":\"EntryPoint\",\"urlTemplate\":\"https:\\\/\\\/www.wcloc.com\\\/es?s={search_term_string}\"},\"query-input\":{\"@type\":\"PropertyValueSpecification\",\"valueRequired\":true,\"valueName\":\"search_term_string\"}}],\"inLanguage\":\"es\"},{\"@type\":\"Organization\",\"@id\":\"https:\\\/\\\/www.wcloc.com\\\/es#organization\",\"name\":\"WC Loc\",\"url\":\"https:\\\/\\\/www.wcloc.com\\\/es\",\"logo\":{\"@type\":\"ImageObject\",\"inLanguage\":\"es\",\"@id\":\"https:\\\/\\\/www.wcloc.com\\\/es#\\\/schema\\\/logo\\\/image\\\/\",\"url\":\"https:\\\/\\\/www.wcloc.com\\\/wp-content\\\/uploads\\\/2023\\\/04\\\/logo.png\",\"contentUrl\":\"https:\\\/\\\/www.wcloc.com\\\/wp-content\\\/uploads\\\/2023\\\/04\\\/logo.png\",\"width\":291,\"height\":71,\"caption\":\"WC Loc\"},\"image\":{\"@id\":\"https:\\\/\\\/www.wcloc.com\\\/es#\\\/schema\\\/logo\\\/image\\\/\"}},{\"@type\":\"Person\",\"@id\":\"https:\\\/\\\/www.wcloc.com\\\/es#\\\/schema\\\/person\\\/48e865c52aeea8fa74328f525545292a\",\"name\":\"Alba Lara\",\"image\":{\"@type\":\"ImageObject\",\"inLanguage\":\"es\",\"@id\":\"https:\\\/\\\/secure.gravatar.com\\\/avatar\\\/1fa63d6e2ac7ee4726d560c10bd6aaa3a56b19960107df8373ef257bfe5791db?s=96&d=mm&r=g\",\"url\":\"https:\\\/\\\/secure.gravatar.com\\\/avatar\\\/1fa63d6e2ac7ee4726d560c10bd6aaa3a56b19960107df8373ef257bfe5791db?s=96&d=mm&r=g\",\"contentUrl\":\"https:\\\/\\\/secure.gravatar.com\\\/avatar\\\/1fa63d6e2ac7ee4726d560c10bd6aaa3a56b19960107df8373ef257bfe5791db?s=96&d=mm&r=g\",\"caption\":\"Alba Lara\"}}]}<\/script>\n<!-- \/ Yoast SEO plugin. -->","yoast_head_json":{"title":"Compromiso de WC Loc por el D\u00eda Mundial del Retrete - WC Loc","description":"En WC Loc somos conscientes de las condiciones de lugares del mundo que sufren una mortalidad y enfermedades por no tener acceso a ba\u00f1os.","robots":{"index":"index","follow":"follow","max-snippet":"max-snippet:-1","max-image-preview":"max-image-preview:large","max-video-preview":"max-video-preview:-1"},"canonical":"https:\/\/www.wcloc.com\/es\/dia-mundial-del-retrete","og_locale":"es_ES","og_type":"article","og_title":"Compromiso de WC Loc por el D\u00eda Mundial del Retrete - WC Loc","og_description":"En WC Loc somos conscientes de las condiciones de lugares del mundo que sufren una mortalidad y enfermedades por no tener acceso a ba\u00f1os.","og_url":"https:\/\/www.wcloc.com\/es\/dia-mundial-del-retrete","og_site_name":"WC Loc","article_published_time":"2025-11-18T13:36:15+00:00","og_image":[{"width":1080,"height":1080,"url":"https:\/\/www.wcloc.com\/wp-content\/uploads\/2025\/11\/dia-retrete-blog.png","type":"image\/png"}],"author":"Alba Lara","twitter_card":"summary_large_image","twitter_misc":{"Escrito por":"Alba Lara","Tiempo de lectura":"3 minutos"},"schema":{"@context":"https:\/\/schema.org","@graph":[{"@type":"NewsArticle","@id":"https:\/\/www.wcloc.com\/es\/dia-mundial-del-retrete#article","isPartOf":{"@id":"https:\/\/www.wcloc.com\/es\/dia-mundial-del-retrete"},"author":{"name":"Alba Lara","@id":"https:\/\/www.wcloc.com\/es#\/schema\/person\/48e865c52aeea8fa74328f525545292a"},"headline":"Compromiso de WC Loc por el D\u00eda Mundial del Retrete","datePublished":"2025-11-18T13:36:15+00:00","mainEntityOfPage":{"@id":"https:\/\/www.wcloc.com\/es\/dia-mundial-del-retrete"},"wordCount":522,"commentCount":0,"publisher":{"@id":"https:\/\/www.wcloc.com\/es#organization"},"image":{"@id":"https:\/\/www.wcloc.com\/es\/dia-mundial-del-retrete#primaryimage"},"thumbnailUrl":"https:\/\/www.wcloc.com\/wp-content\/uploads\/2025\/11\/dia-retrete-blog.png","articleSection":["Compromiso","Prensa","Productos\/Novedades"],"inLanguage":"es","potentialAction":[{"@type":"CommentAction","name":"Comment","target":["https:\/\/www.wcloc.com\/es\/dia-mundial-del-retrete#respond"]}]},{"@type":"WebPage","@id":"https:\/\/www.wcloc.com\/es\/dia-mundial-del-retrete","url":"https:\/\/www.wcloc.com\/es\/dia-mundial-del-retrete","name":"Compromiso de WC Loc por el D\u00eda Mundial del Retrete - WC Loc","isPartOf":{"@id":"https:\/\/www.wcloc.com\/es#website"},"primaryImageOfPage":{"@id":"https:\/\/www.wcloc.com\/es\/dia-mundial-del-retrete#primaryimage"},"image":{"@id":"https:\/\/www.wcloc.com\/es\/dia-mundial-del-retrete#primaryimage"},"thumbnailUrl":"https:\/\/www.wcloc.com\/wp-content\/uploads\/2025\/11\/dia-retrete-blog.png","datePublished":"2025-11-18T13:36:15+00:00","description":"En WC Loc somos conscientes de las condiciones de lugares del mundo que sufren una mortalidad y enfermedades por no tener acceso a ba\u00f1os.","breadcrumb":{"@id":"https:\/\/www.wcloc.com\/es\/dia-mundial-del-retrete#breadcrumb"},"inLanguage":"es","potentialAction":[{"@type":"ReadAction","target":["https:\/\/www.wcloc.com\/es\/dia-mundial-del-retrete"]}]},{"@type":"ImageObject","inLanguage":"es","@id":"https:\/\/www.wcloc.com\/es\/dia-mundial-del-retrete#primaryimage","url":"https:\/\/www.wcloc.com\/wp-content\/uploads\/2025\/11\/dia-retrete-blog.png","contentUrl":"https:\/\/www.wcloc.com\/wp-content\/uploads\/2025\/11\/dia-retrete-blog.png","width":1080,"height":1080},{"@type":"BreadcrumbList","@id":"https:\/\/www.wcloc.com\/es\/dia-mundial-del-retrete#breadcrumb","itemListElement":[{"@type":"ListItem","position":1,"name":"Productos\/Novedades","item":"https:\/\/www.wcloc.com\/es\/category\/productos-novedades"},{"@type":"ListItem","position":2,"name":"Compromiso de WC Loc por el D\u00eda Mundial del Retrete"}]},{"@type":"WebSite","@id":"https:\/\/www.wcloc.com\/es#website","url":"https:\/\/www.wcloc.com\/es","name":"WC Loc","description":"Un site utilisant Les sites de platform.enygea.fr","publisher":{"@id":"https:\/\/www.wcloc.com\/es#organization"},"potentialAction":[{"@type":"SearchAction","target":{"@type":"EntryPoint","urlTemplate":"https:\/\/www.wcloc.com\/es?s={search_term_string}"},"query-input":{"@type":"PropertyValueSpecification","valueRequired":true,"valueName":"search_term_string"}}],"inLanguage":"es"},{"@type":"Organization","@id":"https:\/\/www.wcloc.com\/es#organization","name":"WC Loc","url":"https:\/\/www.wcloc.com\/es","logo":{"@type":"ImageObject","inLanguage":"es","@id":"https:\/\/www.wcloc.com\/es#\/schema\/logo\/image\/","url":"https:\/\/www.wcloc.com\/wp-content\/uploads\/2023\/04\/logo.png","contentUrl":"https:\/\/www.wcloc.com\/wp-content\/uploads\/2023\/04\/logo.png","width":291,"height":71,"caption":"WC Loc"},"image":{"@id":"https:\/\/www.wcloc.com\/es#\/schema\/logo\/image\/"}},{"@type":"Person","@id":"https:\/\/www.wcloc.com\/es#\/schema\/person\/48e865c52aeea8fa74328f525545292a","name":"Alba Lara","image":{"@type":"ImageObject","inLanguage":"es","@id":"https:\/\/secure.gravatar.com\/avatar\/1fa63d6e2ac7ee4726d560c10bd6aaa3a56b19960107df8373ef257bfe5791db?s=96&d=mm&r=g","url":"https:\/\/secure.gravatar.com\/avatar\/1fa63d6e2ac7ee4726d560c10bd6aaa3a56b19960107df8373ef257bfe5791db?s=96&d=mm&r=g","contentUrl":"https:\/\/secure.gravatar.com\/avatar\/1fa63d6e2ac7ee4726d560c10bd6aaa3a56b19960107df8373ef257bfe5791db?s=96&d=mm&r=g","caption":"Alba Lara"}}]}},"_links":{"self":[{"href":"https:\/\/www.wcloc.com\/es\/wp-json\/wp\/v2\/posts\/139546","targetHints":{"allow":["GET"]}}],"collection":[{"href":"https:\/\/www.wcloc.com\/es\/wp-json\/wp\/v2\/posts"}],"about":[{"href":"https:\/\/www.wcloc.com\/es\/wp-json\/wp\/v2\/types\/post"}],"author":[{"embeddable":true,"href":"https:\/\/www.wcloc.com\/es\/wp-json\/wp\/v2\/users\/62"}],"replies":[{"embeddable":true,"href":"https:\/\/www.wcloc.com\/es\/wp-json\/wp\/v2\/comments?post=139546"}],"version-history":[{"count":1,"href":"https:\/\/www.wcloc.com\/es\/wp-json\/wp\/v2\/posts\/139546\/revisions"}],"predecessor-version":[{"id":139557,"href":"https:\/\/www.wcloc.com\/es\/wp-json\/wp\/v2\/posts\/139546\/revisions\/139557"}],"wp:featuredmedia":[{"embeddable":true,"href":"https:\/\/www.wcloc.com\/es\/wp-json\/wp\/v2\/media\/139547"}],"wp:attachment":[{"href":"https:\/\/www.wcloc.com\/es\/wp-json\/wp\/v2\/media?parent=139546"}],"wp:term":[{"taxonomy":"category","embeddable":true,"href":"https:\/\/www.wcloc.com\/es\/wp-json\/wp\/v2\/categories?post=139546"},{"taxonomy":"post_tag","embeddable":true,"href":"https:\/\/www.wcloc.com\/es\/wp-json\/wp\/v2\/tags?post=139546"}],"curies":[{"name":"wp","href":"https:\/\/api.w.org\/{rel}","templated":true}]}}