{"id":138728,"date":"2025-11-03T10:54:39","date_gmt":"2025-11-03T09:54:39","guid":{"rendered":"https:\/\/www.wcloc.com\/?p=138728"},"modified":"2025-11-03T12:01:34","modified_gmt":"2025-11-03T11:01:34","slug":"otro-ano-mas-en-bime","status":"publish","type":"post","link":"https:\/\/www.wcloc.com\/es\/otro-ano-mas-en-bime","title":{"rendered":"\u00a1Muchas gracias BIME Pro Bilbao 2025!"},"content":{"rendered":"<p>Queremos felicitar a todo el equipo de <a href=\"https:\/\/bime.org\/\">BIME Pro<\/a>, por su inmejorable organizaci\u00f3n que acoge cada a\u00f1o a una gran tejido de reconocidas empresas, profesionales y emprendedores del sector musical. En <a href=\"http:\/\/wcloc.es\">WC Loc<\/a> nos enorgullece formar parte, cada a\u00f1o, de esta cita clave en el calendario, compartiendo nuestra experiencia y servicio para mejorar la higiene y el bienestar en eventos y grandes festivales musicales.<\/p>\n<p><img decoding=\"async\" width=\"300\" height=\"225\" class=\"alignnone size-medium wp-image-138729\" src=\"https:\/\/www.wcloc.com\/wp-content\/uploads\/2025\/11\/88e2cb61-cf33-4c4d-b220-9b471ecaaf8c-300x225.jpg\" alt=\"\" srcset=\"https:\/\/www.wcloc.com\/wp-content\/uploads\/2025\/11\/88e2cb61-cf33-4c4d-b220-9b471ecaaf8c-300x225.jpg 300w, https:\/\/www.wcloc.com\/wp-content\/uploads\/2025\/11\/88e2cb61-cf33-4c4d-b220-9b471ecaaf8c-1024x768.jpg 1024w, https:\/\/www.wcloc.com\/wp-content\/uploads\/2025\/11\/88e2cb61-cf33-4c4d-b220-9b471ecaaf8c-768x576.jpg 768w, https:\/\/www.wcloc.com\/wp-content\/uploads\/2025\/11\/88e2cb61-cf33-4c4d-b220-9b471ecaaf8c-1536x1152.jpg 1536w, https:\/\/www.wcloc.com\/wp-content\/uploads\/2025\/11\/88e2cb61-cf33-4c4d-b220-9b471ecaaf8c.jpg 1600w\" sizes=\"(max-width: 300px) 100vw, 300px\" \/><\/p>\n<p>Tres d\u00edas intensos de feria donde tuvimos la oportunidad de compartir interesantes conferencias, con el foco a la sostenibilidad. Un desaf\u00edo global en el que trabajamos cada d\u00eda, conscientes del importante papel que juegan las cabinas, m\u00f3dulos, duchas y urinarios con una eficiente y sostenible gesti\u00f3n de los recursos naturales, en grandes festivales que acogen a miles de personas.<\/p>\n<p><strong>Estamos tambi\u00e9n muy satisfechos del inter\u00e9s mostrado por el nuevo <a href=\"https:\/\/www.wcloc.com\/es\/p\/urinario-femenino-lapee\">urinario femenino Lapee<\/a>, con su innovadora y pr\u00e1ctica forma circular, <\/strong><strong>y sobre todo, la gran acogida de toda la l\u00ednea <a href=\"https:\/\/www.happee-services.com\/\">Happee<\/a>, una completa l\u00ednea de modernos m\u00f3dulos dise\u00f1ados especialmente para cubrir grandes festivales.<\/strong><\/p>\n<p><img decoding=\"async\" width=\"225\" height=\"300\" class=\"alignnone size-medium wp-image-138382\" src=\"https:\/\/www.wcloc.com\/wp-content\/uploads\/2025\/10\/WhatsApp-Image-2023-06-26-a-18.58.35.jpg-225x300.webp\" alt=\"\" srcset=\"https:\/\/www.wcloc.com\/wp-content\/uploads\/2025\/10\/WhatsApp-Image-2023-06-26-a-18.58.35.jpg-225x300.webp 225w, https:\/\/www.wcloc.com\/wp-content\/uploads\/2025\/10\/WhatsApp-Image-2023-06-26-a-18.58.35.jpg-768x1024.webp 768w, https:\/\/www.wcloc.com\/wp-content\/uploads\/2025\/10\/WhatsApp-Image-2023-06-26-a-18.58.35.jpg-1152x1536.webp 1152w, https:\/\/www.wcloc.com\/wp-content\/uploads\/2025\/10\/WhatsApp-Image-2023-06-26-a-18.58.35.jpg.webp 1200w\" sizes=\"(max-width: 225px) 100vw, 225px\" \/><\/p>\n<p>En WC Loc seguimos avanzando en mejorar nuestras soluciones en alquiler para los principales festivales y eventos que se celebran en Espa\u00f1a, con el soporte de todo el grupo Enygea, que nos permite una visi\u00f3n y capacidad global para afrontar grandes proyectos con \u00e9xito.<\/p>\n<p><a style=\"padding: 10px 20px 10px 20px;background-color: #008b92;color: white;text-decoration: none;font-weight: bold;border-radius: 30px;text-align: center\" href=\"https:\/\/www.wcloc.com\/es\/c\/alquiler-wc-portatiles-para-eventos\" target=\"_blank\" rel=\"noopener\"><span dir=\"auto\" style=\"vertical-align: inherit\">VER PRODUCTOS<\/span><\/a><\/p>\n<p>&nbsp;<\/p>\n<p>&nbsp;<\/p>\n<p>&nbsp;<\/p>\n","protected":false},"excerpt":{"rendered":"Queremos felicitar a todo el equipo de BIME Pro, por su inmejorable organizaci\u00f3n que acoge cada a\u00f1o a una gran tejido de reconocidas empresas, profesionales y emprendedores del sector musical. En WC Loc nos enorgullece formar parte, cada a\u00f1o, de esta cita clave en el calendario, compartiendo nuestra experiencia y servicio para mejorar la higiene [&hellip;]","protected":false},"author":62,"featured_media":138779,"comment_status":"open","ping_status":"open","sticky":false,"template":"","format":"standard","meta":{"_acf_changed":false,"footnotes":""},"categories":[863,485,882],"tags":[],"class_list":["post-138728","post","type-post","status-publish","format-standard","has-post-thumbnail","hentry","category-compromiso","category-festivales","category-productos-novedades"],"acf":[],"yoast_head":"<!-- This site is optimized with the Yoast SEO plugin v27.4 - https:\/\/yoast.com\/product\/yoast-seo-wordpress\/ -->\n<title>\u00a1Muchas gracias BIME Pro Bilbao 2025! - WC Loc<\/title>\n<meta name=\"description\" content=\"Tres d\u00edas de trabajo para representar a nuestra marca en una de las ferias con m\u00e1s notoriedad de la producci\u00f3n musical.\" \/>\n<meta name=\"robots\" content=\"index, follow, max-snippet:-1, max-image-preview:large, max-video-preview:-1\" \/>\n<link rel=\"canonical\" href=\"https:\/\/www.wcloc.com\/es\/otro-ano-mas-en-bime\" \/>\n<meta property=\"og:locale\" content=\"es_ES\" \/>\n<meta property=\"og:type\" content=\"article\" \/>\n<meta property=\"og:title\" content=\"\u00a1Muchas gracias BIME Pro Bilbao 2025! - WC Loc\" \/>\n<meta property=\"og:description\" content=\"Tres d\u00edas de trabajo para representar a nuestra marca en una de las ferias con m\u00e1s notoriedad de la producci\u00f3n musical.\" \/>\n<meta property=\"og:url\" content=\"https:\/\/www.wcloc.com\/es\/otro-ano-mas-en-bime\" \/>\n<meta property=\"og:site_name\" content=\"WC Loc\" \/>\n<meta property=\"article:published_time\" content=\"2025-11-03T09:54:39+00:00\" \/>\n<meta property=\"article:modified_time\" content=\"2025-11-03T11:01:34+00:00\" \/>\n<meta property=\"og:image\" content=\"https:\/\/www.wcloc.com\/wp-content\/uploads\/2025\/11\/4e14c328-e536-4357-8df8-9b30b3c0387d.jpg\" \/>\n\t<meta property=\"og:image:width\" content=\"1536\" \/>\n\t<meta property=\"og:image:height\" content=\"2048\" \/>\n\t<meta property=\"og:image:type\" content=\"image\/jpeg\" \/>\n<meta name=\"author\" content=\"Alba Lara\" \/>\n<meta name=\"twitter:card\" content=\"summary_large_image\" \/>\n<meta name=\"twitter:label1\" content=\"Escrito por\" \/>\n\t<meta name=\"twitter:data1\" content=\"Alba Lara\" \/>\n\t<meta name=\"twitter:label2\" content=\"Tiempo de lectura\" \/>\n\t<meta name=\"twitter:data2\" content=\"1 minuto\" \/>\n<script type=\"application\/ld+json\" class=\"yoast-schema-graph\">{\"@context\":\"https:\\\/\\\/schema.org\",\"@graph\":[{\"@type\":\"NewsArticle\",\"@id\":\"https:\\\/\\\/www.wcloc.com\\\/es\\\/otro-ano-mas-en-bime#article\",\"isPartOf\":{\"@id\":\"https:\\\/\\\/www.wcloc.com\\\/es\\\/otro-ano-mas-en-bime\"},\"author\":{\"name\":\"Alba Lara\",\"@id\":\"https:\\\/\\\/www.wcloc.com\\\/es#\\\/schema\\\/person\\\/48e865c52aeea8fa74328f525545292a\"},\"headline\":\"\u00a1Muchas gracias BIME Pro Bilbao 2025!\",\"datePublished\":\"2025-11-03T09:54:39+00:00\",\"dateModified\":\"2025-11-03T11:01:34+00:00\",\"mainEntityOfPage\":{\"@id\":\"https:\\\/\\\/www.wcloc.com\\\/es\\\/otro-ano-mas-en-bime\"},\"wordCount\":237,\"commentCount\":0,\"publisher\":{\"@id\":\"https:\\\/\\\/www.wcloc.com\\\/es#organization\"},\"image\":{\"@id\":\"https:\\\/\\\/www.wcloc.com\\\/es\\\/otro-ano-mas-en-bime#primaryimage\"},\"thumbnailUrl\":\"https:\\\/\\\/www.wcloc.com\\\/wp-content\\\/uploads\\\/2025\\\/11\\\/4e14c328-e536-4357-8df8-9b30b3c0387d.jpg\",\"articleSection\":[\"Compromiso\",\"Festivales\",\"Productos\\\/Novedades\"],\"inLanguage\":\"es\",\"potentialAction\":[{\"@type\":\"CommentAction\",\"name\":\"Comment\",\"target\":[\"https:\\\/\\\/www.wcloc.com\\\/es\\\/otro-ano-mas-en-bime#respond\"]}]},{\"@type\":\"WebPage\",\"@id\":\"https:\\\/\\\/www.wcloc.com\\\/es\\\/otro-ano-mas-en-bime\",\"url\":\"https:\\\/\\\/www.wcloc.com\\\/es\\\/otro-ano-mas-en-bime\",\"name\":\"\u00a1Muchas gracias BIME Pro Bilbao 2025! - WC Loc\",\"isPartOf\":{\"@id\":\"https:\\\/\\\/www.wcloc.com\\\/es#website\"},\"primaryImageOfPage\":{\"@id\":\"https:\\\/\\\/www.wcloc.com\\\/es\\\/otro-ano-mas-en-bime#primaryimage\"},\"image\":{\"@id\":\"https:\\\/\\\/www.wcloc.com\\\/es\\\/otro-ano-mas-en-bime#primaryimage\"},\"thumbnailUrl\":\"https:\\\/\\\/www.wcloc.com\\\/wp-content\\\/uploads\\\/2025\\\/11\\\/4e14c328-e536-4357-8df8-9b30b3c0387d.jpg\",\"datePublished\":\"2025-11-03T09:54:39+00:00\",\"dateModified\":\"2025-11-03T11:01:34+00:00\",\"description\":\"Tres d\u00edas de trabajo para representar a nuestra marca en una de las ferias con m\u00e1s notoriedad de la producci\u00f3n musical.\",\"breadcrumb\":{\"@id\":\"https:\\\/\\\/www.wcloc.com\\\/es\\\/otro-ano-mas-en-bime#breadcrumb\"},\"inLanguage\":\"es\",\"potentialAction\":[{\"@type\":\"ReadAction\",\"target\":[\"https:\\\/\\\/www.wcloc.com\\\/es\\\/otro-ano-mas-en-bime\"]}]},{\"@type\":\"ImageObject\",\"inLanguage\":\"es\",\"@id\":\"https:\\\/\\\/www.wcloc.com\\\/es\\\/otro-ano-mas-en-bime#primaryimage\",\"url\":\"https:\\\/\\\/www.wcloc.com\\\/wp-content\\\/uploads\\\/2025\\\/11\\\/4e14c328-e536-4357-8df8-9b30b3c0387d.jpg\",\"contentUrl\":\"https:\\\/\\\/www.wcloc.com\\\/wp-content\\\/uploads\\\/2025\\\/11\\\/4e14c328-e536-4357-8df8-9b30b3c0387d.jpg\",\"width\":1536,\"height\":2048},{\"@type\":\"BreadcrumbList\",\"@id\":\"https:\\\/\\\/www.wcloc.com\\\/es\\\/otro-ano-mas-en-bime#breadcrumb\",\"itemListElement\":[{\"@type\":\"ListItem\",\"position\":1,\"name\":\"Festivales\",\"item\":\"https:\\\/\\\/www.wcloc.com\\\/es\\\/category\\\/festivales\"},{\"@type\":\"ListItem\",\"position\":2,\"name\":\"\u00a1Muchas gracias BIME Pro Bilbao 2025!\"}]},{\"@type\":\"WebSite\",\"@id\":\"https:\\\/\\\/www.wcloc.com\\\/es#website\",\"url\":\"https:\\\/\\\/www.wcloc.com\\\/es\",\"name\":\"WC Loc\",\"description\":\"Un site utilisant Les sites de platform.enygea.fr\",\"publisher\":{\"@id\":\"https:\\\/\\\/www.wcloc.com\\\/es#organization\"},\"potentialAction\":[{\"@type\":\"SearchAction\",\"target\":{\"@type\":\"EntryPoint\",\"urlTemplate\":\"https:\\\/\\\/www.wcloc.com\\\/es?s={search_term_string}\"},\"query-input\":{\"@type\":\"PropertyValueSpecification\",\"valueRequired\":true,\"valueName\":\"search_term_string\"}}],\"inLanguage\":\"es\"},{\"@type\":\"Organization\",\"@id\":\"https:\\\/\\\/www.wcloc.com\\\/es#organization\",\"name\":\"WC Loc\",\"url\":\"https:\\\/\\\/www.wcloc.com\\\/es\",\"logo\":{\"@type\":\"ImageObject\",\"inLanguage\":\"es\",\"@id\":\"https:\\\/\\\/www.wcloc.com\\\/es#\\\/schema\\\/logo\\\/image\\\/\",\"url\":\"https:\\\/\\\/www.wcloc.com\\\/wp-content\\\/uploads\\\/2023\\\/04\\\/logo.png\",\"contentUrl\":\"https:\\\/\\\/www.wcloc.com\\\/wp-content\\\/uploads\\\/2023\\\/04\\\/logo.png\",\"width\":291,\"height\":71,\"caption\":\"WC Loc\"},\"image\":{\"@id\":\"https:\\\/\\\/www.wcloc.com\\\/es#\\\/schema\\\/logo\\\/image\\\/\"}},{\"@type\":\"Person\",\"@id\":\"https:\\\/\\\/www.wcloc.com\\\/es#\\\/schema\\\/person\\\/48e865c52aeea8fa74328f525545292a\",\"name\":\"Alba Lara\",\"image\":{\"@type\":\"ImageObject\",\"inLanguage\":\"es\",\"@id\":\"https:\\\/\\\/secure.gravatar.com\\\/avatar\\\/1fa63d6e2ac7ee4726d560c10bd6aaa3a56b19960107df8373ef257bfe5791db?s=96&d=mm&r=g\",\"url\":\"https:\\\/\\\/secure.gravatar.com\\\/avatar\\\/1fa63d6e2ac7ee4726d560c10bd6aaa3a56b19960107df8373ef257bfe5791db?s=96&d=mm&r=g\",\"contentUrl\":\"https:\\\/\\\/secure.gravatar.com\\\/avatar\\\/1fa63d6e2ac7ee4726d560c10bd6aaa3a56b19960107df8373ef257bfe5791db?s=96&d=mm&r=g\",\"caption\":\"Alba Lara\"}}]}<\/script>\n<!-- \/ Yoast SEO plugin. -->","yoast_head_json":{"title":"\u00a1Muchas gracias BIME Pro Bilbao 2025! - WC Loc","description":"Tres d\u00edas de trabajo para representar a nuestra marca en una de las ferias con m\u00e1s notoriedad de la producci\u00f3n musical.","robots":{"index":"index","follow":"follow","max-snippet":"max-snippet:-1","max-image-preview":"max-image-preview:large","max-video-preview":"max-video-preview:-1"},"canonical":"https:\/\/www.wcloc.com\/es\/otro-ano-mas-en-bime","og_locale":"es_ES","og_type":"article","og_title":"\u00a1Muchas gracias BIME Pro Bilbao 2025! - WC Loc","og_description":"Tres d\u00edas de trabajo para representar a nuestra marca en una de las ferias con m\u00e1s notoriedad de la producci\u00f3n musical.","og_url":"https:\/\/www.wcloc.com\/es\/otro-ano-mas-en-bime","og_site_name":"WC Loc","article_published_time":"2025-11-03T09:54:39+00:00","article_modified_time":"2025-11-03T11:01:34+00:00","og_image":[{"width":1536,"height":2048,"url":"https:\/\/www.wcloc.com\/wp-content\/uploads\/2025\/11\/4e14c328-e536-4357-8df8-9b30b3c0387d.jpg","type":"image\/jpeg"}],"author":"Alba Lara","twitter_card":"summary_large_image","twitter_misc":{"Escrito por":"Alba Lara","Tiempo de lectura":"1 minuto"},"schema":{"@context":"https:\/\/schema.org","@graph":[{"@type":"NewsArticle","@id":"https:\/\/www.wcloc.com\/es\/otro-ano-mas-en-bime#article","isPartOf":{"@id":"https:\/\/www.wcloc.com\/es\/otro-ano-mas-en-bime"},"author":{"name":"Alba Lara","@id":"https:\/\/www.wcloc.com\/es#\/schema\/person\/48e865c52aeea8fa74328f525545292a"},"headline":"\u00a1Muchas gracias BIME Pro Bilbao 2025!","datePublished":"2025-11-03T09:54:39+00:00","dateModified":"2025-11-03T11:01:34+00:00","mainEntityOfPage":{"@id":"https:\/\/www.wcloc.com\/es\/otro-ano-mas-en-bime"},"wordCount":237,"commentCount":0,"publisher":{"@id":"https:\/\/www.wcloc.com\/es#organization"},"image":{"@id":"https:\/\/www.wcloc.com\/es\/otro-ano-mas-en-bime#primaryimage"},"thumbnailUrl":"https:\/\/www.wcloc.com\/wp-content\/uploads\/2025\/11\/4e14c328-e536-4357-8df8-9b30b3c0387d.jpg","articleSection":["Compromiso","Festivales","Productos\/Novedades"],"inLanguage":"es","potentialAction":[{"@type":"CommentAction","name":"Comment","target":["https:\/\/www.wcloc.com\/es\/otro-ano-mas-en-bime#respond"]}]},{"@type":"WebPage","@id":"https:\/\/www.wcloc.com\/es\/otro-ano-mas-en-bime","url":"https:\/\/www.wcloc.com\/es\/otro-ano-mas-en-bime","name":"\u00a1Muchas gracias BIME Pro Bilbao 2025! - WC Loc","isPartOf":{"@id":"https:\/\/www.wcloc.com\/es#website"},"primaryImageOfPage":{"@id":"https:\/\/www.wcloc.com\/es\/otro-ano-mas-en-bime#primaryimage"},"image":{"@id":"https:\/\/www.wcloc.com\/es\/otro-ano-mas-en-bime#primaryimage"},"thumbnailUrl":"https:\/\/www.wcloc.com\/wp-content\/uploads\/2025\/11\/4e14c328-e536-4357-8df8-9b30b3c0387d.jpg","datePublished":"2025-11-03T09:54:39+00:00","dateModified":"2025-11-03T11:01:34+00:00","description":"Tres d\u00edas de trabajo para representar a nuestra marca en una de las ferias con m\u00e1s notoriedad de la producci\u00f3n musical.","breadcrumb":{"@id":"https:\/\/www.wcloc.com\/es\/otro-ano-mas-en-bime#breadcrumb"},"inLanguage":"es","potentialAction":[{"@type":"ReadAction","target":["https:\/\/www.wcloc.com\/es\/otro-ano-mas-en-bime"]}]},{"@type":"ImageObject","inLanguage":"es","@id":"https:\/\/www.wcloc.com\/es\/otro-ano-mas-en-bime#primaryimage","url":"https:\/\/www.wcloc.com\/wp-content\/uploads\/2025\/11\/4e14c328-e536-4357-8df8-9b30b3c0387d.jpg","contentUrl":"https:\/\/www.wcloc.com\/wp-content\/uploads\/2025\/11\/4e14c328-e536-4357-8df8-9b30b3c0387d.jpg","width":1536,"height":2048},{"@type":"BreadcrumbList","@id":"https:\/\/www.wcloc.com\/es\/otro-ano-mas-en-bime#breadcrumb","itemListElement":[{"@type":"ListItem","position":1,"name":"Festivales","item":"https:\/\/www.wcloc.com\/es\/category\/festivales"},{"@type":"ListItem","position":2,"name":"\u00a1Muchas gracias BIME Pro Bilbao 2025!"}]},{"@type":"WebSite","@id":"https:\/\/www.wcloc.com\/es#website","url":"https:\/\/www.wcloc.com\/es","name":"WC Loc","description":"Un site utilisant Les sites de platform.enygea.fr","publisher":{"@id":"https:\/\/www.wcloc.com\/es#organization"},"potentialAction":[{"@type":"SearchAction","target":{"@type":"EntryPoint","urlTemplate":"https:\/\/www.wcloc.com\/es?s={search_term_string}"},"query-input":{"@type":"PropertyValueSpecification","valueRequired":true,"valueName":"search_term_string"}}],"inLanguage":"es"},{"@type":"Organization","@id":"https:\/\/www.wcloc.com\/es#organization","name":"WC Loc","url":"https:\/\/www.wcloc.com\/es","logo":{"@type":"ImageObject","inLanguage":"es","@id":"https:\/\/www.wcloc.com\/es#\/schema\/logo\/image\/","url":"https:\/\/www.wcloc.com\/wp-content\/uploads\/2023\/04\/logo.png","contentUrl":"https:\/\/www.wcloc.com\/wp-content\/uploads\/2023\/04\/logo.png","width":291,"height":71,"caption":"WC Loc"},"image":{"@id":"https:\/\/www.wcloc.com\/es#\/schema\/logo\/image\/"}},{"@type":"Person","@id":"https:\/\/www.wcloc.com\/es#\/schema\/person\/48e865c52aeea8fa74328f525545292a","name":"Alba Lara","image":{"@type":"ImageObject","inLanguage":"es","@id":"https:\/\/secure.gravatar.com\/avatar\/1fa63d6e2ac7ee4726d560c10bd6aaa3a56b19960107df8373ef257bfe5791db?s=96&d=mm&r=g","url":"https:\/\/secure.gravatar.com\/avatar\/1fa63d6e2ac7ee4726d560c10bd6aaa3a56b19960107df8373ef257bfe5791db?s=96&d=mm&r=g","contentUrl":"https:\/\/secure.gravatar.com\/avatar\/1fa63d6e2ac7ee4726d560c10bd6aaa3a56b19960107df8373ef257bfe5791db?s=96&d=mm&r=g","caption":"Alba Lara"}}]}},"_links":{"self":[{"href":"https:\/\/www.wcloc.com\/es\/wp-json\/wp\/v2\/posts\/138728","targetHints":{"allow":["GET"]}}],"collection":[{"href":"https:\/\/www.wcloc.com\/es\/wp-json\/wp\/v2\/posts"}],"about":[{"href":"https:\/\/www.wcloc.com\/es\/wp-json\/wp\/v2\/types\/post"}],"author":[{"embeddable":true,"href":"https:\/\/www.wcloc.com\/es\/wp-json\/wp\/v2\/users\/62"}],"replies":[{"embeddable":true,"href":"https:\/\/www.wcloc.com\/es\/wp-json\/wp\/v2\/comments?post=138728"}],"version-history":[{"count":3,"href":"https:\/\/www.wcloc.com\/es\/wp-json\/wp\/v2\/posts\/138728\/revisions"}],"predecessor-version":[{"id":138795,"href":"https:\/\/www.wcloc.com\/es\/wp-json\/wp\/v2\/posts\/138728\/revisions\/138795"}],"wp:featuredmedia":[{"embeddable":true,"href":"https:\/\/www.wcloc.com\/es\/wp-json\/wp\/v2\/media\/138779"}],"wp:attachment":[{"href":"https:\/\/www.wcloc.com\/es\/wp-json\/wp\/v2\/media?parent=138728"}],"wp:term":[{"taxonomy":"category","embeddable":true,"href":"https:\/\/www.wcloc.com\/es\/wp-json\/wp\/v2\/categories?post=138728"},{"taxonomy":"post_tag","embeddable":true,"href":"https:\/\/www.wcloc.com\/es\/wp-json\/wp\/v2\/tags?post=138728"}],"curies":[{"name":"wp","href":"https:\/\/api.w.org\/{rel}","templated":true}]}}