{"id":136656,"date":"2025-09-23T08:18:03","date_gmt":"2025-09-23T06:18:03","guid":{"rendered":"https:\/\/www.wcloc.com\/?p=136656"},"modified":"2025-09-23T08:46:44","modified_gmt":"2025-09-23T06:46:44","slug":"wc-loc-en-expoconstruye-stand-d01","status":"publish","type":"post","link":"https:\/\/www.wcloc.com\/es\/wc-loc-en-expoconstruye-stand-d01","title":{"rendered":"WC Loc en EXPOCONSTRUYE- Stand D01"},"content":{"rendered":"<p><span dir=\"auto\" style=\"vertical-align: inherit\"><span dir=\"auto\" style=\"vertical-align: inherit\"><span dir=\"auto\" style=\"vertical-align: inherit\"><span dir=\"auto\" style=\"vertical-align: inherit\"><span dir=\"auto\" style=\"vertical-align: inherit\"><span dir=\"auto\" style=\"vertical-align: inherit\"><span dir=\"auto\" style=\"vertical-align: inherit\"><span dir=\"auto\" style=\"vertical-align: inherit\"><span dir=\"auto\" style=\"vertical-align: inherit\"><span dir=\"auto\" style=\"vertical-align: inherit\"><span dir=\"auto\" style=\"vertical-align: inherit\"><span dir=\"auto\" style=\"vertical-align: inherit\"><span dir=\"auto\" style=\"vertical-align: inherit\"><span dir=\"auto\" style=\"vertical-align: inherit\">Los d\u00edas <\/span><\/span><\/span><\/span><\/span><\/span><em><span dir=\"auto\" style=\"vertical-align: inherit\"><span dir=\"auto\" style=\"vertical-align: inherit\"><span dir=\"auto\" style=\"vertical-align: inherit\"><span dir=\"auto\" style=\"vertical-align: inherit\"><span dir=\"auto\" style=\"vertical-align: inherit\"><span dir=\"auto\" style=\"vertical-align: inherit\">15 y 16 de Octubre<\/span><\/span><\/span><\/span><\/span><\/span><\/em><span dir=\"auto\" style=\"vertical-align: inherit\"><span dir=\"auto\" style=\"vertical-align: inherit\"><span dir=\"auto\" style=\"vertical-align: inherit\"><span dir=\"auto\" style=\"vertical-align: inherit\"><span dir=\"auto\" style=\"vertical-align: inherit\"><span dir=\"auto\" style=\"vertical-align: inherit\"> se celebra la <\/span><\/span><\/span><\/span><\/span><\/span><strong><span dir=\"auto\" style=\"vertical-align: inherit\"><span dir=\"auto\" style=\"vertical-align: inherit\"><span dir=\"auto\" style=\"vertical-align: inherit\"><span dir=\"auto\" style=\"vertical-align: inherit\"><span dir=\"auto\" style=\"vertical-align: inherit\"><span dir=\"auto\" style=\"vertical-align: inherit\">V edici\u00f3n de la FERIA DE LA CONSTRUCCI\u00d3N EXPOCONSTRUYE<\/span><\/span><\/span><\/span><\/span><\/span><\/strong><span dir=\"auto\" style=\"vertical-align: inherit\"><span dir=\"auto\" style=\"vertical-align: inherit\"><span dir=\"auto\" style=\"vertical-align: inherit\"><span dir=\"auto\" style=\"vertical-align: inherit\"><span dir=\"auto\" style=\"vertical-align: inherit\"><span dir=\"auto\" style=\"vertical-align: inherit\"> , en IFECA, Instituto de Ferias de C\u00e1diz.<\/span><\/span><\/span><\/span><\/span><\/span><\/span><\/span><\/span><\/span><\/span><\/span><\/span><\/span><\/p>\n<p><span dir=\"auto\" style=\"vertical-align: inherit\"><span dir=\"auto\" style=\"vertical-align: inherit\"><span dir=\"auto\" style=\"vertical-align: inherit\"><span dir=\"auto\" style=\"vertical-align: inherit\"><span dir=\"auto\" style=\"vertical-align: inherit\"><span dir=\"auto\" style=\"vertical-align: inherit\"><span dir=\"auto\" style=\"vertical-align: inherit\"><span dir=\"auto\" style=\"vertical-align: inherit\"><span dir=\"auto\" style=\"vertical-align: inherit\"><span dir=\"auto\" style=\"vertical-align: inherit\"><span dir=\"auto\" style=\"vertical-align: inherit\"><span dir=\"auto\" style=\"vertical-align: inherit\"><span dir=\"auto\" style=\"vertical-align: inherit\"><span dir=\"auto\" style=\"vertical-align: inherit\">Una nueva edici\u00f3n con nuevas im\u00e1genes y nuevas descripciones en t\u00e9rminos de sostenibilidad, innovaci\u00f3n, tecnolog\u00eda e industrializaci\u00f3n. Para reunirse en 2024 <\/span><\/span><\/span><\/span><\/span><\/span><strong><span dir=\"auto\" style=\"vertical-align: inherit\"><span dir=\"auto\" style=\"vertical-align: inherit\"><span dir=\"auto\" style=\"vertical-align: inherit\"><span dir=\"auto\" style=\"vertical-align: inherit\"><span dir=\"auto\" style=\"vertical-align: inherit\"><span dir=\"auto\" style=\"vertical-align: inherit\">con m\u00e1s de 5.000 asistentes<\/span><\/span><\/span><\/span><\/span><\/span><\/strong><span dir=\"auto\" style=\"vertical-align: inherit\"><span dir=\"auto\" style=\"vertical-align: inherit\"><span dir=\"auto\" style=\"vertical-align: inherit\"><span dir=\"auto\" style=\"vertical-align: inherit\"><span dir=\"auto\" style=\"vertical-align: inherit\"><span dir=\"auto\" style=\"vertical-align: inherit\"> , con una marca reconocida y un historial de actividad mediocre, Expoconstructe lanzar\u00e1 un programa revisado que aspira a superar sus r\u00e9cords. La feria incluir\u00e1 <\/span><\/span><\/span><\/span><\/span><\/span><strong><span dir=\"auto\" style=\"vertical-align: inherit\"><span dir=\"auto\" style=\"vertical-align: inherit\"><span dir=\"auto\" style=\"vertical-align: inherit\"><span dir=\"auto\" style=\"vertical-align: inherit\"><span dir=\"auto\" style=\"vertical-align: inherit\"><span dir=\"auto\" style=\"vertical-align: inherit\">innovaciones, eventos, demostraciones t\u00e9cnicas y un espacio de networking<\/span><\/span><\/span><\/span><\/span><\/span><\/strong><span dir=\"auto\" style=\"vertical-align: inherit\"><span dir=\"auto\" style=\"vertical-align: inherit\"><span dir=\"auto\" style=\"vertical-align: inherit\"><span dir=\"auto\" style=\"vertical-align: inherit\"><span dir=\"auto\" style=\"vertical-align: inherit\"><span dir=\"auto\" style=\"vertical-align: inherit\"> que convertir\u00e1 a Jerez en el epicentro de la construcci\u00f3n andaluza.<\/span><\/span><\/span><\/span><\/span><\/span><\/span><\/span><\/span><\/span><\/span><\/span><\/span><\/span><\/p>\n<p><a style=\"padding: 10px 20px 10px 20px;background-color: #008b92;color: white;text-decoration: none;font-weight: bold;border-radius: 30px;text-align: center\" href=\"https:\/\/expoconstruye.es\/consigue-tu-entrada-expoconstruye-2025\/\" target=\"_blank\" rel=\"noopener\"><span dir=\"auto\" style=\"vertical-align: inherit\"><span dir=\"auto\" style=\"vertical-align: inherit\"><span dir=\"auto\" style=\"vertical-align: inherit\"><span dir=\"auto\" style=\"vertical-align: inherit\"><span dir=\"auto\" style=\"vertical-align: inherit\"><span dir=\"auto\" style=\"vertical-align: inherit\"><span dir=\"auto\" style=\"vertical-align: inherit\"><span dir=\"auto\" style=\"vertical-align: inherit\"><span dir=\"auto\" style=\"vertical-align: inherit\"><span dir=\"auto\" style=\"vertical-align: inherit\"><span dir=\"auto\" style=\"vertical-align: inherit\"><span dir=\"auto\" style=\"vertical-align: inherit\"><span dir=\"auto\" style=\"vertical-align: inherit\"><span dir=\"auto\" style=\"vertical-align: inherit\"><span dir=\"auto\" style=\"vertical-align: inherit\">CONSIGUE TU ENTRADA AQU\u00cd<\/span><\/span><\/span><\/span><\/span><\/span><\/span><\/span><\/span><\/span><\/span><\/span><\/span><\/span><\/span><\/a><\/p>\n<p><span dir=\"auto\" style=\"vertical-align: inherit\"><span dir=\"auto\" style=\"vertical-align: inherit\"><span dir=\"auto\" style=\"vertical-align: inherit\"><span dir=\"auto\" style=\"vertical-align: inherit\"><span dir=\"auto\" style=\"vertical-align: inherit\"><span dir=\"auto\" style=\"vertical-align: inherit\">En WC Loc, estamos muy orgullosos de unirnos a este gran evento del sector de la construcci\u00f3n e industria. Conscientes de que nuestro servicio vital garantiza la seguridad y el bienestar con equipos de higiene:<\/span><\/span><\/span><\/span><\/span><\/span><span dir=\"auto\" style=\"vertical-align: inherit\"><span dir=\"auto\" style=\"vertical-align: inherit\"> cabinas de ba\u00f1o, duchas, lavadoras y nuevos equipos que mejoran el d\u00eda a d\u00eda, as\u00ed como su gama completa de m\u00f3dulos y remolques.<\/span><\/span><\/p>\n<p><a href=\"https:\/\/www.wcloc.com\/es\/c\/alquiler-wc-portatiles-para-construccion\"><span dir=\"auto\" style=\"vertical-align: inherit\"><span dir=\"auto\" style=\"vertical-align: inherit\"><span dir=\"auto\" style=\"vertical-align: inherit\"><span dir=\"auto\" style=\"vertical-align: inherit\"><span dir=\"auto\" style=\"vertical-align: inherit\"><span dir=\"auto\" style=\"vertical-align: inherit\"><span dir=\"auto\" style=\"vertical-align: inherit\"><span dir=\"auto\" style=\"vertical-align: inherit\"><span dir=\"auto\" style=\"vertical-align: inherit\"><span dir=\"auto\" style=\"vertical-align: inherit\"><span dir=\"auto\" style=\"vertical-align: inherit\"><span dir=\"auto\" style=\"vertical-align: inherit\"><span dir=\"auto\" style=\"vertical-align: inherit\"><span dir=\"auto\" style=\"vertical-align: inherit\"><span dir=\"auto\" style=\"vertical-align: inherit\"><span dir=\"auto\" style=\"vertical-align: inherit\">Conoce toda nuestra gama<\/span><\/span><\/span><\/span><\/span><\/span><\/span><\/span><\/span><\/span><\/span><\/span><\/span><\/span><\/span><\/span><\/a><\/p>\n<p><span dir=\"auto\" style=\"vertical-align: inherit\"><span dir=\"auto\" style=\"vertical-align: inherit\"><span dir=\"auto\" style=\"vertical-align: inherit\"><span dir=\"auto\" style=\"vertical-align: inherit\"><span dir=\"auto\" style=\"vertical-align: inherit\"><span dir=\"auto\" style=\"vertical-align: inherit\"><span dir=\"auto\" style=\"vertical-align: inherit\"><span dir=\"auto\" style=\"vertical-align: inherit\"><span dir=\"auto\" style=\"vertical-align: inherit\"><span dir=\"auto\" style=\"vertical-align: inherit\"><span dir=\"auto\" style=\"vertical-align: inherit\"><span dir=\"auto\" style=\"vertical-align: inherit\"><span dir=\"auto\" style=\"vertical-align: inherit\"><span dir=\"auto\" style=\"vertical-align: inherit\">Adem\u00e1s, puedes ver nuestro nuevo cat\u00e1logo en la siguiente imagen:<\/span><\/span><\/span><\/span><\/span><\/span><\/span><\/span><\/span><\/span><\/span><\/span><\/span><\/span><\/p>\n<p><a href=\"https:\/\/www.wcloc.com\/plaquette\/wcloc\/catalogoconstruccionwcloc\/\"><img decoding=\"async\" width=\"300\" height=\"212\" class=\"alignnone size-medium wp-image-136657\" src=\"https:\/\/www.wcloc.com\/wp-content\/uploads\/2025\/09\/CONSTRUCCION-2025-300x212.png\" alt=\"\" srcset=\"https:\/\/www.wcloc.com\/wp-content\/uploads\/2025\/09\/CONSTRUCCION-2025-300x212.png 300w, https:\/\/www.wcloc.com\/wp-content\/uploads\/2025\/09\/CONSTRUCCION-2025-1024x724.png 1024w, https:\/\/www.wcloc.com\/wp-content\/uploads\/2025\/09\/CONSTRUCCION-2025-768x543.png 768w, https:\/\/www.wcloc.com\/wp-content\/uploads\/2025\/09\/CONSTRUCCION-2025-1536x1086.png 1536w, https:\/\/www.wcloc.com\/wp-content\/uploads\/2025\/09\/CONSTRUCCION-2025.png 2000w\" sizes=\"(max-width: 300px) 100vw, 300px\" \/><\/a><\/p>\n<h2><strong><span dir=\"auto\" style=\"vertical-align: inherit\"><span dir=\"auto\" style=\"vertical-align: inherit\"><span dir=\"auto\" style=\"vertical-align: inherit\"><span dir=\"auto\" style=\"vertical-align: inherit\"><span dir=\"auto\" style=\"vertical-align: inherit\"><span dir=\"auto\" style=\"vertical-align: inherit\"><span dir=\"auto\" style=\"vertical-align: inherit\"><span dir=\"auto\" style=\"vertical-align: inherit\"><span dir=\"auto\" style=\"vertical-align: inherit\"><span dir=\"auto\" style=\"vertical-align: inherit\"><span dir=\"auto\" style=\"vertical-align: inherit\"><span dir=\"auto\" style=\"vertical-align: inherit\"><span dir=\"auto\" style=\"vertical-align: inherit\"><span dir=\"auto\" style=\"vertical-align: inherit\"><span dir=\"auto\" style=\"vertical-align: inherit\"><span dir=\"auto\" style=\"vertical-align: inherit\">Agenda de actividades en Expoconstruye:<\/span><\/span><\/span><\/span><\/span><\/span><\/span><\/span><\/span><\/span><\/span><\/span><\/span><\/span><\/span><\/span><\/strong><\/h2>\n<p><span dir=\"auto\" style=\"vertical-align: inherit\"><span dir=\"auto\" style=\"vertical-align: inherit\">Celebraci\u00f3n del <\/span><\/span><a href=\"https:\/\/faeccadiz.com\/ultimos-dias-para-presentar-candidaturas-a-los-ii-premios-expoconstruye\/\"><strong><span dir=\"auto\" style=\"vertical-align: inherit\"><span dir=\"auto\" style=\"vertical-align: inherit\">II Premio Expoconstruy<\/span><\/span><\/strong><\/a>e<span dir=\"auto\" style=\"vertical-align: inherit\"><span dir=\"auto\" style=\"vertical-align: inherit\"> , que reconocer\u00e1 buenas pr\u00e1cticas en seguridad, modernizaci\u00f3n, empleo, sostenibilidad y trayectoria profesional.<\/span><\/span><\/p>\n<p><span dir=\"auto\" style=\"vertical-align: inherit\"><span dir=\"auto\" style=\"vertical-align: inherit\">La puerta de entrada al XPO Arena Holcim, un nuevo espacio para albergar alto impacto en innovaci\u00f3n y construcci\u00f3n sostenible, y la 9\u00aa edici\u00f3n del Congreso Construcci\u00f3n y Nuevas Tecnolog\u00edas (ConstruyeTIC), que re\u00fane a expertos en industrializaci\u00f3n, digitalizaci\u00f3n y nuevos materiales.<\/span><\/span><\/p>\n<p><a style=\"padding: 10px 20px 10px 20px;background-color: #008b92;color: white;text-decoration: none;font-weight: bold;border-radius: 30px;text-align: center\" href=\"https:\/\/expoconstruye.es\/\" target=\"_blank\" rel=\"noopener\"><span dir=\"auto\" style=\"vertical-align: inherit\"><span dir=\"auto\" style=\"vertical-align: inherit\"><span dir=\"auto\" style=\"vertical-align: inherit\"><span dir=\"auto\" style=\"vertical-align: inherit\"><span dir=\"auto\" style=\"vertical-align: inherit\"><span dir=\"auto\" style=\"vertical-align: inherit\"><span dir=\"auto\" style=\"vertical-align: inherit\"><span dir=\"auto\" style=\"vertical-align: inherit\"><span dir=\"auto\" style=\"vertical-align: inherit\"><span dir=\"auto\" style=\"vertical-align: inherit\"><span dir=\"auto\" style=\"vertical-align: inherit\"><span dir=\"auto\" style=\"vertical-align: inherit\"><span dir=\"auto\" style=\"vertical-align: inherit\"><span dir=\"auto\" style=\"vertical-align: inherit\"><span dir=\"auto\" style=\"vertical-align: inherit\">TODA LA INFORMACI\u00d3N<\/span><\/span><\/span><\/span><\/span><\/span><\/span><\/span><\/span><\/span><\/span><\/span><\/span><\/span><\/span><\/a><\/p>\n<p><img decoding=\"async\" width=\"300\" height=\"199\" class=\"alignnone size-medium wp-image-136667\" src=\"https:\/\/www.wcloc.com\/wp-content\/uploads\/2025\/09\/PHOTO-2025-06-24-07-55-01-300x199.jpg\" alt=\"\" srcset=\"https:\/\/www.wcloc.com\/wp-content\/uploads\/2025\/09\/PHOTO-2025-06-24-07-55-01-300x199.jpg 300w, https:\/\/www.wcloc.com\/wp-content\/uploads\/2025\/09\/PHOTO-2025-06-24-07-55-01-1024x679.jpg 1024w, https:\/\/www.wcloc.com\/wp-content\/uploads\/2025\/09\/PHOTO-2025-06-24-07-55-01-768x509.jpg 768w, https:\/\/www.wcloc.com\/wp-content\/uploads\/2025\/09\/PHOTO-2025-06-24-07-55-01-580x384.jpg 580w, https:\/\/www.wcloc.com\/wp-content\/uploads\/2025\/09\/PHOTO-2025-06-24-07-55-01.jpg 1204w\" sizes=\"(max-width: 300px) 100vw, 300px\" \/><\/p>\n","protected":false},"excerpt":{"rendered":"Los d\u00edas 15 y 16 de Octubre se celebra la V edici\u00f3n de la FERIA DE LA CONSTRUCCI\u00d3N EXPOCONSTRUYE , en IFECA, Instituto de Ferias de C\u00e1diz. Una nueva edici\u00f3n con nuevas im\u00e1genes y nuevas descripciones en t\u00e9rminos de sostenibilidad, innovaci\u00f3n, tecnolog\u00eda e industrializaci\u00f3n. Para reunirse en 2024 con m\u00e1s de 5.000 asistentes , con [&hellip;]","protected":false},"author":62,"featured_media":136677,"comment_status":"open","ping_status":"open","sticky":false,"template":"","format":"standard","meta":{"_acf_changed":false,"footnotes":""},"categories":[862,882],"tags":[],"class_list":["post-136656","post","type-post","status-publish","format-standard","has-post-thumbnail","hentry","category-obra-industria","category-productos-novedades"],"acf":[],"yoast_head":"<!-- This site is optimized with the Yoast SEO plugin v27.4 - https:\/\/yoast.com\/product\/yoast-seo-wordpress\/ -->\n<title>WC Loc en EXPOCONSTRUYE- Stand D01 - WC Loc<\/title>\n<meta name=\"description\" content=\"Este a\u00f1o estamos presentes en Expoconstruye, una feria de construcci\u00f3n reconocida a nivel nacional para ofrecer nuestras novedades.\" \/>\n<meta name=\"robots\" content=\"index, follow, max-snippet:-1, max-image-preview:large, max-video-preview:-1\" \/>\n<link rel=\"canonical\" href=\"https:\/\/www.wcloc.com\/es\/wc-loc-en-expoconstruye-stand-d01\" \/>\n<meta property=\"og:locale\" content=\"es_ES\" \/>\n<meta property=\"og:type\" content=\"article\" \/>\n<meta property=\"og:title\" content=\"WC Loc en EXPOCONSTRUYE- Stand D01 - WC Loc\" \/>\n<meta property=\"og:description\" content=\"Este a\u00f1o estamos presentes en Expoconstruye, una feria de construcci\u00f3n reconocida a nivel nacional para ofrecer nuestras novedades.\" \/>\n<meta property=\"og:url\" content=\"https:\/\/www.wcloc.com\/es\/wc-loc-en-expoconstruye-stand-d01\" \/>\n<meta property=\"og:site_name\" content=\"WC Loc\" \/>\n<meta property=\"article:published_time\" content=\"2025-09-23T06:18:03+00:00\" \/>\n<meta property=\"article:modified_time\" content=\"2025-09-23T06:46:44+00:00\" \/>\n<meta property=\"og:image\" content=\"https:\/\/www.wcloc.com\/wp-content\/uploads\/2025\/09\/Stand-D01.png\" \/>\n\t<meta property=\"og:image:width\" content=\"1080\" \/>\n\t<meta property=\"og:image:height\" content=\"1080\" \/>\n\t<meta property=\"og:image:type\" content=\"image\/png\" \/>\n<meta name=\"author\" content=\"Alba Lara\" \/>\n<meta name=\"twitter:card\" content=\"summary_large_image\" \/>\n<meta name=\"twitter:label1\" content=\"Escrito por\" \/>\n\t<meta name=\"twitter:data1\" content=\"Alba Lara\" \/>\n\t<meta name=\"twitter:label2\" content=\"Tiempo de lectura\" \/>\n\t<meta name=\"twitter:data2\" content=\"1 minuto\" \/>\n<script type=\"application\/ld+json\" class=\"yoast-schema-graph\">{\"@context\":\"https:\\\/\\\/schema.org\",\"@graph\":[{\"@type\":\"NewsArticle\",\"@id\":\"https:\\\/\\\/www.wcloc.com\\\/es\\\/wc-loc-en-expoconstruye-stand-d01#article\",\"isPartOf\":{\"@id\":\"https:\\\/\\\/www.wcloc.com\\\/es\\\/wc-loc-en-expoconstruye-stand-d01\"},\"author\":{\"name\":\"Alba Lara\",\"@id\":\"https:\\\/\\\/www.wcloc.com\\\/es#\\\/schema\\\/person\\\/48e865c52aeea8fa74328f525545292a\"},\"headline\":\"WC Loc en EXPOCONSTRUYE- Stand D01\",\"datePublished\":\"2025-09-23T06:18:03+00:00\",\"dateModified\":\"2025-09-23T06:46:44+00:00\",\"mainEntityOfPage\":{\"@id\":\"https:\\\/\\\/www.wcloc.com\\\/es\\\/wc-loc-en-expoconstruye-stand-d01\"},\"wordCount\":273,\"commentCount\":0,\"publisher\":{\"@id\":\"https:\\\/\\\/www.wcloc.com\\\/es#organization\"},\"image\":{\"@id\":\"https:\\\/\\\/www.wcloc.com\\\/es\\\/wc-loc-en-expoconstruye-stand-d01#primaryimage\"},\"thumbnailUrl\":\"https:\\\/\\\/www.wcloc.com\\\/wp-content\\\/uploads\\\/2025\\\/09\\\/Stand-D01.png\",\"articleSection\":[\"Obra\\\/Industria\",\"Productos\\\/Novedades\"],\"inLanguage\":\"es\",\"potentialAction\":[{\"@type\":\"CommentAction\",\"name\":\"Comment\",\"target\":[\"https:\\\/\\\/www.wcloc.com\\\/es\\\/wc-loc-en-expoconstruye-stand-d01#respond\"]}]},{\"@type\":\"WebPage\",\"@id\":\"https:\\\/\\\/www.wcloc.com\\\/es\\\/wc-loc-en-expoconstruye-stand-d01\",\"url\":\"https:\\\/\\\/www.wcloc.com\\\/es\\\/wc-loc-en-expoconstruye-stand-d01\",\"name\":\"WC Loc en EXPOCONSTRUYE- Stand D01 - WC Loc\",\"isPartOf\":{\"@id\":\"https:\\\/\\\/www.wcloc.com\\\/es#website\"},\"primaryImageOfPage\":{\"@id\":\"https:\\\/\\\/www.wcloc.com\\\/es\\\/wc-loc-en-expoconstruye-stand-d01#primaryimage\"},\"image\":{\"@id\":\"https:\\\/\\\/www.wcloc.com\\\/es\\\/wc-loc-en-expoconstruye-stand-d01#primaryimage\"},\"thumbnailUrl\":\"https:\\\/\\\/www.wcloc.com\\\/wp-content\\\/uploads\\\/2025\\\/09\\\/Stand-D01.png\",\"datePublished\":\"2025-09-23T06:18:03+00:00\",\"dateModified\":\"2025-09-23T06:46:44+00:00\",\"description\":\"Este a\u00f1o estamos presentes en Expoconstruye, una feria de construcci\u00f3n reconocida a nivel nacional para ofrecer nuestras novedades.\",\"breadcrumb\":{\"@id\":\"https:\\\/\\\/www.wcloc.com\\\/es\\\/wc-loc-en-expoconstruye-stand-d01#breadcrumb\"},\"inLanguage\":\"es\",\"potentialAction\":[{\"@type\":\"ReadAction\",\"target\":[\"https:\\\/\\\/www.wcloc.com\\\/es\\\/wc-loc-en-expoconstruye-stand-d01\"]}]},{\"@type\":\"ImageObject\",\"inLanguage\":\"es\",\"@id\":\"https:\\\/\\\/www.wcloc.com\\\/es\\\/wc-loc-en-expoconstruye-stand-d01#primaryimage\",\"url\":\"https:\\\/\\\/www.wcloc.com\\\/wp-content\\\/uploads\\\/2025\\\/09\\\/Stand-D01.png\",\"contentUrl\":\"https:\\\/\\\/www.wcloc.com\\\/wp-content\\\/uploads\\\/2025\\\/09\\\/Stand-D01.png\",\"width\":1080,\"height\":1080},{\"@type\":\"BreadcrumbList\",\"@id\":\"https:\\\/\\\/www.wcloc.com\\\/es\\\/wc-loc-en-expoconstruye-stand-d01#breadcrumb\",\"itemListElement\":[{\"@type\":\"ListItem\",\"position\":1,\"name\":\"Productos\\\/Novedades\",\"item\":\"https:\\\/\\\/www.wcloc.com\\\/es\\\/category\\\/productos-novedades\"},{\"@type\":\"ListItem\",\"position\":2,\"name\":\"WC Loc en EXPOCONSTRUYE- Stand D01\"}]},{\"@type\":\"WebSite\",\"@id\":\"https:\\\/\\\/www.wcloc.com\\\/es#website\",\"url\":\"https:\\\/\\\/www.wcloc.com\\\/es\",\"name\":\"WC Loc\",\"description\":\"Un site utilisant Les sites de platform.enygea.fr\",\"publisher\":{\"@id\":\"https:\\\/\\\/www.wcloc.com\\\/es#organization\"},\"potentialAction\":[{\"@type\":\"SearchAction\",\"target\":{\"@type\":\"EntryPoint\",\"urlTemplate\":\"https:\\\/\\\/www.wcloc.com\\\/es?s={search_term_string}\"},\"query-input\":{\"@type\":\"PropertyValueSpecification\",\"valueRequired\":true,\"valueName\":\"search_term_string\"}}],\"inLanguage\":\"es\"},{\"@type\":\"Organization\",\"@id\":\"https:\\\/\\\/www.wcloc.com\\\/es#organization\",\"name\":\"WC Loc\",\"url\":\"https:\\\/\\\/www.wcloc.com\\\/es\",\"logo\":{\"@type\":\"ImageObject\",\"inLanguage\":\"es\",\"@id\":\"https:\\\/\\\/www.wcloc.com\\\/es#\\\/schema\\\/logo\\\/image\\\/\",\"url\":\"https:\\\/\\\/www.wcloc.com\\\/wp-content\\\/uploads\\\/2023\\\/04\\\/logo.png\",\"contentUrl\":\"https:\\\/\\\/www.wcloc.com\\\/wp-content\\\/uploads\\\/2023\\\/04\\\/logo.png\",\"width\":291,\"height\":71,\"caption\":\"WC Loc\"},\"image\":{\"@id\":\"https:\\\/\\\/www.wcloc.com\\\/es#\\\/schema\\\/logo\\\/image\\\/\"}},{\"@type\":\"Person\",\"@id\":\"https:\\\/\\\/www.wcloc.com\\\/es#\\\/schema\\\/person\\\/48e865c52aeea8fa74328f525545292a\",\"name\":\"Alba Lara\",\"image\":{\"@type\":\"ImageObject\",\"inLanguage\":\"es\",\"@id\":\"https:\\\/\\\/secure.gravatar.com\\\/avatar\\\/1fa63d6e2ac7ee4726d560c10bd6aaa3a56b19960107df8373ef257bfe5791db?s=96&d=mm&r=g\",\"url\":\"https:\\\/\\\/secure.gravatar.com\\\/avatar\\\/1fa63d6e2ac7ee4726d560c10bd6aaa3a56b19960107df8373ef257bfe5791db?s=96&d=mm&r=g\",\"contentUrl\":\"https:\\\/\\\/secure.gravatar.com\\\/avatar\\\/1fa63d6e2ac7ee4726d560c10bd6aaa3a56b19960107df8373ef257bfe5791db?s=96&d=mm&r=g\",\"caption\":\"Alba Lara\"}}]}<\/script>\n<!-- \/ Yoast SEO plugin. -->","yoast_head_json":{"title":"WC Loc en EXPOCONSTRUYE- Stand D01 - WC Loc","description":"Este a\u00f1o estamos presentes en Expoconstruye, una feria de construcci\u00f3n reconocida a nivel nacional para ofrecer nuestras novedades.","robots":{"index":"index","follow":"follow","max-snippet":"max-snippet:-1","max-image-preview":"max-image-preview:large","max-video-preview":"max-video-preview:-1"},"canonical":"https:\/\/www.wcloc.com\/es\/wc-loc-en-expoconstruye-stand-d01","og_locale":"es_ES","og_type":"article","og_title":"WC Loc en EXPOCONSTRUYE- Stand D01 - WC Loc","og_description":"Este a\u00f1o estamos presentes en Expoconstruye, una feria de construcci\u00f3n reconocida a nivel nacional para ofrecer nuestras novedades.","og_url":"https:\/\/www.wcloc.com\/es\/wc-loc-en-expoconstruye-stand-d01","og_site_name":"WC Loc","article_published_time":"2025-09-23T06:18:03+00:00","article_modified_time":"2025-09-23T06:46:44+00:00","og_image":[{"width":1080,"height":1080,"url":"https:\/\/www.wcloc.com\/wp-content\/uploads\/2025\/09\/Stand-D01.png","type":"image\/png"}],"author":"Alba Lara","twitter_card":"summary_large_image","twitter_misc":{"Escrito por":"Alba Lara","Tiempo de lectura":"1 minuto"},"schema":{"@context":"https:\/\/schema.org","@graph":[{"@type":"NewsArticle","@id":"https:\/\/www.wcloc.com\/es\/wc-loc-en-expoconstruye-stand-d01#article","isPartOf":{"@id":"https:\/\/www.wcloc.com\/es\/wc-loc-en-expoconstruye-stand-d01"},"author":{"name":"Alba Lara","@id":"https:\/\/www.wcloc.com\/es#\/schema\/person\/48e865c52aeea8fa74328f525545292a"},"headline":"WC Loc en EXPOCONSTRUYE- Stand D01","datePublished":"2025-09-23T06:18:03+00:00","dateModified":"2025-09-23T06:46:44+00:00","mainEntityOfPage":{"@id":"https:\/\/www.wcloc.com\/es\/wc-loc-en-expoconstruye-stand-d01"},"wordCount":273,"commentCount":0,"publisher":{"@id":"https:\/\/www.wcloc.com\/es#organization"},"image":{"@id":"https:\/\/www.wcloc.com\/es\/wc-loc-en-expoconstruye-stand-d01#primaryimage"},"thumbnailUrl":"https:\/\/www.wcloc.com\/wp-content\/uploads\/2025\/09\/Stand-D01.png","articleSection":["Obra\/Industria","Productos\/Novedades"],"inLanguage":"es","potentialAction":[{"@type":"CommentAction","name":"Comment","target":["https:\/\/www.wcloc.com\/es\/wc-loc-en-expoconstruye-stand-d01#respond"]}]},{"@type":"WebPage","@id":"https:\/\/www.wcloc.com\/es\/wc-loc-en-expoconstruye-stand-d01","url":"https:\/\/www.wcloc.com\/es\/wc-loc-en-expoconstruye-stand-d01","name":"WC Loc en EXPOCONSTRUYE- Stand D01 - WC Loc","isPartOf":{"@id":"https:\/\/www.wcloc.com\/es#website"},"primaryImageOfPage":{"@id":"https:\/\/www.wcloc.com\/es\/wc-loc-en-expoconstruye-stand-d01#primaryimage"},"image":{"@id":"https:\/\/www.wcloc.com\/es\/wc-loc-en-expoconstruye-stand-d01#primaryimage"},"thumbnailUrl":"https:\/\/www.wcloc.com\/wp-content\/uploads\/2025\/09\/Stand-D01.png","datePublished":"2025-09-23T06:18:03+00:00","dateModified":"2025-09-23T06:46:44+00:00","description":"Este a\u00f1o estamos presentes en Expoconstruye, una feria de construcci\u00f3n reconocida a nivel nacional para ofrecer nuestras novedades.","breadcrumb":{"@id":"https:\/\/www.wcloc.com\/es\/wc-loc-en-expoconstruye-stand-d01#breadcrumb"},"inLanguage":"es","potentialAction":[{"@type":"ReadAction","target":["https:\/\/www.wcloc.com\/es\/wc-loc-en-expoconstruye-stand-d01"]}]},{"@type":"ImageObject","inLanguage":"es","@id":"https:\/\/www.wcloc.com\/es\/wc-loc-en-expoconstruye-stand-d01#primaryimage","url":"https:\/\/www.wcloc.com\/wp-content\/uploads\/2025\/09\/Stand-D01.png","contentUrl":"https:\/\/www.wcloc.com\/wp-content\/uploads\/2025\/09\/Stand-D01.png","width":1080,"height":1080},{"@type":"BreadcrumbList","@id":"https:\/\/www.wcloc.com\/es\/wc-loc-en-expoconstruye-stand-d01#breadcrumb","itemListElement":[{"@type":"ListItem","position":1,"name":"Productos\/Novedades","item":"https:\/\/www.wcloc.com\/es\/category\/productos-novedades"},{"@type":"ListItem","position":2,"name":"WC Loc en EXPOCONSTRUYE- Stand D01"}]},{"@type":"WebSite","@id":"https:\/\/www.wcloc.com\/es#website","url":"https:\/\/www.wcloc.com\/es","name":"WC Loc","description":"Un site utilisant Les sites de platform.enygea.fr","publisher":{"@id":"https:\/\/www.wcloc.com\/es#organization"},"potentialAction":[{"@type":"SearchAction","target":{"@type":"EntryPoint","urlTemplate":"https:\/\/www.wcloc.com\/es?s={search_term_string}"},"query-input":{"@type":"PropertyValueSpecification","valueRequired":true,"valueName":"search_term_string"}}],"inLanguage":"es"},{"@type":"Organization","@id":"https:\/\/www.wcloc.com\/es#organization","name":"WC Loc","url":"https:\/\/www.wcloc.com\/es","logo":{"@type":"ImageObject","inLanguage":"es","@id":"https:\/\/www.wcloc.com\/es#\/schema\/logo\/image\/","url":"https:\/\/www.wcloc.com\/wp-content\/uploads\/2023\/04\/logo.png","contentUrl":"https:\/\/www.wcloc.com\/wp-content\/uploads\/2023\/04\/logo.png","width":291,"height":71,"caption":"WC Loc"},"image":{"@id":"https:\/\/www.wcloc.com\/es#\/schema\/logo\/image\/"}},{"@type":"Person","@id":"https:\/\/www.wcloc.com\/es#\/schema\/person\/48e865c52aeea8fa74328f525545292a","name":"Alba Lara","image":{"@type":"ImageObject","inLanguage":"es","@id":"https:\/\/secure.gravatar.com\/avatar\/1fa63d6e2ac7ee4726d560c10bd6aaa3a56b19960107df8373ef257bfe5791db?s=96&d=mm&r=g","url":"https:\/\/secure.gravatar.com\/avatar\/1fa63d6e2ac7ee4726d560c10bd6aaa3a56b19960107df8373ef257bfe5791db?s=96&d=mm&r=g","contentUrl":"https:\/\/secure.gravatar.com\/avatar\/1fa63d6e2ac7ee4726d560c10bd6aaa3a56b19960107df8373ef257bfe5791db?s=96&d=mm&r=g","caption":"Alba Lara"}}]}},"_links":{"self":[{"href":"https:\/\/www.wcloc.com\/es\/wp-json\/wp\/v2\/posts\/136656","targetHints":{"allow":["GET"]}}],"collection":[{"href":"https:\/\/www.wcloc.com\/es\/wp-json\/wp\/v2\/posts"}],"about":[{"href":"https:\/\/www.wcloc.com\/es\/wp-json\/wp\/v2\/types\/post"}],"author":[{"embeddable":true,"href":"https:\/\/www.wcloc.com\/es\/wp-json\/wp\/v2\/users\/62"}],"replies":[{"embeddable":true,"href":"https:\/\/www.wcloc.com\/es\/wp-json\/wp\/v2\/comments?post=136656"}],"version-history":[{"count":4,"href":"https:\/\/www.wcloc.com\/es\/wp-json\/wp\/v2\/posts\/136656\/revisions"}],"predecessor-version":[{"id":136725,"href":"https:\/\/www.wcloc.com\/es\/wp-json\/wp\/v2\/posts\/136656\/revisions\/136725"}],"wp:featuredmedia":[{"embeddable":true,"href":"https:\/\/www.wcloc.com\/es\/wp-json\/wp\/v2\/media\/136677"}],"wp:attachment":[{"href":"https:\/\/www.wcloc.com\/es\/wp-json\/wp\/v2\/media?parent=136656"}],"wp:term":[{"taxonomy":"category","embeddable":true,"href":"https:\/\/www.wcloc.com\/es\/wp-json\/wp\/v2\/categories?post=136656"},{"taxonomy":"post_tag","embeddable":true,"href":"https:\/\/www.wcloc.com\/es\/wp-json\/wp\/v2\/tags?post=136656"}],"curies":[{"name":"wp","href":"https:\/\/api.w.org\/{rel}","templated":true}]}}